{"id":657520,"date":"2025-12-29T17:11:35","date_gmt":"2025-12-29T21:11:35","guid":{"rendered":"https:\/\/diariodominicano.com\/?p=657520"},"modified":"2025-12-29T17:42:51","modified_gmt":"2025-12-29T21:42:51","slug":"avenida-ecologica-una-via-fundamental-para-el-desarrollo-del-gran-santo-domingo","status":"publish","type":"post","link":"https:\/\/diariodominicano.com\/?p=657520","title":{"rendered":"Avenida Ecol\u00f3gica, una v\u00eda fundamental para el desarrollo del Gran Santo Domingo"},"content":{"rendered":"\n<p>diariodominicano.com<\/p>\n\n\n\n<p>Santo Domingo, R. D., 29 de diciembre, 2025.- La&nbsp;<strong>avenida Ecol\u00f3gica<\/strong>&nbsp;se consolida como una&nbsp;<strong>obra estrat\u00e9gica de alto impacto<\/strong>&nbsp;que transforma la&nbsp;<strong>conectividad vial del Gran Santo Domingo,<\/strong>&nbsp;impulsa el desarrollo urbano y eleva de manera significativa la calidad de vida de&nbsp;<strong>m\u00e1s de 850,000 ciudadanos<\/strong>, al facilitar un&nbsp;<strong>tr\u00e1nsito m\u00e1s \u00e1gil, seguro y eficiente<\/strong>&nbsp;entre importantes zonas residenciales, productivas y log\u00edsticas del pa\u00eds.<\/p>\n\n\n\n<p>El Gobierno culmin\u00f3 el pasado 19 de diciembre un proyecto de alto impacto econ\u00f3mico y social que consolida a la avenida Ecol\u00f3gica como&nbsp;<strong>uno de los principales corredores de movilidad<\/strong>&nbsp;del Gran Santo Domingo, al facilitar el&nbsp;<strong>desplazamiento de residentes y trabajadores<\/strong>, as\u00ed como el acceso al&nbsp;<strong>puerto de Caucedo,<\/strong>&nbsp;una de las zonas log\u00edsticas m\u00e1s importantes del pa\u00eds, adem\u00e1s de otros usuarios del sistema vial.&nbsp;<\/p>\n\n\n\n<p><strong>La fase final 3 recientemente inaugurada<\/strong>&nbsp;contempla una infraestructura moderna, dise\u00f1ada bajo criterios de sostenibilidad, seguridad vial y accesibilidad, alineada con&nbsp;<strong>los m\u00e1s altos est\u00e1ndares t\u00e9cnicos<\/strong>.<\/p>\n\n\n\n<p>El ministro de Obras P\u00fablicas y Comunicaciones,&nbsp;<strong>Eduardo Estrella<\/strong>, se\u00f1al\u00f3 que la culminaci\u00f3n de esta etapa reafirma el compromiso del Gobierno con una&nbsp;<strong>inversi\u00f3n p\u00fablica responsable<\/strong>, enfocada en&nbsp;<strong>soluciones reales<\/strong>&nbsp;y destac\u00f3 que la avenida Ecol\u00f3gica&nbsp;<strong>libera de estr\u00e9s vehicular a Santo Domingo Este<\/strong>, mejora la&nbsp;<strong>plusval\u00eda<\/strong>&nbsp;de la zona y la&nbsp;<strong>calidad de vida<\/strong>, ahorrando tiempo y dinero.<\/p>\n\n\n\n<p><em>\u00abEste empalme con la autopista Las Am\u00e9ricas nos asegura muchas cosas positivas: el tr\u00e1fico pesado de camiones desde el Puerto Multimodal ya no doblar\u00e1 en Las Am\u00e9ricas, sino que seguir\u00e1n derecho por la Ecol\u00f3gica, para luego tomar la autov\u00eda Juan Pablo II y luego la circunvalaci\u00f3n Santo Domingo\u201d,<\/em>&nbsp;explic\u00f3 Estrella.<\/p>\n\n\n\n<p>Se refiri\u00f3 tambi\u00e9n a los trabajos realizados en la&nbsp;<strong>marginal que conecta Las Am\u00e9ricas con la Ecol\u00f3gica<\/strong>, y al respecto dijo que quienes viajen de&nbsp;<strong>la<\/strong>&nbsp;<strong>regi\u00f3n Este<\/strong>&nbsp;para dirigirse&nbsp;<strong>al Cibao o al Sur&nbsp;<\/strong>ya no tendr\u00e1n que pasar por la ciudad capital.&nbsp;<\/p>\n\n\n\n<p>La avenida Ecol\u00f3gica forma parte de una&nbsp;<strong>visi\u00f3n integral de desarrollo urbano sostenible<\/strong>, orientada a reducir la congesti\u00f3n vehicular, mejorar los tiempos de traslado y generar nuevas oportunidades de&nbsp;<strong>crecimiento econ\u00f3mico<\/strong>&nbsp;en las comunidades impactadas.<\/p>\n\n\n\n<p>Con informaci\u00f3n de la Presidencia de la Rep\u00fablica.<\/p>\n\n\n\n<p><a href=\"https:\/\/presidencia.gob.do\/taxonomy\/term\/58\">DIPP<\/a><\/p>\n","protected":false},"excerpt":{"rendered":"<p>diariodominicano.com Santo Domingo, R. D., 29 de diciembre, 2025.- La&nbsp;avenida Ecol\u00f3gica&nbsp;se consolida como una&nbsp;obra estrat\u00e9gica de alto impacto&nbsp;que transforma la&nbsp;conectividad vial del Gran Santo Domingo,&nbsp;impulsa el desarrollo urbano y eleva de manera significativa la calidad de vida de&nbsp;m\u00e1s de 850,000 ciudadanos, al facilitar un&nbsp;tr\u00e1nsito m\u00e1s \u00e1gil, seguro y eficiente&nbsp;entre importantes zonas residenciales, productivas y log\u00edsticas [&hellip;]<\/p>\n","protected":false},"author":5,"featured_media":657521,"comment_status":"closed","ping_status":"closed","sticky":false,"template":"","format":"standard","meta":{"footnotes":""},"categories":[20,27],"tags":[],"class_list":["post-657520","post","type-post","status-publish","format-standard","has-post-thumbnail","hentry","category-dominicana-hoy","category-portada"],"_links":{"self":[{"href":"https:\/\/diariodominicano.com\/index.php?rest_route=\/wp\/v2\/posts\/657520","targetHints":{"allow":["GET"]}}],"collection":[{"href":"https:\/\/diariodominicano.com\/index.php?rest_route=\/wp\/v2\/posts"}],"about":[{"href":"https:\/\/diariodominicano.com\/index.php?rest_route=\/wp\/v2\/types\/post"}],"author":[{"embeddable":true,"href":"https:\/\/diariodominicano.com\/index.php?rest_route=\/wp\/v2\/users\/5"}],"replies":[{"embeddable":true,"href":"https:\/\/diariodominicano.com\/index.php?rest_route=%2Fwp%2Fv2%2Fcomments&post=657520"}],"version-history":[{"count":3,"href":"https:\/\/diariodominicano.com\/index.php?rest_route=\/wp\/v2\/posts\/657520\/revisions"}],"predecessor-version":[{"id":657533,"href":"https:\/\/diariodominicano.com\/index.php?rest_route=\/wp\/v2\/posts\/657520\/revisions\/657533"}],"wp:featuredmedia":[{"embeddable":true,"href":"https:\/\/diariodominicano.com\/index.php?rest_route=\/wp\/v2\/media\/657521"}],"wp:attachment":[{"href":"https:\/\/diariodominicano.com\/index.php?rest_route=%2Fwp%2Fv2%2Fmedia&parent=657520"}],"wp:term":[{"taxonomy":"category","embeddable":true,"href":"https:\/\/diariodominicano.com\/index.php?rest_route=%2Fwp%2Fv2%2Fcategories&post=657520"},{"taxonomy":"post_tag","embeddable":true,"href":"https:\/\/diariodominicano.com\/index.php?rest_route=%2Fwp%2Fv2%2Ftags&post=657520"}],"curies":[{"name":"wp","href":"https:\/\/api.w.org\/{rel}","templated":true}]}}