{"id":65752,"date":"2012-05-03T21:05:46","date_gmt":"2012-05-03T21:05:46","guid":{"rendered":"http:\/\/diariodominicano.ddns.net\/?p=65752"},"modified":"2012-05-03T21:05:46","modified_gmt":"2012-05-03T21:05:46","slug":"fernandez-asegura-que-en-rd-predomina-un-clima-de-absoluto-respeto-a-los-medios-de-comunicacion-y-a-los-periodistas","status":"publish","type":"post","link":"https:\/\/diariodominicano.com\/?p=65752","title":{"rendered":"&#13;Fern\u00e1ndez asegura que en RD predomina un clima de absoluto respeto a los medios de comunicaci\u00f3n y a los periodistas"},"content":{"rendered":"<p><body><\/p>\n<p><img decoding=\"async\" src=\"img3\/leonel.jpg\" \/>  <\/p>\n<p><span class=\"text1noticias\">Rep.Dom. 3 de Mayo 05:10 P.M.-Al celebrarse este jueves el D\u00eda Mundial de la Libertad de Prensa, el presidente Leonel Fern\u00e1ndez asegur\u00f3 que en la Rep\u00fablica Dominicana predomina un ambiente de respeto absoluto hacia los medios informativos y a los profesionales de la comunicaci\u00f3n.<\/span><\/p>\n<\/p>\n<p><span class=\"text1noticias\">La afirmaci\u00f3n del mandatario est\u00e1 contenida en un mensaje que dirigi\u00f3 a los medios de comunicaci\u00f3n y a los profesionales del \u00e1rea con motivo de la referida conmemoraci\u00f3n.<\/span><\/p>\n<\/p>\n<p><span class=\"text1noticias\">\u00abEl Estado y la poblaci\u00f3n de nuestro pa\u00eds se complacen con la conmemoraci\u00f3n del D\u00eda Mundial de la Libertad de Prensa, en vista de que predomina en la sociedad un ambiente de respeto absoluto hacia los medios de comunicaci\u00f3n y al trascendental trabajo de sus profesionales, hombres y mujeres valientes y talentosos, quienes gozan del aprecio de todos los sectores de la vida nacional\u00bb, indica el mandatario en su mensaje.<\/span><\/p>\n<\/p>\n<p><span class=\"text1noticias\">Fern\u00e1ndez destaca que la recordaci\u00f3n de esta fecha, establecida por la Organizaci\u00f3n de las Naciones Unidas (ONU), coincide con el 21 aniversario de la Declaraci\u00f3n Windhoek para la promoci\u00f3n de medios de comunicaci\u00f3n libres y pluralistas.<\/span><\/p>\n<\/p>\n<p><span class=\"text1noticias\">\u00abEn tal sentido, la Rep\u00fablica Dominicana se une con j\u00fabilo a la conmemoraci\u00f3n de la efem\u00e9ride, que nos motiva a resaltar la trascendencia que tiene para la humanidad que prevalezca un clima de respeto a la libertad de prensa, altamente valorada en nuestro territorio\u00bb, agrega el gobernante.<\/span><\/p>\n<\/p>\n<p><span class=\"text1noticias\">El Jefe del Estado considera que la celebraci\u00f3n brinda la oportunidad para que los pa\u00edses reflexionen sobre los principios fundamentales de la libertad de prensa, defiendan a los medios de comunicaci\u00f3n de los atentados contra la independencia y rindan homenaje a los periodistas ca\u00eddos en el cumplimiento de sus deberes.<\/span><\/p>\n<\/p>\n<p><span class=\"text1noticias\">El D\u00eda Mundial de la Libertad de Prensa fue establecido por la Asamblea General de la ONU en 1993, y desde entonces se celebra cada a\u00f1o el aniversario de la Declaraci\u00f3n de Windhoek.(HG)<\/span>.<\/p>\n<\/p>\n<p>Direcci\u00f3n de Informaci\u00f3n, Prensa y Publicidad de la <\/p>\n<h6> 2012-05-03 21:05:46 <\/h6>\n<p><!--\n<link rel=\"stylesheet\" href=\"css\/bootstrap.min.css\">\n\n\n<ul class=\"pagination\">\n\t    \n\t\n\n<li >\n\t<a href='?page_no=17429'>Previous<\/a>\n\t<\/li>\n\n\n       \n    \n\n<li><a href='?page_no=1'>1<\/a><\/li>\n\n\n\n<li><a href='?page_no=2'>2<\/a><\/li>\n\n\n\n<li><a>...<\/a><\/li>\n\n\n\n<li><a href='?page_no=17428'>17428<\/a><\/li>\n\n\n\n<li><a href='?page_no=17429'>17429<\/a><\/li>\n\n\n\n<li class='active'><a>17430<\/a><\/li>\n\n\n\n<li><a href='?page_no=17431'>17431<\/a><\/li>\n\n\n\n<li><a href='?page_no=17432'>17432<\/a><\/li>\n\n\n\n<li><a>...<\/a><\/li>\n\n\n\n<li><a href='?page_no=22911'>22911<\/a><\/li>\n\n\n\n<li><a href='?page_no=22912'>22912<\/a><\/li>\n\n    \n\t\n\n<li >\n\t<a href='?page_no=17431'>Next<\/a>\n\t<\/li>\n\n\n    \n\n<li><a href='?page_no=22912'>Last &rsaquo;&rsaquo;<\/a><\/li>\n\n<\/ul>\n\n\n--><br \/>\n<\/body><\/p>\n","protected":false},"excerpt":{"rendered":"<p>Rep.Dom. 3 de Mayo 05:10 P.M.-Al celebrarse este jueves el D\u00eda Mundial de la Libertad de Prensa, el presidente Leonel Fern\u00e1ndez asegur\u00f3 que en la Rep\u00fablica Dominicana predomina un ambiente de respeto absoluto hacia los medios informativos y a los profesionales de la comunicaci\u00f3n. La afirmaci\u00f3n del mandatario est\u00e1 contenida en un mensaje que dirigi\u00f3 [&hellip;]<\/p>\n","protected":false},"author":3,"featured_media":0,"comment_status":"open","ping_status":"open","sticky":false,"template":"","format":"standard","meta":{"footnotes":""},"categories":[21],"tags":[],"class_list":["post-65752","post","type-post","status-publish","format-standard","hentry","category-cultura"],"_links":{"self":[{"href":"https:\/\/diariodominicano.com\/index.php?rest_route=\/wp\/v2\/posts\/65752","targetHints":{"allow":["GET"]}}],"collection":[{"href":"https:\/\/diariodominicano.com\/index.php?rest_route=\/wp\/v2\/posts"}],"about":[{"href":"https:\/\/diariodominicano.com\/index.php?rest_route=\/wp\/v2\/types\/post"}],"author":[{"embeddable":true,"href":"https:\/\/diariodominicano.com\/index.php?rest_route=\/wp\/v2\/users\/3"}],"replies":[{"embeddable":true,"href":"https:\/\/diariodominicano.com\/index.php?rest_route=%2Fwp%2Fv2%2Fcomments&post=65752"}],"version-history":[{"count":0,"href":"https:\/\/diariodominicano.com\/index.php?rest_route=\/wp\/v2\/posts\/65752\/revisions"}],"wp:attachment":[{"href":"https:\/\/diariodominicano.com\/index.php?rest_route=%2Fwp%2Fv2%2Fmedia&parent=65752"}],"wp:term":[{"taxonomy":"category","embeddable":true,"href":"https:\/\/diariodominicano.com\/index.php?rest_route=%2Fwp%2Fv2%2Fcategories&post=65752"},{"taxonomy":"post_tag","embeddable":true,"href":"https:\/\/diariodominicano.com\/index.php?rest_route=%2Fwp%2Fv2%2Ftags&post=65752"}],"curies":[{"name":"wp","href":"https:\/\/api.w.org\/{rel}","templated":true}]}}