{"id":65751,"date":"2012-05-03T21:51:43","date_gmt":"2012-05-03T21:51:43","guid":{"rendered":"http:\/\/diariodominicano.ddns.net\/?p=65751"},"modified":"2012-05-03T21:51:43","modified_gmt":"2012-05-03T21:51:43","slug":"uasd-inviste-124-tecnicos-en-idiomas","status":"publish","type":"post","link":"https:\/\/diariodominicano.com\/?p=65751","title":{"rendered":"UASD inviste 124 T\u00e9cnicos en Idiomas&#13;"},"content":{"rendered":"<p><body><\/p>\n<p><img decoding=\"async\" src=\"http:\/\/localhost:8080\/img3\/graduados.JPG\" \/>  <\/p>\n<p><span class=\"text1noticias\">Rep.Dom. 3 de Mayo 05:55 P.M.-La Universidad Aut\u00f3noma de Santo Domingo invisti\u00f3 a ciento veinticuatro T\u00e9cnicos en Idiomas, de los cuales ocho obtuvieron notas sobresalientes, gracias  a un programa extracurricular que ejecuta la Escuela de Idiomas de la Facultad de Humanidades.<\/span><\/p>\n<\/p>\n<p><span class=\"text1noticias\">El decano de la referida unidad acad\u00e9mica, maestro Rafael Morla, al hablar en la ceremonia destac\u00f3 que  los graduandos contribuyen a fortalecer la parte social de nuestro pa\u00eds que en los \u00faltimos a\u00f1os ha estado \u00abmuy contaminada\u00bb.<\/span><\/p>\n<\/p>\n<p><span class=\"text1noticias\">Exhort\u00f3 a los j\u00f3venes a que sigan trillando ese camino del saber porque es la \u00fanica forma de hacer patria en el presente y el futuro.<\/span><\/p>\n<\/p>\n<p><span class=\"text1noticias\">De su lado, el director de la Escuela de Idiomas, maestro Ram\u00f3n Rodr\u00edguez,  felicit\u00f3 a los graduandos, se\u00f1alando que hoy se hace necesario que nuestros j\u00f3venes escojan la v\u00eda de la preparaci\u00f3n para que se mantengan alejados de los vicios.<\/span><\/p>\n<p><span class=\"text1noticias\">En representaci\u00f3n de los estudiantes hablaron, en Ingl\u00e9s y Franc\u00e9s, Alcib\u00edades Hern\u00e1ndez F\u00e9lix; en Creole, Analdo Cuello Betances; en Espa\u00f1ol, Luis Pierrot Cassignos; en Portugu\u00e9s, Andr\u00e9s NG; y en Chino Mandar\u00edn, Katherine Batista, los cuales agradecieron a la UASD y a los profesores por contribuir en su formaci\u00f3n y a su desarrollo personal para el bien de ellos y la sociedad.<\/span><\/p>\n<\/p>\n<p><span class=\"text1noticias\">Cuarenta y siete de los graduandos realizaron estudios en Ingl\u00e9s, dentro de los cuales hay cuatro ni\u00f1os del \u00e1rea infantil; en Franc\u00e9s, diecisiete; Creol, siete; Portugu\u00e9s y Chino Mandar\u00edn, uno cada uno; Italiano, seis, y Espa\u00f1ol para extranjeros, treinta.<\/span><\/p>\n<\/p>\n<p><span class=\"text1noticias\">Del total obtuvieron notas sobresalientes en Ingl\u00e9s, Daryan  Antonio Batista Garc\u00eda, con una puntuaci\u00f3n de 95;  Elioneysis Ruiz, con 96; J\u00e9ssica Scarlet Garc\u00eda Mendrano, con 95; en Italiano, Cristina Rojas con 96; en Creole, Jennifer Francis de los Santos, con 98, y Amado Sena, con 98 tambi\u00e9n; Chino Mandar\u00edn, Datherine Mart\u00ednez Acosta, con 96, y Vianna Mariel Reyes Dur\u00e1n, con 95 puntos.<\/span><\/p>\n<\/p>\n<p><span class=\"text1noticias\">Los graduandos con notas sobresalientes recibieron \u00f3rdenes de compra en el Economato de la UASD.<\/span><\/p>\n<\/p>\n<p><span class=\"text1noticias\">El acto, que se llev\u00f3 a cabo en el Auditorio Manuel del Cabral de la Biblioteca Pedro Mir, estuvo adem\u00e1s, el maestro Ren\u00e9 Olivares Lajara, coordinador del Programa Extracurricular de la Escuela de Idiomas de la UASD.(HG)<\/span>.<\/p>\n<h6> 2012-05-03 21:51:43 <\/h6>\n<p><!--\n<link rel=\"stylesheet\" href=\"css\/bootstrap.min.css\">\n\n\n<ul class=\"pagination\">\n\t    \n\t\n\n<li >\n\t<a href='?page_no=17428'>Previous<\/a>\n\t<\/li>\n\n\n       \n    \n\n<li><a href='?page_no=1'>1<\/a><\/li>\n\n\n\n<li><a href='?page_no=2'>2<\/a><\/li>\n\n\n\n<li><a>...<\/a><\/li>\n\n\n\n<li><a href='?page_no=17427'>17427<\/a><\/li>\n\n\n\n<li><a href='?page_no=17428'>17428<\/a><\/li>\n\n\n\n<li class='active'><a>17429<\/a><\/li>\n\n\n\n<li><a href='?page_no=17430'>17430<\/a><\/li>\n\n\n\n<li><a href='?page_no=17431'>17431<\/a><\/li>\n\n\n\n<li><a>...<\/a><\/li>\n\n\n\n<li><a href='?page_no=22911'>22911<\/a><\/li>\n\n\n\n<li><a href='?page_no=22912'>22912<\/a><\/li>\n\n    \n\t\n\n<li >\n\t<a href='?page_no=17430'>Next<\/a>\n\t<\/li>\n\n\n    \n\n<li><a href='?page_no=22912'>Last &rsaquo;&rsaquo;<\/a><\/li>\n\n<\/ul>\n\n\n--><br \/>\n<\/body><\/p>\n","protected":false},"excerpt":{"rendered":"<p>Rep.Dom. 3 de Mayo 05:55 P.M.-La Universidad Aut\u00f3noma de Santo Domingo invisti\u00f3 a ciento veinticuatro T\u00e9cnicos en Idiomas, de los cuales ocho obtuvieron notas sobresalientes, gracias a un programa extracurricular que ejecuta la Escuela de Idiomas de la Facultad de Humanidades. El decano de la referida unidad acad\u00e9mica, maestro Rafael Morla, al hablar en la [&hellip;]<\/p>\n","protected":false},"author":3,"featured_media":0,"comment_status":"open","ping_status":"open","sticky":false,"template":"","format":"standard","meta":{"footnotes":""},"categories":[21],"tags":[],"class_list":["post-65751","post","type-post","status-publish","format-standard","hentry","category-cultura"],"_links":{"self":[{"href":"https:\/\/diariodominicano.com\/index.php?rest_route=\/wp\/v2\/posts\/65751","targetHints":{"allow":["GET"]}}],"collection":[{"href":"https:\/\/diariodominicano.com\/index.php?rest_route=\/wp\/v2\/posts"}],"about":[{"href":"https:\/\/diariodominicano.com\/index.php?rest_route=\/wp\/v2\/types\/post"}],"author":[{"embeddable":true,"href":"https:\/\/diariodominicano.com\/index.php?rest_route=\/wp\/v2\/users\/3"}],"replies":[{"embeddable":true,"href":"https:\/\/diariodominicano.com\/index.php?rest_route=%2Fwp%2Fv2%2Fcomments&post=65751"}],"version-history":[{"count":0,"href":"https:\/\/diariodominicano.com\/index.php?rest_route=\/wp\/v2\/posts\/65751\/revisions"}],"wp:attachment":[{"href":"https:\/\/diariodominicano.com\/index.php?rest_route=%2Fwp%2Fv2%2Fmedia&parent=65751"}],"wp:term":[{"taxonomy":"category","embeddable":true,"href":"https:\/\/diariodominicano.com\/index.php?rest_route=%2Fwp%2Fv2%2Fcategories&post=65751"},{"taxonomy":"post_tag","embeddable":true,"href":"https:\/\/diariodominicano.com\/index.php?rest_route=%2Fwp%2Fv2%2Ftags&post=65751"}],"curies":[{"name":"wp","href":"https:\/\/api.w.org\/{rel}","templated":true}]}}