{"id":65749,"date":"2012-05-04T15:50:19","date_gmt":"2012-05-04T15:50:19","guid":{"rendered":"http:\/\/diariodominicano.ddns.net\/?p=65749"},"modified":"2012-05-04T15:50:19","modified_gmt":"2012-05-04T15:50:19","slug":"jovenes-escritores-exponen-en-stand-de-la-loteria-de-la-feria-internacional-del-libro-2012-2","status":"publish","type":"post","link":"https:\/\/diariodominicano.com\/?p=65749","title":{"rendered":"J\u00f3venes escritores exponen en stand de la Loter\u00eda de la Feria Internacional del Libro 2012"},"content":{"rendered":"<p><body><\/p>\n<p><img decoding=\"async\" src=\"img3\/JOVENES ESCRITORES.JPG\" \/>  <\/p>\n<\/p>\n<p>Santo Domingo, RD,  4 mayo, 11:38 am.- La Loter\u00eda Nacional dej\u00f3 abierta en su stand de la XV Feria Internacional del Libro Santo Domingo 2012, la exposici\u00f3n \u00abJ\u00f3venes Escritores\u00bb  con la participaci\u00f3n de las obras finalistas  del concurso literario que organizara el Liceo Diurno V\u00edctor Garrido Puello  con la finalidad de incentivar la lectura, la escritura y rescatar los valores.<\/p>\n<\/p>\n<p>Las obras de estos j\u00f3venes est\u00e1n basadas en temas como el amor y el odio, las diferencias de clases, los problemas sociales que afectan a la juventud  y los  adolescentes, el  \u00e9xito, la amistad o sencillamente son un motivo para expresar sus sentimientos, su visi\u00f3n de la vida o el  modo de enfrentar la realidad social en que viven.<\/p>\n<\/p>\n<p>Durante la exposici\u00f3n los 10 finalistas explicaron la emoci\u00f3n sentida durante el proceso creativo que dio como resultado la edici\u00f3n \u00fanica de un libro listo para editar.  <\/p>\n<\/p>\n<p>La actividad fue organizada  por la Direcci\u00f3n de Relaciones P\u00fablicas y el Departamento de Cultura de la Loter\u00eda con la colaboraci\u00f3n  de la directora del plantel educativo, Ifigenia Comas y de la  profesora Jennifer Ledesma.<\/p>\n<\/p>\n<h6> 2012-05-04 15:50:19 <\/h6>\n<p><!--\n<link rel=\"stylesheet\" href=\"css\/bootstrap.min.css\">\n\n\n<ul class=\"pagination\">\n\t    \n\t\n\n<li >\n\t<a href='?page_no=17426'>Previous<\/a>\n\t<\/li>\n\n\n       \n    \n\n<li><a href='?page_no=1'>1<\/a><\/li>\n\n\n\n<li><a href='?page_no=2'>2<\/a><\/li>\n\n\n\n<li><a>...<\/a><\/li>\n\n\n\n<li><a href='?page_no=17425'>17425<\/a><\/li>\n\n\n\n<li><a href='?page_no=17426'>17426<\/a><\/li>\n\n\n\n<li class='active'><a>17427<\/a><\/li>\n\n\n\n<li><a href='?page_no=17428'>17428<\/a><\/li>\n\n\n\n<li><a href='?page_no=17429'>17429<\/a><\/li>\n\n\n\n<li><a>...<\/a><\/li>\n\n\n\n<li><a href='?page_no=22911'>22911<\/a><\/li>\n\n\n\n<li><a href='?page_no=22912'>22912<\/a><\/li>\n\n    \n\t\n\n<li >\n\t<a href='?page_no=17428'>Next<\/a>\n\t<\/li>\n\n\n    \n\n<li><a href='?page_no=22912'>Last &rsaquo;&rsaquo;<\/a><\/li>\n\n<\/ul>\n\n\n--><br \/>\n<\/body><\/p>\n","protected":false},"excerpt":{"rendered":"<p>Santo Domingo, RD, 4 mayo, 11:38 am.- La Loter\u00eda Nacional dej\u00f3 abierta en su stand de la XV Feria Internacional del Libro Santo Domingo 2012, la exposici\u00f3n \u00abJ\u00f3venes Escritores\u00bb con la participaci\u00f3n de las obras finalistas del concurso literario que organizara el Liceo Diurno V\u00edctor Garrido Puello con la finalidad de incentivar la lectura, la [&hellip;]<\/p>\n","protected":false},"author":3,"featured_media":0,"comment_status":"open","ping_status":"open","sticky":false,"template":"","format":"standard","meta":{"footnotes":""},"categories":[21],"tags":[],"class_list":["post-65749","post","type-post","status-publish","format-standard","hentry","category-cultura"],"_links":{"self":[{"href":"https:\/\/diariodominicano.com\/index.php?rest_route=\/wp\/v2\/posts\/65749","targetHints":{"allow":["GET"]}}],"collection":[{"href":"https:\/\/diariodominicano.com\/index.php?rest_route=\/wp\/v2\/posts"}],"about":[{"href":"https:\/\/diariodominicano.com\/index.php?rest_route=\/wp\/v2\/types\/post"}],"author":[{"embeddable":true,"href":"https:\/\/diariodominicano.com\/index.php?rest_route=\/wp\/v2\/users\/3"}],"replies":[{"embeddable":true,"href":"https:\/\/diariodominicano.com\/index.php?rest_route=%2Fwp%2Fv2%2Fcomments&post=65749"}],"version-history":[{"count":0,"href":"https:\/\/diariodominicano.com\/index.php?rest_route=\/wp\/v2\/posts\/65749\/revisions"}],"wp:attachment":[{"href":"https:\/\/diariodominicano.com\/index.php?rest_route=%2Fwp%2Fv2%2Fmedia&parent=65749"}],"wp:term":[{"taxonomy":"category","embeddable":true,"href":"https:\/\/diariodominicano.com\/index.php?rest_route=%2Fwp%2Fv2%2Fcategories&post=65749"},{"taxonomy":"post_tag","embeddable":true,"href":"https:\/\/diariodominicano.com\/index.php?rest_route=%2Fwp%2Fv2%2Ftags&post=65749"}],"curies":[{"name":"wp","href":"https:\/\/api.w.org\/{rel}","templated":true}]}}