{"id":65748,"date":"2012-05-04T18:39:16","date_gmt":"2012-05-04T18:39:16","guid":{"rendered":"http:\/\/diariodominicano.ddns.net\/?p=65748"},"modified":"2012-05-04T18:39:16","modified_gmt":"2012-05-04T18:39:16","slug":"mayra-montero-deslumbra-al-publico-con-la-sensualidad-del-procer","status":"publish","type":"post","link":"https:\/\/diariodominicano.com\/?p=65748","title":{"rendered":"&#13;Mayra Montero deslumbra al p\u00fablico con \u00abla sensualidad del pr\u00f3cer\u00bb"},"content":{"rendered":"<p><body><\/p>\n<p><img decoding=\"async\" src=\"img3\/feria 15 aniversario.JPG\" \/>  <\/p>\n<p><span class=\"text1noticias\">02:40 PM SANTO DOMINGO, RD, 04 Mayo 2012.-Con la conferencia \u00abla sensualidad del pr\u00f3cer: un \u00abt\u00edguere\u00bb en la corte de Catalina La Grande\u00bb a cargo de la escritora cubano-puertorrique\u00f1a Mayra Montero, continu\u00f3 el Ciclo de Conferencias Magistrales, a sala llena.<\/span><\/p>\n<\/p>\n<p><span class=\"text1noticias\">La ponencia, una exploraci\u00f3n por las andanzas er\u00f3ticas de Francisco de Miranda, uno de los pr\u00f3ceres de la Independencia Americana, considerado  \u00abel primer venezolano universal\u00bb, se realiz\u00f3 en la Sala A\u00edda Bonnelly de D\u00edaz, del Teatro Nacional Eduardo Brito.<\/span><\/p>\n<p><span class=\"text1noticias\"> <\/span><\/p>\n<p><span class=\"text1noticias\">La escritora fue presentada por Pedro Antonio Valdez, Director Ejecutivo de la Feria del Libro, y estuvo acompa\u00f1ada en la mesa principal de Mateo Morrison, Viceministro de Cultura. <\/span><\/p>\n<\/p>\n<p><span class=\"text1noticias\">Montero inici\u00f3 expresando que el origen de su inter\u00e9s por la figura de Miranda, el cual es centro de su obra \u00abEl Caballero de la Flauta\u00bb,  fue a ra\u00edz de un escrito del ruso J.G. Lavrestkiel, el cual es autor de una biograf\u00eda del personaje. A partir de esa lectura naci\u00f3 su \u00abobsesi\u00f3n\u00bb por conocer m\u00e1s sobre este destacado hombre de la historia de la emancipaci\u00f3n de Am\u00e9rica,  sentimiento que le llev\u00f3 a indagar sobre sus viajes y amantes, descubriendo que el personaje era a\u00fan m\u00e1s interesante de lo que pod\u00eda sospechar en el principio.  <\/span><\/p>\n<\/p>\n<p><span class=\"text1noticias\">Para la producci\u00f3n de \u00abel caballero de la flauta\u00bb la destacada escritora ley\u00f3 su diario de viaje, as\u00ed como hizo una exhaustiva investigaci\u00f3n en todos los escritos donde se hac\u00eda referencia a Miranda, realizado por otros autores hasta la fecha.<\/span><\/p>\n<\/p>\n<p><span class=\"text1noticias\">Mayra Montero dijo que \u00abFrancisco de Miranda era extremadamente minucioso cuando detallaba en su diario el equipaje con el cual viajaba de un lugar a otro, lo que le causaba mucha gracia como el contaba todo tambi\u00e9n encontr\u00f3 muchas descripciones sobre los encuentros \u00edntimos que sosten\u00eda con diferentes mujeres\u00bb.<\/span><\/p>\n<\/p>\n<p><span class=\"text1noticias\">Adem\u00e1s dijo que lo que m\u00e1s le asombraba era la actualidad y la vigencia de su discurso, en todos los aspectos, en la manera de formular una idea, de maquinar alg\u00fan tipo de encuentro en la manera de de convencer o persuadir a alguien para lo que fuera, \u00abera un genio de la persuasi\u00f3n\u00bb, afirm\u00f3.<\/span><\/p>\n<\/p>\n<p><span class=\"text1noticias\">El ciclo de Conferencias Magistrales de la Feria Internacional del Libro continua hoy con la ponencia \u00abPoes\u00eda Latinoamericana de ahora; entradas\u00bb de Eduardo Mil\u00e1n, de Uruguay. <\/span><\/p>\n<\/p>\n<p><strong><em><u><span class=\"text1noticias\">CG.<\/span><\/u><\/em><\/strong><\/p>\n<\/p>\n<h6> 2012-05-04 18:39:16 <\/h6>\n<p><!--\n<link rel=\"stylesheet\" href=\"css\/bootstrap.min.css\">\n\n\n<ul class=\"pagination\">\n\t    \n\t\n\n<li >\n\t<a href='?page_no=17425'>Previous<\/a>\n\t<\/li>\n\n\n       \n    \n\n<li><a href='?page_no=1'>1<\/a><\/li>\n\n\n\n<li><a href='?page_no=2'>2<\/a><\/li>\n\n\n\n<li><a>...<\/a><\/li>\n\n\n\n<li><a href='?page_no=17424'>17424<\/a><\/li>\n\n\n\n<li><a href='?page_no=17425'>17425<\/a><\/li>\n\n\n\n<li class='active'><a>17426<\/a><\/li>\n\n\n\n<li><a href='?page_no=17427'>17427<\/a><\/li>\n\n\n\n<li><a href='?page_no=17428'>17428<\/a><\/li>\n\n\n\n<li><a>...<\/a><\/li>\n\n\n\n<li><a href='?page_no=22911'>22911<\/a><\/li>\n\n\n\n<li><a href='?page_no=22912'>22912<\/a><\/li>\n\n    \n\t\n\n<li >\n\t<a href='?page_no=17427'>Next<\/a>\n\t<\/li>\n\n\n    \n\n<li><a href='?page_no=22912'>Last &rsaquo;&rsaquo;<\/a><\/li>\n\n<\/ul>\n\n\n--><br \/>\n<\/body><\/p>\n","protected":false},"excerpt":{"rendered":"<p>02:40 PM SANTO DOMINGO, RD, 04 Mayo 2012.-Con la conferencia \u00abla sensualidad del pr\u00f3cer: un \u00abt\u00edguere\u00bb en la corte de Catalina La Grande\u00bb a cargo de la escritora cubano-puertorrique\u00f1a Mayra Montero, continu\u00f3 el Ciclo de Conferencias Magistrales, a sala llena. La ponencia, una exploraci\u00f3n por las andanzas er\u00f3ticas de Francisco de Miranda, uno de los [&hellip;]<\/p>\n","protected":false},"author":3,"featured_media":0,"comment_status":"open","ping_status":"open","sticky":false,"template":"","format":"standard","meta":{"footnotes":""},"categories":[21],"tags":[],"class_list":["post-65748","post","type-post","status-publish","format-standard","hentry","category-cultura"],"_links":{"self":[{"href":"https:\/\/diariodominicano.com\/index.php?rest_route=\/wp\/v2\/posts\/65748","targetHints":{"allow":["GET"]}}],"collection":[{"href":"https:\/\/diariodominicano.com\/index.php?rest_route=\/wp\/v2\/posts"}],"about":[{"href":"https:\/\/diariodominicano.com\/index.php?rest_route=\/wp\/v2\/types\/post"}],"author":[{"embeddable":true,"href":"https:\/\/diariodominicano.com\/index.php?rest_route=\/wp\/v2\/users\/3"}],"replies":[{"embeddable":true,"href":"https:\/\/diariodominicano.com\/index.php?rest_route=%2Fwp%2Fv2%2Fcomments&post=65748"}],"version-history":[{"count":0,"href":"https:\/\/diariodominicano.com\/index.php?rest_route=\/wp\/v2\/posts\/65748\/revisions"}],"wp:attachment":[{"href":"https:\/\/diariodominicano.com\/index.php?rest_route=%2Fwp%2Fv2%2Fmedia&parent=65748"}],"wp:term":[{"taxonomy":"category","embeddable":true,"href":"https:\/\/diariodominicano.com\/index.php?rest_route=%2Fwp%2Fv2%2Fcategories&post=65748"},{"taxonomy":"post_tag","embeddable":true,"href":"https:\/\/diariodominicano.com\/index.php?rest_route=%2Fwp%2Fv2%2Ftags&post=65748"}],"curies":[{"name":"wp","href":"https:\/\/api.w.org\/{rel}","templated":true}]}}