{"id":65747,"date":"2012-05-04T19:08:08","date_gmt":"2012-05-04T19:08:08","guid":{"rendered":"http:\/\/diariodominicano.ddns.net\/?p=65747"},"modified":"2012-05-04T19:08:08","modified_gmt":"2012-05-04T19:08:08","slug":"fundacion-edanco-y-ministerio-de-cultura-presentaran-documental-pina-3d","status":"publish","type":"post","link":"https:\/\/diariodominicano.com\/?p=65747","title":{"rendered":"&#13;Fundaci\u00f3n EDANCO y Ministerio de Cultura presentar\u00e1n documental \u00abPina 3D\u00bb"},"content":{"rendered":"<p><body><\/p>\n<p><img decoding=\"async\" src=\"img3\/pina-photo-1 copy.jpg\" \/><br \/><img decoding=\"async\" src=\"img3\/pina-bausch-via-jazzradio.jpg\" \/><br \/><img decoding=\"async\" src=\"img3\/Pina_Green_Dress 1.jpg\" \/>  <\/p>\n<p><span class=\"text1noticias\">03:10 PM SANTO DOMINGO, RD, 04 Mayo 2012.-El VIII Festival Internacional de Danza Contempor\u00e1nea EDANCO, con el apoyo del Viceministerio de Asuntos Cinematogr\u00e1ficos del Ministerio de Cultura presentar\u00e1n en el pa\u00eds la proyecci\u00f3n de la pel\u00edcula Pina 3D, el pr\u00f3ximo martes 29 de mayo, a las 9 de la noche, en Caribbean Cinemas Acropolis a las 9:00 p.m. <\/span><\/p>\n<\/p>\n<p><span class=\"text1noticias\">En el documental musical, de 100 minutos de duraci\u00f3n, el aclamado director alem\u00e1n Wim Weders hace un homenaje a su compatriota Pina Bausch. <\/span><\/p>\n<\/p>\n<p><span class=\"text1noticias\">Utilizando la tecnolog\u00eda 3D, m\u00e1s que un documental sobre la vida de la bailarina y core\u00f3grafa, el film es un recorrido por su genial obra y una investigaci\u00f3n en los lazos que estrech\u00f3 con los bailarines de su compa\u00f1\u00eda, as\u00ed como el efecto que tuvo Pina en sus carreras, performances y estilos. <\/span><\/p>\n<\/p>\n<p><span class=\"text1noticias\">A trav\u00e9s de un viaje sensual, visualmente muy impactante, Wenders acerca al espectador sus coreograf\u00edas m\u00e1s conocidas. <\/span><\/p>\n<\/p>\n<p><span class=\"text1noticias\">Escrito, dirigido y producido por Wim Wenders, este filme experimental revolucionar\u00e1 la relaci\u00f3n entre el cine y la danza, no s\u00f3lo por estar grabado en 3D, sino por la originalidad de su planteamiento. Rodado \u00edntegramente en escenarios urbanos y naturales de Wuppertal, ciudad alemana en la que Pina residi\u00f3 durante 35 a\u00f1os y hogar de la Tanztheater Wuppertal Pina Bausch. <\/span><\/p>\n<\/p>\n<p><span class=\"text1noticias\">Se realizar\u00e1 una \u00fanica funci\u00f3n premier el 29 de mayo de 2012, en Caribbean Cinemas Acropolis a las 9:00 p.m. a un costo de RD$500 pre-venta y RD$RD600 costo regular, las boletas ya est\u00e1n a la venta en boleter\u00eda de Caribbean Cinemas Acropolis.<\/span><\/p>\n<\/p>\n<p><span class=\"text1noticias\">Una actividad en el marco del 8vo. Festival Internacional de Danza Contempor\u00e1nea EDANCO. Para reservaci\u00f3n y venta: (809) 729-0309. (809) 843-2553.<\/span><\/p>\n<p><span class=\"text1noticias\"> <\/span><\/p>\n<p><span class=\"text1noticias\"><strong><em><u>CG.<\/u><\/em><\/strong><\/span><\/p>\n<\/p>\n<\/p>\n<h6> 2012-05-04 19:08:08 <\/h6>\n<p><!--\n<link rel=\"stylesheet\" href=\"css\/bootstrap.min.css\">\n\n\n<ul class=\"pagination\">\n\t    \n\t\n\n<li >\n\t<a href='?page_no=17424'>Previous<\/a>\n\t<\/li>\n\n\n       \n    \n\n<li><a href='?page_no=1'>1<\/a><\/li>\n\n\n\n<li><a href='?page_no=2'>2<\/a><\/li>\n\n\n\n<li><a>...<\/a><\/li>\n\n\n\n<li><a href='?page_no=17423'>17423<\/a><\/li>\n\n\n\n<li><a href='?page_no=17424'>17424<\/a><\/li>\n\n\n\n<li class='active'><a>17425<\/a><\/li>\n\n\n\n<li><a href='?page_no=17426'>17426<\/a><\/li>\n\n\n\n<li><a href='?page_no=17427'>17427<\/a><\/li>\n\n\n\n<li><a>...<\/a><\/li>\n\n\n\n<li><a href='?page_no=22911'>22911<\/a><\/li>\n\n\n\n<li><a href='?page_no=22912'>22912<\/a><\/li>\n\n    \n\t\n\n<li >\n\t<a href='?page_no=17426'>Next<\/a>\n\t<\/li>\n\n\n    \n\n<li><a href='?page_no=22912'>Last &rsaquo;&rsaquo;<\/a><\/li>\n\n<\/ul>\n\n\n--><br \/>\n<\/body><\/p>\n","protected":false},"excerpt":{"rendered":"<p>03:10 PM SANTO DOMINGO, RD, 04 Mayo 2012.-El VIII Festival Internacional de Danza Contempor\u00e1nea EDANCO, con el apoyo del Viceministerio de Asuntos Cinematogr\u00e1ficos del Ministerio de Cultura presentar\u00e1n en el pa\u00eds la proyecci\u00f3n de la pel\u00edcula Pina 3D, el pr\u00f3ximo martes 29 de mayo, a las 9 de la noche, en Caribbean Cinemas Acropolis a [&hellip;]<\/p>\n","protected":false},"author":3,"featured_media":0,"comment_status":"open","ping_status":"open","sticky":false,"template":"","format":"standard","meta":{"footnotes":""},"categories":[21],"tags":[],"class_list":["post-65747","post","type-post","status-publish","format-standard","hentry","category-cultura"],"_links":{"self":[{"href":"https:\/\/diariodominicano.com\/index.php?rest_route=\/wp\/v2\/posts\/65747","targetHints":{"allow":["GET"]}}],"collection":[{"href":"https:\/\/diariodominicano.com\/index.php?rest_route=\/wp\/v2\/posts"}],"about":[{"href":"https:\/\/diariodominicano.com\/index.php?rest_route=\/wp\/v2\/types\/post"}],"author":[{"embeddable":true,"href":"https:\/\/diariodominicano.com\/index.php?rest_route=\/wp\/v2\/users\/3"}],"replies":[{"embeddable":true,"href":"https:\/\/diariodominicano.com\/index.php?rest_route=%2Fwp%2Fv2%2Fcomments&post=65747"}],"version-history":[{"count":0,"href":"https:\/\/diariodominicano.com\/index.php?rest_route=\/wp\/v2\/posts\/65747\/revisions"}],"wp:attachment":[{"href":"https:\/\/diariodominicano.com\/index.php?rest_route=%2Fwp%2Fv2%2Fmedia&parent=65747"}],"wp:term":[{"taxonomy":"category","embeddable":true,"href":"https:\/\/diariodominicano.com\/index.php?rest_route=%2Fwp%2Fv2%2Fcategories&post=65747"},{"taxonomy":"post_tag","embeddable":true,"href":"https:\/\/diariodominicano.com\/index.php?rest_route=%2Fwp%2Fv2%2Ftags&post=65747"}],"curies":[{"name":"wp","href":"https:\/\/api.w.org\/{rel}","templated":true}]}}