{"id":65746,"date":"2012-05-04T20:00:11","date_gmt":"2012-05-04T20:00:11","guid":{"rendered":"http:\/\/diariodominicano.ddns.net\/?p=65746"},"modified":"2012-05-04T20:00:11","modified_gmt":"2012-05-04T20:00:11","slug":"holguin-veras-dicta-conferencia-sobre-politica-cultural-de-estado","status":"publish","type":"post","link":"https:\/\/diariodominicano.com\/?p=65746","title":{"rendered":"Holgu\u00edn Veras dicta conferencia sobre pol\u00edtica  cultural de Estado"},"content":{"rendered":"<p><body><\/p>\n<p><img decoding=\"async\" src=\"img3\/Holguin en Tribuna Libre.JPG\" \/>  <\/p>\n<p><span class=\"text1noticias\">04:00 PM SANTO DOMINGO, RD, 04 Mayo 2012.- Oscar Holgu\u00edn Veras dict\u00f3 la conferencia \u00abPol\u00edtica Cultural de Estado\u00bb en el marco de la XV Feria Internacional del Libro Santo Domingo 2012, en la que expuso de manera sint\u00e9tica la responsabilidad que tiene el Estado de preservar y promover el arte y la cultura.<\/span><\/p>\n<p><span class=\"text1noticias\"> <\/span><\/p>\n<p><span class=\"text1noticias\">La conferencia fue ofrecida en el pabell\u00f3n Tribuna Libre, coordinado por el pintor y activista cultural Yiyo Robles y que fue escuchada por decenas de estudiantes, j\u00f3venes y adultos.<\/span><\/p>\n<p><span class=\"text1noticias\"> <\/span><\/p>\n<p><span class=\"text1noticias\">Veras afirm\u00f3 que  la cultura, en todas sus manifestaciones, es parte fundamental de la nacionalidad dominicana y el Estado deber\u00e1 impulsarla en todo el territorio nacional. \u00abEl patrimonio cultural de la Naci\u00f3n es un bien social com\u00fan que debe ser valorado y protegido\u00bb.<\/span><\/p>\n<p><span class=\"text1noticias\"> <\/span><\/p>\n<p><span class=\"text1noticias\">Holgu\u00edn Veras habl\u00f3 tambi\u00e9n del libre derecho que deben tener los dominicanos a las diferentes manifestaciones culturales que existen en la Rep\u00fablica Dominicana.<\/span><\/p>\n<p><span class=\"text1noticias\"> <\/span><\/p>\n<p><span class=\"text1noticias\">Resalt\u00f3 la importancia de la cultura afirmando que esta es un factor de bienestar y beneficio, tanto en lo material como en lo espiritual de los seres humanos.<\/span><\/p>\n<p><span class=\"text1noticias\"> <\/span><\/p>\n<p><span class=\"text1noticias\">El poeta y escritor dominicano se refiri\u00f3 a la importancia que tiene la cultura en el desarrollo de los pueblos, el fortalecimiento de la identidad nacional y los valores hist\u00f3ricos.<\/span><\/p>\n<p><span class=\"text1noticias\"> <\/span><\/p>\n<p><span class=\"text1noticias\">\u00abEl conocimiento hist\u00f3rico de nuestra realidad har\u00e1 posible una identificaci\u00f3n s\u00f3lida  de nuestra identidad  en el sentido estricto de la dominicanidad\u00bb, explic\u00f3.<\/span><\/p>\n<p><span class=\"text1noticias\"> <\/span><\/p>\n<p><span class=\"text1noticias\">Oscar Holgu\u00edn Veras record\u00f3 que el profesor Juan Bosch fue uno de los primeros escritores dominicanos que habl\u00f3 sobre pol\u00edtica cultural de Estado, y  ponder\u00f3 la creaci\u00f3n de una Secretar\u00eda de Estado de Cultura en la Rep\u00fablica Dominicana.<\/span><\/p>\n<p><span class=\"text1noticias\"> <\/span><\/p>\n<p><span class=\"text1noticias\">Holgu\u00edn Veras es narrador, poeta, pintor y gestor cultural. Es odont\u00f3logo y profesor meritorio de la Universidad Aut\u00f3noma de Santo Domingo y de la Universidad Central del Este.<\/span><\/p>\n<p><span class=\"text1noticias\"> <\/span><\/p>\n<p><span class=\"text1noticias\"><strong><em><u>CG.<\/u><\/em><\/strong><\/span><\/p>\n<h6> 2012-05-04 20:00:11 <\/h6>\n<p><!--\n<link rel=\"stylesheet\" href=\"css\/bootstrap.min.css\">\n\n\n<ul class=\"pagination\">\n\t    \n\t\n\n<li >\n\t<a href='?page_no=17423'>Previous<\/a>\n\t<\/li>\n\n\n       \n    \n\n<li><a href='?page_no=1'>1<\/a><\/li>\n\n\n\n<li><a href='?page_no=2'>2<\/a><\/li>\n\n\n\n<li><a>...<\/a><\/li>\n\n\n\n<li><a href='?page_no=17422'>17422<\/a><\/li>\n\n\n\n<li><a href='?page_no=17423'>17423<\/a><\/li>\n\n\n\n<li class='active'><a>17424<\/a><\/li>\n\n\n\n<li><a href='?page_no=17425'>17425<\/a><\/li>\n\n\n\n<li><a href='?page_no=17426'>17426<\/a><\/li>\n\n\n\n<li><a>...<\/a><\/li>\n\n\n\n<li><a href='?page_no=22911'>22911<\/a><\/li>\n\n\n\n<li><a href='?page_no=22912'>22912<\/a><\/li>\n\n    \n\t\n\n<li >\n\t<a href='?page_no=17425'>Next<\/a>\n\t<\/li>\n\n\n    \n\n<li><a href='?page_no=22912'>Last &rsaquo;&rsaquo;<\/a><\/li>\n\n<\/ul>\n\n\n--><br \/>\n<\/body><\/p>\n","protected":false},"excerpt":{"rendered":"<p>04:00 PM SANTO DOMINGO, RD, 04 Mayo 2012.- Oscar Holgu\u00edn Veras dict\u00f3 la conferencia \u00abPol\u00edtica Cultural de Estado\u00bb en el marco de la XV Feria Internacional del Libro Santo Domingo 2012, en la que expuso de manera sint\u00e9tica la responsabilidad que tiene el Estado de preservar y promover el arte y la cultura. La conferencia [&hellip;]<\/p>\n","protected":false},"author":3,"featured_media":0,"comment_status":"open","ping_status":"open","sticky":false,"template":"","format":"standard","meta":{"footnotes":""},"categories":[21],"tags":[],"class_list":["post-65746","post","type-post","status-publish","format-standard","hentry","category-cultura"],"_links":{"self":[{"href":"https:\/\/diariodominicano.com\/index.php?rest_route=\/wp\/v2\/posts\/65746","targetHints":{"allow":["GET"]}}],"collection":[{"href":"https:\/\/diariodominicano.com\/index.php?rest_route=\/wp\/v2\/posts"}],"about":[{"href":"https:\/\/diariodominicano.com\/index.php?rest_route=\/wp\/v2\/types\/post"}],"author":[{"embeddable":true,"href":"https:\/\/diariodominicano.com\/index.php?rest_route=\/wp\/v2\/users\/3"}],"replies":[{"embeddable":true,"href":"https:\/\/diariodominicano.com\/index.php?rest_route=%2Fwp%2Fv2%2Fcomments&post=65746"}],"version-history":[{"count":0,"href":"https:\/\/diariodominicano.com\/index.php?rest_route=\/wp\/v2\/posts\/65746\/revisions"}],"wp:attachment":[{"href":"https:\/\/diariodominicano.com\/index.php?rest_route=%2Fwp%2Fv2%2Fmedia&parent=65746"}],"wp:term":[{"taxonomy":"category","embeddable":true,"href":"https:\/\/diariodominicano.com\/index.php?rest_route=%2Fwp%2Fv2%2Fcategories&post=65746"},{"taxonomy":"post_tag","embeddable":true,"href":"https:\/\/diariodominicano.com\/index.php?rest_route=%2Fwp%2Fv2%2Ftags&post=65746"}],"curies":[{"name":"wp","href":"https:\/\/api.w.org\/{rel}","templated":true}]}}