{"id":657456,"date":"2025-12-29T11:05:53","date_gmt":"2025-12-29T15:05:53","guid":{"rendered":"https:\/\/diariodominicano.com\/?p=657456"},"modified":"2025-12-29T15:26:39","modified_gmt":"2025-12-29T19:26:39","slug":"presidente-de-venezuela-destaco-consolidacion-de-fanb-en-2025","status":"publish","type":"post","link":"https:\/\/diariodominicano.com\/?p=657456","title":{"rendered":"Presidente de Venezuela destac\u00f3 consolidaci\u00f3n de FANB en 2025"},"content":{"rendered":"\n<ul class=\"wp-block-list\">\n<li>diciembre 28, 2025<\/li>\n\n\n\n<li>CST17:14 GMT -05;00<\/li>\n<\/ul>\n\n\n\n<p>Caracas, 28 dic (Prensa Latina) El presidente de Venezuela, Nicol\u00e1s Maduro, asegur\u00f3 hoy que la Fuerza Armada Nacional Bolivariana (FANB) en 2025 consolid\u00f3 su car\u00e1cter de Ej\u00e9rcito Unido de Liberaci\u00f3n.<\/p>\n\n\n\n<p>En su tradicional mensaje de salutaci\u00f3n a la FANB, este a\u00f1o desde las instalaciones de la Academia Militar de la Armada Bolivariana, en el estado de La Guaira (norte), el mandatario realiz\u00f3 un balance de las \u00faltimas 27 semanas en las que el pa\u00eds ha estado bajo el asedio militar de Estados Unidos.<\/p>\n\n\n\n<p>El comandante en jefe de la Fuerza Armada ponder\u00f3 la perfecta uni\u00f3n y coherencia, y manifest\u00f3 sentirse \u201corgulloso de la FANB, que es el Ej\u00e9rcito Unido Libertador del siglo XXI, por sus demostraciones en 2025\u201d.<\/p>\n\n\n\n<figure class=\"wp-block-image\"><img decoding=\"async\" src=\"https:\/\/www.prensa-latina.cu\/wp-content\/uploads\/2025\/12\/FANB1.jpg\" alt=\"\" class=\"wp-image-1685804\"\/><\/figure>\n\n\n\n<p>A este respecto, elogi\u00f3 las demostraciones de valent\u00eda, patriotismo, amor al pueblo y de capacidad de combate desplegadas en todos los ejercicios Independencia 200.<\/p>\n\n\n\n<p>Maduro recalc\u00f3 que Rep\u00fablica Bolivariana tiene 27 semanas de amenazas por Goliat (Estados Unidos), en las que las fuerzas militares est\u00e1n \u201cdesplegadas con inteligencia, sabidur\u00eda, paciencia estrat\u00e9gica y aprendiendo en el terreno muchas cosas que ya ten\u00edamos estimadas\u201d.<\/p>\n\n\n\n<p>Subray\u00f3 que en ese periodo coronaron un esfuerzo \u201cpor lo menos de 26 a\u00f1os cuando la Constituci\u00f3n bolivariana refund\u00f3 el concepto de la seguridad nacional, de la integridad territorial y de la doctrina de la defensa de Venezuela\u201d.<\/p>\n\n\n\n<figure class=\"wp-block-image\"><img decoding=\"async\" src=\"https:\/\/www.prensa-latina.cu\/wp-content\/uploads\/2025\/12\/FANB2.jpg\" alt=\"\" class=\"wp-image-1685805\"\/><\/figure>\n\n\n\n<p>Insisti\u00f3 en que en esas 27 semanas completaron el esfuerzo de refundaci\u00f3n en los valores de Bol\u00edvar, de Sucre, Zamora, que inici\u00f3 el comandante Hugo Ch\u00e1vez (1954-2013), y asegur\u00f3 que la Fuerza Armada \u201cest\u00e1 m\u00e1s preparada que nunca para seguir ganado la paz y la soberan\u00eda con integridad territorial para todo el pueblo\u201d.<\/p>\n\n\n\n<p>El comandante en jefe de la FANB dijo ser testigo, junto a los oficiales, de la pasi\u00f3n y el amor con que se despliegan y act\u00faan las Unidades de Reacci\u00f3n R\u00e1pida por todo el territorio nacional para defender el Amazonas, las costas y la frontera con Colombia.<\/p>\n\n\n\n<p>La FANB en el 2025, sobre todo en las \u00faltimas 27 semanas, consolid\u00f3 su car\u00e1cter de ser un Ej\u00e9rcito Unido Libertador de este siglo XXI, y alcanz\u00f3 \u201clos mayores niveles\u201d, remarc\u00f3.<\/p>\n\n\n\n<p>A juicio del gobernante, el 2025 consolid\u00f3 el poder de la naci\u00f3n venezolana y no en un libro, en la teor\u00eda y en el discurso, sino en el terreno.<\/p>\n\n\n\n<p>Al respecto, signific\u00f3 los avances en la consolidaci\u00f3n y expansi\u00f3n del Poder Popular; el fortalecimiento de la econom\u00eda con sus 14 Motores Productivos; el robustecimiento de las Misiones y Grandes Misiones, as\u00ed como el poder espiritual, cultural y de identidad de la venezolanidad.<\/p>\n\n\n\n<p>Tres j\u00f3venes cadetes de le obsequiaron al jefe de Estado un fusil de alto calibre de francotirador, que Maduro manifest\u00f3 recibirlo con mucha alegr\u00eda y afirm\u00f3 que en sus manos \u201csiempre tendr\u00e1 buen uso\u201d.<\/p>\n\n\n\n<p>rgh\/jcd<\/p>\n\n\n\n<ul class=\"wp-block-list\">\n<li>#<a href=\"https:\/\/www.prensa-latina.cu\/etiqueta\/eeuu\/\">eeuu<\/a>&nbsp;#<a href=\"https:\/\/www.prensa-latina.cu\/etiqueta\/fanb\/\">FANB<\/a>&nbsp;#<a href=\"https:\/\/www.prensa-latina.cu\/etiqueta\/goliat\/\">Goliat<\/a>&nbsp;#<a href=\"https:\/\/www.prensa-latina.cu\/etiqueta\/venezuela\/\">Venezuela<\/a><\/li>\n<\/ul>\n","protected":false},"excerpt":{"rendered":"<p>Caracas, 28 dic (Prensa Latina) El presidente de Venezuela, Nicol\u00e1s Maduro, asegur\u00f3 hoy que la Fuerza Armada Nacional Bolivariana (FANB) en 2025 consolid\u00f3 su car\u00e1cter de Ej\u00e9rcito Unido de Liberaci\u00f3n. En su tradicional mensaje de salutaci\u00f3n a la FANB, este a\u00f1o desde las instalaciones de la Academia Militar de la Armada Bolivariana, en el estado [&hellip;]<\/p>\n","protected":false},"author":2,"featured_media":657468,"comment_status":"closed","ping_status":"closed","sticky":false,"template":"","format":"standard","meta":{"footnotes":""},"categories":[23,27],"tags":[3892,1375],"class_list":["post-657456","post","type-post","status-publish","format-standard","has-post-thumbnail","hentry","category-internacional","category-portada","tag-fanb","tag-venezuela"],"_links":{"self":[{"href":"https:\/\/diariodominicano.com\/index.php?rest_route=\/wp\/v2\/posts\/657456","targetHints":{"allow":["GET"]}}],"collection":[{"href":"https:\/\/diariodominicano.com\/index.php?rest_route=\/wp\/v2\/posts"}],"about":[{"href":"https:\/\/diariodominicano.com\/index.php?rest_route=\/wp\/v2\/types\/post"}],"author":[{"embeddable":true,"href":"https:\/\/diariodominicano.com\/index.php?rest_route=\/wp\/v2\/users\/2"}],"replies":[{"embeddable":true,"href":"https:\/\/diariodominicano.com\/index.php?rest_route=%2Fwp%2Fv2%2Fcomments&post=657456"}],"version-history":[{"count":2,"href":"https:\/\/diariodominicano.com\/index.php?rest_route=\/wp\/v2\/posts\/657456\/revisions"}],"predecessor-version":[{"id":657499,"href":"https:\/\/diariodominicano.com\/index.php?rest_route=\/wp\/v2\/posts\/657456\/revisions\/657499"}],"wp:featuredmedia":[{"embeddable":true,"href":"https:\/\/diariodominicano.com\/index.php?rest_route=\/wp\/v2\/media\/657468"}],"wp:attachment":[{"href":"https:\/\/diariodominicano.com\/index.php?rest_route=%2Fwp%2Fv2%2Fmedia&parent=657456"}],"wp:term":[{"taxonomy":"category","embeddable":true,"href":"https:\/\/diariodominicano.com\/index.php?rest_route=%2Fwp%2Fv2%2Fcategories&post=657456"},{"taxonomy":"post_tag","embeddable":true,"href":"https:\/\/diariodominicano.com\/index.php?rest_route=%2Fwp%2Fv2%2Ftags&post=657456"}],"curies":[{"name":"wp","href":"https:\/\/api.w.org\/{rel}","templated":true}]}}