{"id":65745,"date":"2012-05-04T20:07:27","date_gmt":"2012-05-04T20:07:27","guid":{"rendered":"http:\/\/diariodominicano.ddns.net\/?p=65745"},"modified":"2012-05-04T20:07:27","modified_gmt":"2012-05-04T20:07:27","slug":"the-americas-bicultural-realiza-exitosa-feria-integral-2012","status":"publish","type":"post","link":"https:\/\/diariodominicano.com\/?p=65745","title":{"rendered":"&#13;The Americas Bicultural realiza exitosa feria integral 2012"},"content":{"rendered":"<p><body><\/p>\n<p><img decoding=\"async\" src=\"img3\/FERIA ABC SCHOOL 5.JPG\" \/><br \/><img decoding=\"async\" src=\"img3\/FERIA ABC SCHOOL 4.JPG\" \/><br \/><img decoding=\"async\" src=\"img3\/FERIA ABC SCHOOL 3.JPG\" \/>  <\/p>\n<p><span class=\"text1noticias\">04:10 PM SANTO DOMINGO, RD, 04 Mayo 2012.-La conservaci\u00f3n de los recursos naturales, su explotaci\u00f3n racional y la producci\u00f3n de energ\u00eda limpia que no provenga del petr\u00f3leo encontr\u00f3 diferentes v\u00edas de soluci\u00f3n en los proyectos presentados por los alumnos del Americas Bicultural School en la Feria Integral 2012.  <\/span><\/p>\n<\/p>\n<p><span class=\"text1noticias\"> La misma se llev\u00f3 a cabo los d\u00edas 25, 26 y 27 de abril contando con m\u00e1s de 150 trabajos de investigaci\u00f3n presentados por los estudiantes  desde Inicial hasta Cuarto Nivel de Media.<\/span><\/p>\n<\/p>\n<p><span class=\"text1noticias\">Este evento socio educativo busc\u00f3 la integraci\u00f3n de alumnos,  padres y profesores a involucrarse en la realizaci\u00f3n de proyectos, investigaciones y presentaciones donde el aprendizaje es el denominador com\u00fan que impulsa a todos los participantes en este quehacer educativo, expres\u00f3 el Lic. Jos\u00e9 Manuel Luciano, coordinador del comit\u00e9 de la feria.<\/span><\/p>\n<\/p>\n<p><span class=\"text1noticias\">Dentro de las investigaciones presentadas se destacan propuestas de casas ecol\u00f3gicas, textiles ecol\u00f3gicos para la confecci\u00f3n  de vestimentas a partir del bamb\u00fa, la pi\u00f1a y el algod\u00f3n, como extraer del lim\u00f3n, la papa, el vinagre y la grama energ\u00eda, como aprovechar nuestros recursos naturales para su industrializaci\u00f3n  tales como la ca\u00f1a de az\u00facar, el maguey y el bamb\u00fa para casas, alimentos, muebles, productos de bellezas, medicinas, dulces, etc., como utilizar los desechos del caf\u00e9 para producir hongos comestibles, como  a trav\u00e9s de la tecnolog\u00eda LED y los paneles solares  podemos ahorrar significativamente energ\u00eda, como para enfrentar los derrames de petr\u00f3leo hay una bacteria nueva capaz de comerse el petr\u00f3leo y limpiar las aguas del mar, produjeron tambi\u00e9n por fermentaci\u00f3n etanol del arroz y del ma\u00edz y plantearon la utilizaci\u00f3n de la energ\u00eda azul mas que de la verde.<\/span><\/p>\n<\/p>\n<p><span class=\"text1noticias\">Nuestros alumnos tambi\u00e9n  incursionaron en que est\u00e1n haciendo otros pa\u00edses con la energ\u00eda y sus propios recursos renovables como Alemania, China y Taiwan entre otros y ver que de estas experiencias podemos nosotros aprender.<\/span><\/p>\n<\/p>\n<p><span class=\"text1noticias\">Los alumnos frente a los jurados de las distintas instituciones educativas y universidades demostraron el excelente manejo de los temas y sus contenidos conjugando la creatividad en el dise\u00f1o de  sus modelos, sus experimentos y la recreaci\u00f3n del ambiente, que de acuerdo a las visitas realizadas y a las investigaciones bibliogr\u00e1ficas, dieron vistosidad y colorido a la feria.<\/span><\/p>\n<\/p>\n<p><span class=\"text1noticias\">Dicha feria cont\u00f3 para su inauguraci\u00f3n con la presencia de la Lic. Ermidia Robles Javier, directora del Distrito 15-03 en representaci\u00f3n del Ministerio de Educaci\u00f3n, con la asistencia de diferentes instituciones educativas y el p\u00fablico en general, quienes disfrutaron de la majestuosidad de la misma.<\/span><\/p>\n<p><span class=\"text1noticias\">                                                             <\/span><\/p>\n<p><span class=\"text1noticias\"><strong><em><u>CG.<\/u><\/em><\/strong><\/span><\/p>\n<\/p>\n<\/p>\n<h6> 2012-05-04 20:07:27 <\/h6>\n<p><!--\n<link rel=\"stylesheet\" href=\"css\/bootstrap.min.css\">\n\n\n<ul class=\"pagination\">\n\t    \n\t\n\n<li >\n\t<a href='?page_no=17422'>Previous<\/a>\n\t<\/li>\n\n\n       \n    \n\n<li><a href='?page_no=1'>1<\/a><\/li>\n\n\n\n<li><a href='?page_no=2'>2<\/a><\/li>\n\n\n\n<li><a>...<\/a><\/li>\n\n\n\n<li><a href='?page_no=17421'>17421<\/a><\/li>\n\n\n\n<li><a href='?page_no=17422'>17422<\/a><\/li>\n\n\n\n<li class='active'><a>17423<\/a><\/li>\n\n\n\n<li><a href='?page_no=17424'>17424<\/a><\/li>\n\n\n\n<li><a href='?page_no=17425'>17425<\/a><\/li>\n\n\n\n<li><a>...<\/a><\/li>\n\n\n\n<li><a href='?page_no=22911'>22911<\/a><\/li>\n\n\n\n<li><a href='?page_no=22912'>22912<\/a><\/li>\n\n    \n\t\n\n<li >\n\t<a href='?page_no=17424'>Next<\/a>\n\t<\/li>\n\n\n    \n\n<li><a href='?page_no=22912'>Last &rsaquo;&rsaquo;<\/a><\/li>\n\n<\/ul>\n\n\n--><br \/>\n<\/body><\/p>\n","protected":false},"excerpt":{"rendered":"<p>04:10 PM SANTO DOMINGO, RD, 04 Mayo 2012.-La conservaci\u00f3n de los recursos naturales, su explotaci\u00f3n racional y la producci\u00f3n de energ\u00eda limpia que no provenga del petr\u00f3leo encontr\u00f3 diferentes v\u00edas de soluci\u00f3n en los proyectos presentados por los alumnos del Americas Bicultural School en la Feria Integral 2012. La misma se llev\u00f3 a cabo los [&hellip;]<\/p>\n","protected":false},"author":3,"featured_media":0,"comment_status":"open","ping_status":"open","sticky":false,"template":"","format":"standard","meta":{"footnotes":""},"categories":[21],"tags":[],"class_list":["post-65745","post","type-post","status-publish","format-standard","hentry","category-cultura"],"_links":{"self":[{"href":"https:\/\/diariodominicano.com\/index.php?rest_route=\/wp\/v2\/posts\/65745","targetHints":{"allow":["GET"]}}],"collection":[{"href":"https:\/\/diariodominicano.com\/index.php?rest_route=\/wp\/v2\/posts"}],"about":[{"href":"https:\/\/diariodominicano.com\/index.php?rest_route=\/wp\/v2\/types\/post"}],"author":[{"embeddable":true,"href":"https:\/\/diariodominicano.com\/index.php?rest_route=\/wp\/v2\/users\/3"}],"replies":[{"embeddable":true,"href":"https:\/\/diariodominicano.com\/index.php?rest_route=%2Fwp%2Fv2%2Fcomments&post=65745"}],"version-history":[{"count":0,"href":"https:\/\/diariodominicano.com\/index.php?rest_route=\/wp\/v2\/posts\/65745\/revisions"}],"wp:attachment":[{"href":"https:\/\/diariodominicano.com\/index.php?rest_route=%2Fwp%2Fv2%2Fmedia&parent=65745"}],"wp:term":[{"taxonomy":"category","embeddable":true,"href":"https:\/\/diariodominicano.com\/index.php?rest_route=%2Fwp%2Fv2%2Fcategories&post=65745"},{"taxonomy":"post_tag","embeddable":true,"href":"https:\/\/diariodominicano.com\/index.php?rest_route=%2Fwp%2Fv2%2Ftags&post=65745"}],"curies":[{"name":"wp","href":"https:\/\/api.w.org\/{rel}","templated":true}]}}