{"id":657425,"date":"2025-12-29T02:34:37","date_gmt":"2025-12-29T06:34:37","guid":{"rendered":"https:\/\/diariodominicano.com\/?p=657425"},"modified":"2025-12-29T15:22:22","modified_gmt":"2025-12-29T19:22:22","slug":"red-vial-reporta-mas-de-2366000-vehiculos-se-movilizaron-al-interior-por-nochebuena-y-navidad-2025","status":"publish","type":"post","link":"https:\/\/diariodominicano.com\/?p=657425","title":{"rendered":"RED Vial reporta m\u00e1s de 2,366,000 veh\u00edculos se movilizaron al interior por Nochebuena y Navidad 2025"},"content":{"rendered":"\n<h3 class=\"wp-block-heading\">Seg\u00fan la  informaci\u00f3n oficial, el n\u00famero es cerca de medio mill\u00f3n m\u00e1s que en a\u00f1os pasados<\/h3>\n\n\n\n<p>28 de Diciembre 2025 |<\/p>\n\n\n\n<p>Santo Domingo, RD.- Durante estas festividades de&nbsp;<strong>Nochebuena y Navidad<\/strong>&nbsp; se registr\u00f3 un aumento de cerca de&nbsp;<strong>medio mill\u00f3n de veh\u00edculos m\u00e1s<\/strong>&nbsp;que viajaron hacia ciudades del interior, respecto a a\u00f1os pasados.&nbsp;<\/p>\n\n\n\n<p>Una informaci\u00f3n suministrada por \u00a0<strong>RD Vial<\/strong>\u00a0 establece que, entre los d\u00edas<strong>\u00a020 y 27 de este mes<\/strong>, transitaron por los peajes\u00a0<strong>2,366,699 veh\u00edculos,<\/strong>\u00a0para un incremento de\u00a0<strong>452,778<\/strong>, casi duplicando la cantidad que se moviliz\u00f3 en\u00a0<strong>Nochebuena y Navidad del a\u00f1o 2023.<\/strong>\u00a0<\/p>\n\n\n\n<p>Durante las festividades navide\u00f1as del 2023 se movilizaron&nbsp;<strong>1,581,610<\/strong>, y en igual cantidad de d\u00edas de diciembre del 2024, la cantidad de medios de transporte que&nbsp; pasaron por los peajes fue&nbsp;<strong>1,913,921<\/strong>, es decir, que el crecimiento entre el 20 y 27 de diciembre 2025 es de&nbsp;<strong>24 %<\/strong>, con relaci\u00f3n a\u00f1o anterior.&nbsp;<\/p>\n\n\n\n<p><\/p>\n\n\n\n<p>La informaci\u00f3n de RD Vial destaca que, s\u00f3lo durante los d\u00edas 24 y 25 de este diciembre, se movilizaron por los peajes nacionales&nbsp;<strong>460,017<\/strong>&nbsp;veh\u00edculos diversos,&nbsp;<strong>102,966 m\u00e1s<\/strong>&nbsp;que en igual fecha del pasado a\u00f1o, para un aumento del&nbsp;<strong>29 %<\/strong>.<\/p>\n\n\n\n<p>Con informaci\u00f3n de la Presidencia de la Rep\u00fablica.<\/p>\n","protected":false},"excerpt":{"rendered":"<p>Seg\u00fan la informaci\u00f3n oficial, el n\u00famero es cerca de medio mill\u00f3n m\u00e1s que en a\u00f1os pasados 28 de Diciembre 2025 | Santo Domingo, RD.- Durante estas festividades de&nbsp;Nochebuena y Navidad&nbsp; se registr\u00f3 un aumento de cerca de&nbsp;medio mill\u00f3n de veh\u00edculos m\u00e1s&nbsp;que viajaron hacia ciudades del interior, respecto a a\u00f1os pasados.&nbsp; Una informaci\u00f3n suministrada por \u00a0RD [&hellip;]<\/p>\n","protected":false},"author":2,"featured_media":657426,"comment_status":"closed","ping_status":"closed","sticky":false,"template":"","format":"standard","meta":{"footnotes":""},"categories":[20,27],"tags":[2171],"class_list":["post-657425","post","type-post","status-publish","format-standard","has-post-thumbnail","hentry","category-dominicana-hoy","category-portada","tag-rd-vial"],"_links":{"self":[{"href":"https:\/\/diariodominicano.com\/index.php?rest_route=\/wp\/v2\/posts\/657425","targetHints":{"allow":["GET"]}}],"collection":[{"href":"https:\/\/diariodominicano.com\/index.php?rest_route=\/wp\/v2\/posts"}],"about":[{"href":"https:\/\/diariodominicano.com\/index.php?rest_route=\/wp\/v2\/types\/post"}],"author":[{"embeddable":true,"href":"https:\/\/diariodominicano.com\/index.php?rest_route=\/wp\/v2\/users\/2"}],"replies":[{"embeddable":true,"href":"https:\/\/diariodominicano.com\/index.php?rest_route=%2Fwp%2Fv2%2Fcomments&post=657425"}],"version-history":[{"count":3,"href":"https:\/\/diariodominicano.com\/index.php?rest_route=\/wp\/v2\/posts\/657425\/revisions"}],"predecessor-version":[{"id":657494,"href":"https:\/\/diariodominicano.com\/index.php?rest_route=\/wp\/v2\/posts\/657425\/revisions\/657494"}],"wp:featuredmedia":[{"embeddable":true,"href":"https:\/\/diariodominicano.com\/index.php?rest_route=\/wp\/v2\/media\/657426"}],"wp:attachment":[{"href":"https:\/\/diariodominicano.com\/index.php?rest_route=%2Fwp%2Fv2%2Fmedia&parent=657425"}],"wp:term":[{"taxonomy":"category","embeddable":true,"href":"https:\/\/diariodominicano.com\/index.php?rest_route=%2Fwp%2Fv2%2Fcategories&post=657425"},{"taxonomy":"post_tag","embeddable":true,"href":"https:\/\/diariodominicano.com\/index.php?rest_route=%2Fwp%2Fv2%2Ftags&post=657425"}],"curies":[{"name":"wp","href":"https:\/\/api.w.org\/{rel}","templated":true}]}}