{"id":65741,"date":"2012-05-04T20:30:52","date_gmt":"2012-05-04T20:30:52","guid":{"rendered":"http:\/\/diariodominicano.ddns.net\/?p=65741"},"modified":"2012-05-04T20:30:52","modified_gmt":"2012-05-04T20:30:52","slug":"restauraran-en-bolivia-obras-artisticas-patrimoniales","status":"publish","type":"post","link":"https:\/\/diariodominicano.com\/?p=65741","title":{"rendered":"&#13;Restaurar\u00e1n en Bolivia obras art\u00edsticas patrimoniales"},"content":{"rendered":"<p><body><\/p>\n<p><img decoding=\"async\" src=\"img3\/bolivia-murales.jpg\" \/>  <\/p>\n<p><span class=\"text1noticias\">04:35 PM La Paz, 4 Mayo 2012.- (PL) Varias obras art\u00edsticas contempor\u00e1neas de contenido social de destacados muralistas bolivianos, como Lorgio Vaca, W\u00e1lter Sol\u00f3n y Miguel Alandia, ser\u00e1n registradas por especialistas del Ministerio de Culturas para su restauraci\u00f3n.<\/span><\/p>\n<\/p>\n<p><span class=\"text1noticias\">  El responsable de la Unidad de Restauraci\u00f3n de esa cartera, Carlos R\u00faa, manifest\u00f3 que se dio inicio a un proyecto de registro y diagn\u00f3stico de Pinturas Murales con esa tem\u00e1tica para futuras restauraciones.<\/span><\/p>\n<\/p>\n<p><span class=\"text1noticias\">R\u00faa destac\u00f3 que el equipo t\u00e9cnico tiene por objetivo coadyuvar con los artistas bolivianos a salvaguardar sus obras, de valor patrimonial para la naci\u00f3n andina.<\/span><\/p>\n<\/p>\n<p><span class=\"text1noticias\">Muchas de las pinturas-murales elaboradas por los m\u00e1s exitosos creadores del pa\u00eds muestran un significativo deterioro debido al desconocimiento de su conservaci\u00f3n.<\/span><\/p>\n<\/p>\n<p><span class=\"text1noticias\">El registro y diagn\u00f3stico de los murales con temas sociales ser\u00e1 realizado en las ciudades capitales de Santa Cruz, Cochabamba, La Paz, Oruro, Sucre y Potos\u00ed.<\/span><\/p>\n<\/p>\n<p><span class=\"text1noticias\">Obras de Lorgio Vaca que se encuentran expuestas en diferentes instituciones y lugares p\u00fablicos de Santa Cruz, ser\u00e1n las primeras en ser registradas y evaluadas por los t\u00e9cnicos.<\/span><\/p>\n<\/p>\n<p><span class=\"text1noticias\">En Bolivia se destacan adem\u00e1s los murales de Miguel Alandia Pantoja (1914-1975), en los que se recrean posturas pol\u00edticas.<\/span><\/p>\n<\/p>\n<p><span class=\"text1noticias\">En Sucre existe una importante producci\u00f3n de W\u00e1lter Sol\u00f3n Romero (1925-1999), de tem\u00e1tica relacionada con el movimiento contestatario y a los cambios pol\u00edticos y sociales de entonces, parte de la cual tambi\u00e9n se encuentra en La Paz.<\/span><\/p>\n<\/p>\n<p><span class=\"text1noticias\">Otras creaciones relevantes para ser rescatadas, fueron realizados por Gil Iman\u00e1 (1933) muralista y pintor boliviano de dilatada trayectoria.<\/span><\/p>\n<p><span class=\"text1noticias\"><strong><em><u>CG.<\/u><\/em><\/strong><\/span><\/p>\n<h6> 2012-05-04 20:30:52 <\/h6>\n<p><!--\n<link rel=\"stylesheet\" href=\"css\/bootstrap.min.css\">\n\n\n<ul class=\"pagination\">\n\t    \n\t\n\n<li >\n\t<a href='?page_no=17418'>Previous<\/a>\n\t<\/li>\n\n\n       \n    \n\n<li><a href='?page_no=1'>1<\/a><\/li>\n\n\n\n<li><a href='?page_no=2'>2<\/a><\/li>\n\n\n\n<li><a>...<\/a><\/li>\n\n\n\n<li><a href='?page_no=17417'>17417<\/a><\/li>\n\n\n\n<li><a href='?page_no=17418'>17418<\/a><\/li>\n\n\n\n<li class='active'><a>17419<\/a><\/li>\n\n\n\n<li><a href='?page_no=17420'>17420<\/a><\/li>\n\n\n\n<li><a href='?page_no=17421'>17421<\/a><\/li>\n\n\n\n<li><a>...<\/a><\/li>\n\n\n\n<li><a href='?page_no=22911'>22911<\/a><\/li>\n\n\n\n<li><a href='?page_no=22912'>22912<\/a><\/li>\n\n    \n\t\n\n<li >\n\t<a href='?page_no=17420'>Next<\/a>\n\t<\/li>\n\n\n    \n\n<li><a href='?page_no=22912'>Last &rsaquo;&rsaquo;<\/a><\/li>\n\n<\/ul>\n\n\n--><br \/>\n<\/body><\/p>\n","protected":false},"excerpt":{"rendered":"<p>04:35 PM La Paz, 4 Mayo 2012.- (PL) Varias obras art\u00edsticas contempor\u00e1neas de contenido social de destacados muralistas bolivianos, como Lorgio Vaca, W\u00e1lter Sol\u00f3n y Miguel Alandia, ser\u00e1n registradas por especialistas del Ministerio de Culturas para su restauraci\u00f3n. El responsable de la Unidad de Restauraci\u00f3n de esa cartera, Carlos R\u00faa, manifest\u00f3 que se dio inicio [&hellip;]<\/p>\n","protected":false},"author":3,"featured_media":0,"comment_status":"open","ping_status":"open","sticky":false,"template":"","format":"standard","meta":{"footnotes":""},"categories":[21],"tags":[],"class_list":["post-65741","post","type-post","status-publish","format-standard","hentry","category-cultura"],"_links":{"self":[{"href":"https:\/\/diariodominicano.com\/index.php?rest_route=\/wp\/v2\/posts\/65741","targetHints":{"allow":["GET"]}}],"collection":[{"href":"https:\/\/diariodominicano.com\/index.php?rest_route=\/wp\/v2\/posts"}],"about":[{"href":"https:\/\/diariodominicano.com\/index.php?rest_route=\/wp\/v2\/types\/post"}],"author":[{"embeddable":true,"href":"https:\/\/diariodominicano.com\/index.php?rest_route=\/wp\/v2\/users\/3"}],"replies":[{"embeddable":true,"href":"https:\/\/diariodominicano.com\/index.php?rest_route=%2Fwp%2Fv2%2Fcomments&post=65741"}],"version-history":[{"count":0,"href":"https:\/\/diariodominicano.com\/index.php?rest_route=\/wp\/v2\/posts\/65741\/revisions"}],"wp:attachment":[{"href":"https:\/\/diariodominicano.com\/index.php?rest_route=%2Fwp%2Fv2%2Fmedia&parent=65741"}],"wp:term":[{"taxonomy":"category","embeddable":true,"href":"https:\/\/diariodominicano.com\/index.php?rest_route=%2Fwp%2Fv2%2Fcategories&post=65741"},{"taxonomy":"post_tag","embeddable":true,"href":"https:\/\/diariodominicano.com\/index.php?rest_route=%2Fwp%2Fv2%2Ftags&post=65741"}],"curies":[{"name":"wp","href":"https:\/\/api.w.org\/{rel}","templated":true}]}}