{"id":65740,"date":"2012-05-04T21:12:53","date_gmt":"2012-05-04T21:12:53","guid":{"rendered":"http:\/\/diariodominicano.ddns.net\/?p=65740"},"modified":"2012-05-04T21:12:53","modified_gmt":"2012-05-04T21:12:53","slug":"con-todo-y-lluvia-esta-noche-hay-un-buen-programa","status":"publish","type":"post","link":"https:\/\/diariodominicano.com\/?p=65740","title":{"rendered":"Con todo y lluvia esta noche hay un buen programa"},"content":{"rendered":"<p><body><\/p>\n<p><span class=\"text1noticias\">Santo Domingo RD 4 mayo (5:07 pm).- No obstante las fuertes lluvias que caen sobre la capital, no cae mal darse una escapadita con su paragua y disfrutal del interesante programa de la Feria del Libro a partir de las 8:00 de la noche.<\/span><\/p>\n<\/p>\n<p><strong><span class=\"text1noticias\">8:00 p.m<\/span><\/strong><span class=\"text1noticias\">. Sala \u00abA\u00edda Bonelly de D\u00edaz\u00bb del Teatro Nacional Ciclo de Conferencias Magistrales: \u00abPoes\u00eda latinoamericana de ahora: entradas\u00bb. Dictada por Eduardo Mil\u00e1n (Uruguay).<\/span><\/p>\n<p><span class=\"text1noticias\"> <\/span><\/p>\n<p><span class=\"text1noticias\">Pabell\u00f3n de Escritores Dominicanos Recital: Zarpazo po\u00e9tico de El Ara\u00f1azo Colectivo Literario.<\/span><\/p>\n<p><span class=\"text1noticias\">Espacio Joven Encuentro con el grupo de pantomima \u00abGestos\u00bb.<\/span><\/p>\n<\/p>\n<p><span class=\"text1noticias\">Sala \u00abCarlos Piantini\u00bb del Teatro Nacional Obra de teatro: \u00abDon Bosco, el Ap\u00f3stol de la Juventud\u00bb. <\/span><\/p>\n<\/p>\n<p><span class=\"text1noticias\">Despliegue teatral con m\u00e1s de 40 actores en escena, que representan un conmovedor recorrido por la infancia de Juan Bosco. Sus vivencias estudiantiles, su familia, los momentos claves que fueron perfilando su vocaci\u00f3n hasta llegar a convertirse en Don Bosco, el Ap\u00f3stol de la juventud. La obra es una producci\u00f3n de la Pastoral Juvenil, dirigida y conceptualizada por Juan Mar\u00eda Almonte.<\/span><\/p>\n<\/p>\n<p><span class=\"text1noticias\">Auditorio del Museo de Arte Moderno Presentaci\u00f3n del libro \u00abLa ra\u00edz de todo mal\u00bb, de F\u00e9lix Pe\u00f1a. Organiza: C\u00edrculo Dominicano de Locutores.<\/span><\/p>\n<\/p>\n<p><span class=\"text1noticias\">Teatro Arena \u00abNereyda Rodr\u00edguez\u00bb Espect\u00e1culo Musical Urbano \u00abLet`s Go\u00bb. Nucleo Extremo, Centro de Danza \u00adDirecci\u00f3n Jonathan Castillo y Laribel Olivo &#8211;  LET GO es una c\u00f3mica obra musical integrada por un elenco de 120 artistas en escena que incluye canto, baile y actuaci\u00f3n. Esta obra te lleva por momentos m\u00e1gicos que te hacen re\u00edr, llorar, cantar y reflexionar sobre los valores que los j\u00f3venes no deben perder.<\/span><\/p>\n<\/p>\n<p><strong><span class=\"text1noticias\">9:00 p.m<\/span><\/strong><span class=\"text1noticias\">. Caf\u00e9 Bohemio Concierto sabor: Karen Rodr\u00edguez. Algunas poes\u00edas cantadas y otras delicias. Acompa\u00f1amiento del maestro Rafelito Mirabal.<\/span><\/p>\n<p><span class=\"text1noticias\"> <\/span><\/p>\n<p><span class=\"text1noticias\"><strong>10:00 p.m<\/strong>. Cierre de la Feria.AD<\/span>.-<\/p>\n<\/p>\n<\/p>\n<h6> 2012-05-04 21:12:53 <\/h6>\n<p><!--\n<link rel=\"stylesheet\" href=\"css\/bootstrap.min.css\">\n\n\n<ul class=\"pagination\">\n\t    \n\t\n\n<li >\n\t<a href='?page_no=17417'>Previous<\/a>\n\t<\/li>\n\n\n       \n    \n\n<li><a href='?page_no=1'>1<\/a><\/li>\n\n\n\n<li><a href='?page_no=2'>2<\/a><\/li>\n\n\n\n<li><a>...<\/a><\/li>\n\n\n\n<li><a href='?page_no=17416'>17416<\/a><\/li>\n\n\n\n<li><a href='?page_no=17417'>17417<\/a><\/li>\n\n\n\n<li class='active'><a>17418<\/a><\/li>\n\n\n\n<li><a href='?page_no=17419'>17419<\/a><\/li>\n\n\n\n<li><a href='?page_no=17420'>17420<\/a><\/li>\n\n\n\n<li><a>...<\/a><\/li>\n\n\n\n<li><a href='?page_no=22911'>22911<\/a><\/li>\n\n\n\n<li><a href='?page_no=22912'>22912<\/a><\/li>\n\n    \n\t\n\n<li >\n\t<a href='?page_no=17419'>Next<\/a>\n\t<\/li>\n\n\n    \n\n<li><a href='?page_no=22912'>Last &rsaquo;&rsaquo;<\/a><\/li>\n\n<\/ul>\n\n\n--><br \/>\n<\/body><\/p>\n","protected":false},"excerpt":{"rendered":"<p>Santo Domingo RD 4 mayo (5:07 pm).- No obstante las fuertes lluvias que caen sobre la capital, no cae mal darse una escapadita con su paragua y disfrutal del interesante programa de la Feria del Libro a partir de las 8:00 de la noche. 8:00 p.m. Sala \u00abA\u00edda Bonelly de D\u00edaz\u00bb del Teatro Nacional Ciclo [&hellip;]<\/p>\n","protected":false},"author":3,"featured_media":0,"comment_status":"open","ping_status":"open","sticky":false,"template":"","format":"standard","meta":{"footnotes":""},"categories":[21],"tags":[],"class_list":["post-65740","post","type-post","status-publish","format-standard","hentry","category-cultura"],"_links":{"self":[{"href":"https:\/\/diariodominicano.com\/index.php?rest_route=\/wp\/v2\/posts\/65740","targetHints":{"allow":["GET"]}}],"collection":[{"href":"https:\/\/diariodominicano.com\/index.php?rest_route=\/wp\/v2\/posts"}],"about":[{"href":"https:\/\/diariodominicano.com\/index.php?rest_route=\/wp\/v2\/types\/post"}],"author":[{"embeddable":true,"href":"https:\/\/diariodominicano.com\/index.php?rest_route=\/wp\/v2\/users\/3"}],"replies":[{"embeddable":true,"href":"https:\/\/diariodominicano.com\/index.php?rest_route=%2Fwp%2Fv2%2Fcomments&post=65740"}],"version-history":[{"count":0,"href":"https:\/\/diariodominicano.com\/index.php?rest_route=\/wp\/v2\/posts\/65740\/revisions"}],"wp:attachment":[{"href":"https:\/\/diariodominicano.com\/index.php?rest_route=%2Fwp%2Fv2%2Fmedia&parent=65740"}],"wp:term":[{"taxonomy":"category","embeddable":true,"href":"https:\/\/diariodominicano.com\/index.php?rest_route=%2Fwp%2Fv2%2Fcategories&post=65740"},{"taxonomy":"post_tag","embeddable":true,"href":"https:\/\/diariodominicano.com\/index.php?rest_route=%2Fwp%2Fv2%2Ftags&post=65740"}],"curies":[{"name":"wp","href":"https:\/\/api.w.org\/{rel}","templated":true}]}}