{"id":657395,"date":"2025-12-29T01:36:04","date_gmt":"2025-12-29T05:36:04","guid":{"rendered":"https:\/\/diariodominicano.com\/?p=657395"},"modified":"2025-12-29T14:13:22","modified_gmt":"2025-12-29T18:13:22","slug":"navidad-bajo-ruidos-caribe-en-tension","status":"publish","type":"post","link":"https:\/\/diariodominicano.com\/?p=657395","title":{"rendered":"Navidad bajo ruidos: Caribe en tensi\u00f3n"},"content":{"rendered":"\n<p>POR &nbsp;RAFAEL MENDEZ<\/p>\n\n\n\n<p>El Caribe atraviesa en este momento uno de los niveles m\u00e1s altos de tensi\u00f3n y atenci\u00f3n mundial como consecuencia directa de la escalada impulsada por Estados Unidos, que ha intensificado su presencia militar en la regi\u00f3n y endurecido sus acciones contra Venezuela, incluyendo la incautaci\u00f3n de buques petroleros, en un contexto que desborda la confrontaci\u00f3n diplom\u00e1tica y sit\u00faa el conflicto en una dimensi\u00f3n geopol\u00edtica de alto riesgo, donde convergen los intereses de las tres grandes potencias y se vuelve m\u00e1s vol\u00e1til, delicada y peligrosa la coyuntura en las aguas caribe\u00f1as.<\/p>\n\n\n\n<figure class=\"wp-block-image size-full is-resized\"><img loading=\"lazy\" decoding=\"async\" width=\"300\" height=\"158\" src=\"https:\/\/diariodominicano.com\/wp-content\/uploads\/2025\/12\/barcos-en-Caribe-nav-300x158-1.webp\" alt=\"\" class=\"wp-image-657397\" style=\"aspect-ratio:1.8989219661754524;width:616px;height:auto\"\/><\/figure>\n\n\n\n<p>Este escenario, marcado por la militarizaci\u00f3n, el uso del poder coercitivo y la disputa por recursos estrat\u00e9gicos, proyecta consecuencias imprevisibles para el Caribe y Am\u00e9rica Latina, y encuentra a la Rep\u00fablica Dominicana particularmente expuesta, tanto por su ubicaci\u00f3n geogr\u00e1fica como por decisiones recientes que la vinculan a la estrategia estadounidense, mientras que el ambiente navide\u00f1o se ve perturbado por la conmoci\u00f3n institucional profunda provocado por el esc\u00e1ndalo de corrupci\u00f3n que sacude al Seguro Nacional de Salud (SENASA), y por un clima de inquietud marcado por limitaciones econ\u00f3micas, encarecimiento de la vida y una creciente percepci\u00f3n de inseguridad material.<\/p>\n\n\n\n<p>Frente a las provocaciones de Estados Unidos, que amenazan con escalar a\u00fan m\u00e1s el conflicto, la Rep\u00fablica Bolivariana de Venezuela ha advertido que continuar\u00e1 exportando su petr\u00f3leo y defendiendo su soberan\u00eda, mientras recibe el respaldo abierto de aliados estrat\u00e9gicos como Ir\u00e1n, China y Rusia, lo que incorpora nuevos actores a una confrontaci\u00f3n que ya no puede leerse como un diferendo bilateral, sino como un punto de fricci\u00f3n entre potencias con capacidad militar, energ\u00e9tica y pol\u00edtica para alterar el equilibrio regional y global.<\/p>\n\n\n\n<p>RD en punto vulnerable<\/p>\n\n\n\n<p>La Rep\u00fablica Dominicana queda expuesta en la actual coyuntura regional por su vinculaci\u00f3n a la estrategia militar de Estados Unidos en el Caribe, tras la firma de un acuerdo que contempla la cesi\u00f3n de \u00e1reas en los aeropuertos de Las Am\u00e9ricas y en la Base A\u00e9rea Militar de San Isidro para el abastecimiento de naves norteamericanas, una decisi\u00f3n que ha sido ampliamente cuestionada por sectores sociales y pol\u00edticos que advierten que esta complacencia compromete la soberan\u00eda nacional, y podr\u00eda de manera progresiva encaminarse hacia la instalaci\u00f3n de una base militar de EE.UU en territorio dominicano.<\/p>\n\n\n\n<p>Este alineamiento estrat\u00e9gico se produce en un momento particularmente delicado, cuando el pa\u00eds arrastra un desgaste institucional profundo y un creciente malestar social, y donde amplios sectores perciben que decisiones de alto impacto geopol\u00edtico se adoptan sin debate p\u00fablico, sin transparencia y sin un consenso nacional m\u00ednimo, mientras se acumulan carencias en \u00e1reas sensibles de la vida cotidiana, reforzando la sensaci\u00f3n de indefensi\u00f3n ciudadana y ampliando la brecha entre el Estado y la sociedad.<\/p>\n\n\n\n<p>En ese marco, el esc\u00e1ndalo de corrupci\u00f3n que sacude a SENASA agrava de manera significativa el cuadro, porque no se trata de una entidad cualquiera, sino del principal soporte de acceso a la salud para millones de dominicanos, lo que convierte el caso en un golpe directo a la seguridad social y en un factor de desestabilizaci\u00f3n emocional y material, justo cuando el pa\u00eds se encuentra sometido a presiones externas y a decisiones estrat\u00e9gicas que exigen cohesi\u00f3n interna y credibilidad institucional.<\/p>\n\n\n\n<p>La combinaci\u00f3n de exposici\u00f3n militar externa, cuestionamientos a la soberan\u00eda, corrupci\u00f3n de alto impacto y deterioro de servicios esenciales configura un escenario que la experiencia hist\u00f3rica aconseja no subestimar, porque cuando estos factores convergen, el riesgo de convulsi\u00f3n social deja de ser una hip\u00f3tesis abstracta y pasa a formar parte de las variables reales que condicionan la gobernabilidad, la estabilidad pol\u00edtica y la paz social.<\/p>\n\n\n\n<p>Escenarios de escalada en el Caribe<\/p>\n\n\n\n<p>La actual escalada de tensi\u00f3n en el Caribe no es el resultado de una din\u00e1mica espont\u00e1nea ni de acciones sim\u00e9tricas entre actores, sino de una pol\u00edtica de presi\u00f3n sostenida por Estados Unidos, que ha intensificado su presencia militar, recurrido a incautaciones de buques petroleros y multiplicado amenazas directas contra Venezuela, reeditando un patr\u00f3n hist\u00f3rico de coerci\u00f3n que ha convertido a la regi\u00f3n en escenario de confrontaci\u00f3n.<\/p>\n\n\n\n<p>En este contexto, el presidente Donald Trump aparece como el principal factor de inestabilidad, con un discurso beligerante que parece concentrar su acci\u00f3n exterior casi exclusivamente en el Caribe y Venezuela, mientras la situaci\u00f3n interna de Estados Unidos se deteriora en m\u00faltiples frentes, una combinaci\u00f3n que analistas y sectores pol\u00edticos interpretan como una estrategia de distracci\u00f3n externa para contener un despe\u00f1adero interno cada vez m\u00e1s evidente. Las amenazas de elevar la escalada no se limitan a Venezuela, sino que se extienden a Colombia y M\u00e9xico, ampliando peligrosamente el radio de confrontaci\u00f3n.<\/p>\n\n\n\n<p>Resulta revelador que, en medio de esta escalada verbal y militar, Estados Unidos haya desestimado iniciativas de mediaci\u00f3n planteadas por Brasil, cerrando deliberadamente espacios diplom\u00e1ticos y reforzando una l\u00f3gica de imposici\u00f3n que incrementa el riesgo de errores de c\u00e1lculo, incidentes provocados o respuestas forzadas en una regi\u00f3n hist\u00f3ricamente vulnerable a este tipo de presiones.<\/p>\n\n\n\n<p>Mientras tanto, Venezuela mantiene una postura que contrasta con la narrativa de confrontaci\u00f3n, porque en el plano interno el pa\u00eds transcurre en relativa normalidad, con celebraciones navide\u00f1as y estabilidad social, al tiempo que deja claro que se prepara para defenderse en el terreno en que sea atacada, pero sin aportar acciones que alimenten la escalada ni caer en provocaciones que justifiquen una intensificaci\u00f3n del conflicto, una conducta que subraya d\u00f3nde se origina realmente la tensi\u00f3n y qui\u00e9n insiste en empujarla hacia escenarios de consecuencias imprevisibles.<\/p>\n\n\n\n<p>&nbsp;Navidad bajo tensi\u00f3n social<\/p>\n\n\n\n<p>En el plano interno, la Rep\u00fablica Dominicana vive esta coyuntura regional en medio de un ambiente social particularmente sensible, donde el per\u00edodo navide\u00f1o, tradicionalmente asociado a expectativas de alivio y reencuentro, se ve atravesado por un clima de inquietud marcado por limitaciones econ\u00f3micas, encarecimiento de la vida y una creciente percepci\u00f3n de inseguridad material.<\/p>\n\n\n\n<p>A ese malestar se suma el impacto del esc\u00e1ndalo de corrupci\u00f3n que sacude al Seguro Nacional de Salud (SENASA), que ha trastornado la tranquilidad ciudadana al tocar uno de los \u00e1mbitos m\u00e1s sensibles de la vida cotidiana, el acceso a la salud, generando incertidumbre, indignaci\u00f3n y una sensaci\u00f3n extendida de desprotecci\u00f3n justo en un momento de alta carga emocional para la poblaci\u00f3n.<\/p>\n\n\n\n<p>Cuando la precariedad cotidiana, la desconfianza institucional y la percepci\u00f3n de impunidad convergen en un mismo per\u00edodo, el resultado no suele ser inmediato ni explosivo, pero s\u00ed corrosivo, porque erosiona la cohesi\u00f3n social, debilita la gobernabilidad y profundiza la distancia entre ciudadan\u00eda e instituciones, creando un caldo de cultivo que, de no ser atendido con respuestas claras y cre\u00edbles, puede traducirse en tensiones sociales m\u00e1s profundas en el corto y mediano plazo.<\/p>\n\n\n\n<p>Ohelmis Sanchez<\/p>\n\n\n\n<p><a target=\"_blank\" href=\"mailto:ohelmissanchez8@gmail.com\" rel=\"noreferrer noopener\">ohelmissanchez8@gmail.com<\/a><\/p>\n","protected":false},"excerpt":{"rendered":"<p>POR &nbsp;RAFAEL MENDEZ El Caribe atraviesa en este momento uno de los niveles m\u00e1s altos de tensi\u00f3n y atenci\u00f3n mundial como consecuencia directa de la escalada impulsada por Estados Unidos, que ha intensificado su presencia militar en la regi\u00f3n y endurecido sus acciones contra Venezuela, incluyendo la incautaci\u00f3n de buques petroleros, en un contexto que [&hellip;]<\/p>\n","protected":false},"author":2,"featured_media":607953,"comment_status":"closed","ping_status":"closed","sticky":false,"template":"","format":"standard","meta":{"footnotes":""},"categories":[36,19,16],"tags":[178],"class_list":["post-657395","post","type-post","status-publish","format-standard","has-post-thumbnail","hentry","category-hombresmujeresycosas","category-mi-voz","category-opiniones","tag-rafael-mendez"],"_links":{"self":[{"href":"https:\/\/diariodominicano.com\/index.php?rest_route=\/wp\/v2\/posts\/657395","targetHints":{"allow":["GET"]}}],"collection":[{"href":"https:\/\/diariodominicano.com\/index.php?rest_route=\/wp\/v2\/posts"}],"about":[{"href":"https:\/\/diariodominicano.com\/index.php?rest_route=\/wp\/v2\/types\/post"}],"author":[{"embeddable":true,"href":"https:\/\/diariodominicano.com\/index.php?rest_route=\/wp\/v2\/users\/2"}],"replies":[{"embeddable":true,"href":"https:\/\/diariodominicano.com\/index.php?rest_route=%2Fwp%2Fv2%2Fcomments&post=657395"}],"version-history":[{"count":3,"href":"https:\/\/diariodominicano.com\/index.php?rest_route=\/wp\/v2\/posts\/657395\/revisions"}],"predecessor-version":[{"id":657472,"href":"https:\/\/diariodominicano.com\/index.php?rest_route=\/wp\/v2\/posts\/657395\/revisions\/657472"}],"wp:featuredmedia":[{"embeddable":true,"href":"https:\/\/diariodominicano.com\/index.php?rest_route=\/wp\/v2\/media\/607953"}],"wp:attachment":[{"href":"https:\/\/diariodominicano.com\/index.php?rest_route=%2Fwp%2Fv2%2Fmedia&parent=657395"}],"wp:term":[{"taxonomy":"category","embeddable":true,"href":"https:\/\/diariodominicano.com\/index.php?rest_route=%2Fwp%2Fv2%2Fcategories&post=657395"},{"taxonomy":"post_tag","embeddable":true,"href":"https:\/\/diariodominicano.com\/index.php?rest_route=%2Fwp%2Fv2%2Ftags&post=657395"}],"curies":[{"name":"wp","href":"https:\/\/api.w.org\/{rel}","templated":true}]}}