{"id":65738,"date":"2012-05-05T17:37:56","date_gmt":"2012-05-05T17:37:56","guid":{"rendered":"http:\/\/diariodominicano.ddns.net\/?p=65738"},"modified":"2012-05-05T17:37:56","modified_gmt":"2012-05-05T17:37:56","slug":"la-columna-de-miguel-guerrero-dejara-de-publicarse-por-tres-meses","status":"publish","type":"post","link":"https:\/\/diariodominicano.com\/?p=65738","title":{"rendered":"La columna de Miguel Guerrero dejar\u00e1 de publicarse por tres meses"},"content":{"rendered":"<p><body><\/p>\n<p><img decoding=\"async\" src=\"img3\/Miguel Guerrero.JPG\" \/>  <\/p>\n<p><span class=\"text1noticias\">Rep.Dom. 5 de Mayo 1:35 P.M.-El periodista y escritor Miguel Guerrero anunci\u00f3 hoy que su columna diaria en El Caribe dejar\u00e1 de publicarse por tres meses, a partir del viernes 1 de junio hasta el lunes 3 de septiembre, a fin de dedicarle ese tiempo a la terminaci\u00f3n de  varios proyectos bibliogr\u00e1ficos.<\/span><\/p>\n<p><span class=\"text1noticias\"> <\/span><\/p>\n<p><span class=\"text1noticias\">Guerrero, que mantiene su columna desde mediados de septiembre de 1978, con muy breves interrupciones, dijo que durante ese lapso limitar\u00e1 su participaci\u00f3n a dos d\u00edas por semana, en su programa diario Portada, que se transmite de lunes a viernes por el canal 10, ONTV, de Telecable Nacional, de siete a ocho de la noche, y reproducen varias compa\u00f1\u00edas de cable del pa\u00eds.<\/span><\/p>\n<p><span class=\"text1noticias\"> <\/span><\/p>\n<p><span class=\"text1noticias\">\u00abEsta decisi\u00f3n no pod\u00eda ser dilatada\u00bb, explic\u00f3 Guerrero, quien dijo que hace varios a\u00f1os, quiso tomarse esa licencia pero el director de entonces de El Caribe, Manuel Quiroz, le pidi\u00f3 que postergara la decisi\u00f3n debido a solicitud de lectores de la columna.<\/span><\/p>\n<p><span class=\"text1noticias\"> <\/span><\/p>\n<p><span class=\"text1noticias\">Inform\u00f3 que sus proyectos bibliogr\u00e1ficos se refieren a las relaciones de Trujillo contra la Iglesia, a la campa\u00f1a guerrillera del coronel Caama\u00f1o y a su labor como columnista en los \u00faltimos a\u00f1os.<\/span><\/p>\n<p><span class=\"text1noticias\"> <\/span><\/p>\n<p><span class=\"text1noticias\">Indic\u00f3 que antes de hacer p\u00fablico su periodo sab\u00e1tico, le comunic\u00f3 a la presidencia y administraci\u00f3n del peri\u00f3dico su decisi\u00f3n, recibiendo el respaldo que \u00ablo hace posible\u00bb, por lo cual expres\u00f3 su agradecimiento a Multimedios del Caribe por \u00bb su comprensi\u00f3n\u00bb.<\/span><\/p>\n<p><span class=\"text1noticias\"> <\/span><\/p>\n<p><span class=\"text1noticias\">Guerrero distribuye su tiempo como columnista, productor y conductor de televisi\u00f3n y la agencia de comunicaciones que preside su hija, Lara Guerrero. Ha publicado once libros varios de los cuales han sido galardonados en el pa\u00eds y en el extranjero, con los siguientes t\u00edtulos: La generaci\u00f3n de mis padres, En la tierra prometida, Enero de 1962:El despertar dominicano, Los \u00faltimos d\u00edas de la Era de Trujillo, La lucha inevitable, Trujillo y los h\u00e9roes de junio, La ira del tirano (que narra el atentado contra el presidente de Venezuela R\u00f3mulo Betancourt), El golpe de estado: Historia del derrocamiento de Juan Bosch, El mundo que qued\u00f3 atr\u00e1s, Al borde del caos y Tocando fondo: Historia de la crisis bancaria del 2003.<\/span><\/p>\n<p><span class=\"text1noticias\"> <\/span><\/p>\n<p><span class=\"text1noticias\">Fue ganador del Premio Nacional de Historia del 2000 y ese mismo a\u00f1o fue galardonado con el Premio al Mejor Libro del a\u00f1o en la Feria Internacional del Libro de Santo Domingo, que auspicia el Grupo Le\u00f3n Jimenes.(HG)<\/span>.<\/p>\n<\/p>\n<h6> 2012-05-05 17:37:56 <\/h6>\n<p><!--\n<link rel=\"stylesheet\" href=\"css\/bootstrap.min.css\">\n\n\n<ul class=\"pagination\">\n\t    \n\t\n\n<li >\n\t<a href='?page_no=17415'>Previous<\/a>\n\t<\/li>\n\n\n       \n    \n\n<li><a href='?page_no=1'>1<\/a><\/li>\n\n\n\n<li><a href='?page_no=2'>2<\/a><\/li>\n\n\n\n<li><a>...<\/a><\/li>\n\n\n\n<li><a href='?page_no=17414'>17414<\/a><\/li>\n\n\n\n<li><a href='?page_no=17415'>17415<\/a><\/li>\n\n\n\n<li class='active'><a>17416<\/a><\/li>\n\n\n\n<li><a href='?page_no=17417'>17417<\/a><\/li>\n\n\n\n<li><a href='?page_no=17418'>17418<\/a><\/li>\n\n\n\n<li><a>...<\/a><\/li>\n\n\n\n<li><a href='?page_no=22911'>22911<\/a><\/li>\n\n\n\n<li><a href='?page_no=22912'>22912<\/a><\/li>\n\n    \n\t\n\n<li >\n\t<a href='?page_no=17417'>Next<\/a>\n\t<\/li>\n\n\n    \n\n<li><a href='?page_no=22912'>Last &rsaquo;&rsaquo;<\/a><\/li>\n\n<\/ul>\n\n\n--><br \/>\n<\/body><\/p>\n","protected":false},"excerpt":{"rendered":"<p>Rep.Dom. 5 de Mayo 1:35 P.M.-El periodista y escritor Miguel Guerrero anunci\u00f3 hoy que su columna diaria en El Caribe dejar\u00e1 de publicarse por tres meses, a partir del viernes 1 de junio hasta el lunes 3 de septiembre, a fin de dedicarle ese tiempo a la terminaci\u00f3n de varios proyectos bibliogr\u00e1ficos. Guerrero, que mantiene [&hellip;]<\/p>\n","protected":false},"author":3,"featured_media":0,"comment_status":"open","ping_status":"open","sticky":false,"template":"","format":"standard","meta":{"footnotes":""},"categories":[21],"tags":[],"class_list":["post-65738","post","type-post","status-publish","format-standard","hentry","category-cultura"],"_links":{"self":[{"href":"https:\/\/diariodominicano.com\/index.php?rest_route=\/wp\/v2\/posts\/65738","targetHints":{"allow":["GET"]}}],"collection":[{"href":"https:\/\/diariodominicano.com\/index.php?rest_route=\/wp\/v2\/posts"}],"about":[{"href":"https:\/\/diariodominicano.com\/index.php?rest_route=\/wp\/v2\/types\/post"}],"author":[{"embeddable":true,"href":"https:\/\/diariodominicano.com\/index.php?rest_route=\/wp\/v2\/users\/3"}],"replies":[{"embeddable":true,"href":"https:\/\/diariodominicano.com\/index.php?rest_route=%2Fwp%2Fv2%2Fcomments&post=65738"}],"version-history":[{"count":0,"href":"https:\/\/diariodominicano.com\/index.php?rest_route=\/wp\/v2\/posts\/65738\/revisions"}],"wp:attachment":[{"href":"https:\/\/diariodominicano.com\/index.php?rest_route=%2Fwp%2Fv2%2Fmedia&parent=65738"}],"wp:term":[{"taxonomy":"category","embeddable":true,"href":"https:\/\/diariodominicano.com\/index.php?rest_route=%2Fwp%2Fv2%2Fcategories&post=65738"},{"taxonomy":"post_tag","embeddable":true,"href":"https:\/\/diariodominicano.com\/index.php?rest_route=%2Fwp%2Fv2%2Ftags&post=65738"}],"curies":[{"name":"wp","href":"https:\/\/api.w.org\/{rel}","templated":true}]}}