{"id":65737,"date":"2012-05-05T17:48:22","date_gmt":"2012-05-05T17:48:22","guid":{"rendered":"http:\/\/diariodominicano.ddns.net\/?p=65737"},"modified":"2012-05-05T17:48:22","modified_gmt":"2012-05-05T17:48:22","slug":"uasd-y-mescyt-entregan-premiaciones-olimpiadas-nacionales-ciencias-naturaleza","status":"publish","type":"post","link":"https:\/\/diariodominicano.com\/?p=65737","title":{"rendered":"UASD y MESCyT entregan premiaciones Olimpiadas Nacionales Ciencias Naturaleza"},"content":{"rendered":"<p><body><\/p>\n<p><img decoding=\"async\" src=\"img3\/olimpiadas.JPG\" \/>  <\/p>\n<p><span class=\"text1noticias\">Rep.Dom. 5 de Mayo 1:48 P.M.-La Facultad de Ciencias de la Universidad Aut\u00f3noma de Santo Domingo (UASD) y el Ministerio de Educaci\u00f3n Superior, Ciencia y Tecnolog\u00eda (MESCyT), realizaron el acto de premiaci\u00f3n y clausura de las Olimpiadas Nacionales de Ciencias de la Naturaleza, en el que resultaron ganadores de los primeros lugares Abel Gonz\u00e1lez Tam\u00e1rez, Yefry Rodr\u00edguez Betances y Pamela Garc\u00eda Reyes, de Puerto Plata, Montecristi y Santo Domingo, respectivamente.<\/span><\/p>\n<\/p>\n<p><span class=\"text1noticias\">El acto de premiaci\u00f3n, que se realiz\u00f3 en el auditorio Manuel del Cabral, fue encabezado por el vicerrector de Extensi\u00f3n, maestro Francisco Galarza, en representaci\u00f3n del rector Mateo Aquino Febrillet, quien exhort\u00f3 a los estudiantes participantes a continuar desarroll\u00e1ndose y compitiendo para que coloquen a la naci\u00f3n en un ambiente sano y en una econom\u00eda pr\u00f3spera, fundamentada en la investigaci\u00f3n.<\/span><\/p>\n<\/p>\n<p><span class=\"text1noticias\">Mientras, la decana de la Facultad de Ciencias, maestra Miledy Alberto dijo que las olimpiadas nacionales, que se realizan desde hace 11 a\u00f1os, en las \u00e1reas de biolog\u00eda, f\u00edsica y qu\u00edmica, tienen como prop\u00f3sito incentivar a los j\u00f3venes de todo el pa\u00eds a profundizar el estudio de las ciencias b\u00e1sicas, ya que \u00e9stas son importantes para el desarrollo del pa\u00eds.<\/span><\/p>\n<\/p>\n<p><span class=\"text1noticias\">Los ganadores de los segundos lugares fueron: en biolog\u00eda, Paola Alm\u00e1nzar L\u00f3pez, de La Vega; en qu\u00edmica, Enmanuel David Acevedo de la Cruz, del Distrito Nacional; y en f\u00edsica, Johan Jonattan Pascual Dom\u00ednguez, de Puerto Plata; mientras los terceros lugares recayeron: en biolog\u00eda, Arialice Garc\u00eda, de Santiago; en qu\u00edmica, B\u00e1rbara Garriga Vargas, de San Juan de la Maguana; y en f\u00edsica, Yasser Adames Feliz, de San Crist\u00f3bal.<\/span><\/p>\n<\/p>\n<p><span class=\"text1noticias\">Asimismo recibieron Menciones de Honor: en biolog\u00eda, Kelsie L. Pereyra, de Moca, y Frank Luis Brito Mart\u00ednez, de Puerto Plata; en qu\u00edmica, Lorainys Lora Placencio, de Puerto Plata, e Isabel Rodr\u00edguez Torres, de Montecristi; y en f\u00edsica, John Garc\u00eda Rodr\u00edguez, de Dajab\u00f3n, y Federico Schinette, de La Vega. Todos recibieron medallas, y, dependiendo de los lugares alcanzados, recibieron trofeos, minilaptos, c\u00e1maras digitales y mp4.<\/span><\/p>\n<\/p>\n<p><span class=\"text1noticias\">En el acto de premiaci\u00f3n estuvieron presentes adem\u00e1s, la directora del Programa Impacto del MESCyT, Ligia Henr\u00edquez; del Departamento del Curr\u00edculo del MESCyT, Marcos Rosa; el vicedecano de la Facultad de Ciencias, Radham\u00e9s Silverio; el director de la Escuela de F\u00edsica, Osiris Robles; el director de la Escuela de Biolog\u00eda, C\u00e9sar Mateo; el director de la Escuela de Qu\u00edmica, Silvio Rodr\u00edguez, as\u00ed como profesores y estudiantes de todo el pa\u00eds.(HG)<\/span>.<\/p>\n<h6> 2012-05-05 17:48:22 <\/h6>\n<p><!--\n<link rel=\"stylesheet\" href=\"css\/bootstrap.min.css\">\n\n\n<ul class=\"pagination\">\n\t    \n\t\n\n<li >\n\t<a href='?page_no=17414'>Previous<\/a>\n\t<\/li>\n\n\n       \n    \n\n<li><a href='?page_no=1'>1<\/a><\/li>\n\n\n\n<li><a href='?page_no=2'>2<\/a><\/li>\n\n\n\n<li><a>...<\/a><\/li>\n\n\n\n<li><a href='?page_no=17413'>17413<\/a><\/li>\n\n\n\n<li><a href='?page_no=17414'>17414<\/a><\/li>\n\n\n\n<li class='active'><a>17415<\/a><\/li>\n\n\n\n<li><a href='?page_no=17416'>17416<\/a><\/li>\n\n\n\n<li><a href='?page_no=17417'>17417<\/a><\/li>\n\n\n\n<li><a>...<\/a><\/li>\n\n\n\n<li><a href='?page_no=22911'>22911<\/a><\/li>\n\n\n\n<li><a href='?page_no=22912'>22912<\/a><\/li>\n\n    \n\t\n\n<li >\n\t<a href='?page_no=17416'>Next<\/a>\n\t<\/li>\n\n\n    \n\n<li><a href='?page_no=22912'>Last &rsaquo;&rsaquo;<\/a><\/li>\n\n<\/ul>\n\n\n--><br \/>\n<\/body><\/p>\n","protected":false},"excerpt":{"rendered":"<p>Rep.Dom. 5 de Mayo 1:48 P.M.-La Facultad de Ciencias de la Universidad Aut\u00f3noma de Santo Domingo (UASD) y el Ministerio de Educaci\u00f3n Superior, Ciencia y Tecnolog\u00eda (MESCyT), realizaron el acto de premiaci\u00f3n y clausura de las Olimpiadas Nacionales de Ciencias de la Naturaleza, en el que resultaron ganadores de los primeros lugares Abel Gonz\u00e1lez Tam\u00e1rez, [&hellip;]<\/p>\n","protected":false},"author":3,"featured_media":0,"comment_status":"open","ping_status":"open","sticky":false,"template":"","format":"standard","meta":{"footnotes":""},"categories":[21],"tags":[],"class_list":["post-65737","post","type-post","status-publish","format-standard","hentry","category-cultura"],"_links":{"self":[{"href":"https:\/\/diariodominicano.com\/index.php?rest_route=\/wp\/v2\/posts\/65737","targetHints":{"allow":["GET"]}}],"collection":[{"href":"https:\/\/diariodominicano.com\/index.php?rest_route=\/wp\/v2\/posts"}],"about":[{"href":"https:\/\/diariodominicano.com\/index.php?rest_route=\/wp\/v2\/types\/post"}],"author":[{"embeddable":true,"href":"https:\/\/diariodominicano.com\/index.php?rest_route=\/wp\/v2\/users\/3"}],"replies":[{"embeddable":true,"href":"https:\/\/diariodominicano.com\/index.php?rest_route=%2Fwp%2Fv2%2Fcomments&post=65737"}],"version-history":[{"count":0,"href":"https:\/\/diariodominicano.com\/index.php?rest_route=\/wp\/v2\/posts\/65737\/revisions"}],"wp:attachment":[{"href":"https:\/\/diariodominicano.com\/index.php?rest_route=%2Fwp%2Fv2%2Fmedia&parent=65737"}],"wp:term":[{"taxonomy":"category","embeddable":true,"href":"https:\/\/diariodominicano.com\/index.php?rest_route=%2Fwp%2Fv2%2Fcategories&post=65737"},{"taxonomy":"post_tag","embeddable":true,"href":"https:\/\/diariodominicano.com\/index.php?rest_route=%2Fwp%2Fv2%2Ftags&post=65737"}],"curies":[{"name":"wp","href":"https:\/\/api.w.org\/{rel}","templated":true}]}}