{"id":65735,"date":"2012-05-05T18:35:26","date_gmt":"2012-05-05T18:35:26","guid":{"rendered":"http:\/\/diariodominicano.ddns.net\/?p=65735"},"modified":"2012-05-05T18:35:26","modified_gmt":"2012-05-05T18:35:26","slug":"obra-de-montas-es-considerada-como-la-vision-de-una-estafa-anunciada","status":"publish","type":"post","link":"https:\/\/diariodominicano.com\/?p=65735","title":{"rendered":"Obra de Mont\u00e1s es considerada como \u00abla Visi\u00f3n de una Estafa Anunciada\u00bb"},"content":{"rendered":"<p><body><\/p>\n<p><img decoding=\"async\" src=\"img3\/estafa.JPG\" \/>  <\/p>\n<p><span class=\"text1noticias\">Rep.Dom. 5 de Mayo 2:35 P.M.-El dirigente pol\u00edtico Tem\u00edstocles Mont\u00e1s consider\u00f3  v\u00e1lido recordar en estos momentos a los votantes el argumento de que \u00abno todo el que quiere ser Presidente puede ser Presidente\u00bb, y  que por no ser captado en el 2000 permiti\u00f3 que Hip\u00f3lito Mej\u00eda ganara la Presidencia de la Rep\u00fablica que busca nuevamente.<\/span><\/p>\n<\/p>\n<p><span class=\"text1noticias\">\tDijo que ese es el mensaje que quiso dejar al poner en circulaci\u00f3n la segunda edici\u00f3n de su obra \u00abLa Gran Estafa: Lo que estaba predicho\u00bb, subtitulada \u00abEl legado que deja Hip\u00f3lito Mej\u00eda\u00bb, presentada por el senador Jos\u00e9 Rafael Vargas (PLD-Espaillat) en un  hotel  de esta capital ante decenas de invitados.<\/span><\/p>\n<\/p>\n<p><span class=\"text1noticias\">\tEn la mesa acompa\u00f1aron al autor los embajadores dominicanos An\u00edbal de Castro, en Washington y Virgilio Alc\u00e1ntara, en Naciones Unidas; Rafael P\u00e9rez Modesto, gerente del Consejo Nacional Seguridad  Social y Vargas.<\/span><\/p>\n<\/p>\n<p><span class=\"text1noticias\">\tMont\u00e1s, presentado por Juan Monegro, confi\u00f3 en que el PLD, que postula a Danilo Medina, ganar\u00e1 debido a la estrat\u00e9gica alianza con el opositor Partido Reformista (PRSC) que le garantiz\u00f3 el primer triunfo en 1996 al 2000, cuando perdi\u00f3 de Mej\u00eda.<\/span><\/p>\n<\/p>\n<p><span class=\"text1noticias\">\tObserv\u00f3 que previo a la derrota ese a\u00f1o, al final de la campa\u00f1a, \u00e9l y Leonel Fern\u00e1ndez entendieron que deb\u00edan dejar al pa\u00eds un testimonio en un spot publicitario en que preven\u00edan que \u00abno todo el que quiere ser Presidente puede ser Presidente\u00bb.<\/span><\/p>\n<\/p>\n<p><span class=\"text1noticias\">\u00abPero ese mensaje sobre las repercusiones que tendr\u00eda para el pa\u00eds que Hip\u00f3lito ganara la Presidencia no lleg\u00f3, no fue captado\u00bb en la ocasi\u00f3n, por lo que dijo esperar que sea entendido esta vez.<\/span><\/p>\n<\/p>\n<p><span class=\"text1noticias\">El miembro del comit\u00e9 pol\u00edtico y central del partido oficial declar\u00f3 que desde la reforma constitucional de 1994, la que estableci\u00f3 segunda vuelta y sistema de balotaje, se abri\u00f3 en el pa\u00eds una nueva manera de hacer pol\u00edtica que el PLD aprovech\u00f3 desde que en 1996 acept\u00f3 el apoyo de Balaguer que le dio el triunfo desde el Frente Patri\u00f3tico.<\/span><\/p>\n<\/p>\n<p><span class=\"text1noticias\">\u00abAhora bien, en el 2000 no se pudo repetir el frente, lo que explica el porqu\u00e9 se perdieron las elecciones. Inclusive, Leonel, cuando se buscaba culpables, dijo que para saber porqu\u00e9 perdimos (en el 2000) ten\u00edamos que saber porqu\u00e9 ganamos en el 96: porque hubo un acuerdo con el Reformista que no hubo en el 2000\u00bb, rememor\u00f3.<\/span><\/p>\n<\/p>\n<p><span class=\"text1noticias\"> \tDe su parte, al presentar la obra, el senador Vargas la calific\u00f3 como \u00abUna cr\u00f3nica de una estafa anunciada\u00bb, la cual convierte a Mont\u00e1s en el cronista de una tragedia que visualiz\u00f3 antes, durante y despu\u00e9s de \u00abun azaroso ejercicio de poder\u00bb.<\/span><\/p>\n<\/p>\n<p><span class=\"text1noticias\">Consider\u00f3 oportuno en esta nueva coyuntura electoral, que compar\u00f3 con las del 2000 y 2004,  que se prevenga con la segunda edici\u00f3n de la obra la memoria colectiva del pueblo.<\/span><\/p>\n<\/p>\n<p><span class=\"text1noticias\">LA OBRA<\/span><\/p>\n<\/p>\n<p><span class=\"text1noticias\">Mont\u00e1s, quien habl\u00f3 en la ceremonia, en la introducci\u00f3n de la obra bajo el t\u00edtulo \u00abUn interminable rosario de desaciertos\u00bb,  recuerda que antes de Mej\u00eda ascender al poder nadie imagin\u00f3 que un hombre vendido por el mercadeo pol\u00edtico como gran gerente \u00abconducir\u00eda a la Rep\u00fablica Dominicana a un brutal colapso econ\u00f3mico y social\u00bb.<\/span><\/p>\n<\/p>\n<p><span class=\"text1noticias\">Mont\u00e1s dice que eso se ve\u00eda venir desde el primer momento en que Mej\u00eda perdi\u00f3 una hoja cuando pronunciaba su discurso en el acto de toma de posesi\u00f3n el 16 de agosto de 2000 y luego con el \u00abcantinflesco\u00bb cambio de hora que dispuso a final de ese a\u00f1o, en el solsticio de oto\u00f1o, cuando atras\u00f3 en lugar de adelantar las manecillas del reloj, convirtiendo as\u00ed las tardes en noches.<\/span><\/p>\n<\/p>\n<p><span class=\"text1noticias\">Tambi\u00e9n rememora el paquetazo fiscal de principios de 2001 que grab\u00f3 los ingresos brutos de las empresas y extendi\u00f3 el ITBIS despu\u00e9s de aumentarlo en 50% a los alquileres, los servicios jur\u00eddicos, profesionales, a la publicidad y a  los boletos a\u00e9reos.<\/span><\/p>\n<\/p>\n<p><span class=\"text1noticias\">Esas medidas fueron \u00abinoportunas\u00bb e \u00abimprudentes\u00bb, porque en lugar de atenuar potenciaron los evidentes signos de desaceleraci\u00f3n que mostraba entonces la econom\u00eda dominicana por la reducci\u00f3n en el ritmo de crecimiento de la norteamericana, dice el autor, miembro de los comit\u00e9s pol\u00edtico y central del PLD. <\/span><\/p>\n<\/p>\n<p><span class=\"text1noticias\">El autor dedica a su madre y a su difunto padre el libro de 451 p\u00e1ginas, dividido en cuatro partes, cada una de las cuales con los art\u00edculos publicados, que expone de manera cronol\u00f3gica para que el lector reciba una visi\u00f3n l\u00f3gica de todo cuanto ocurri\u00f3 en los cuatro a\u00f1os que Mej\u00eda gobern\u00f3 el pa\u00eds.<\/span><\/p>\n<\/p>\n<p><span class=\"text1noticias\"> \u00abEste no es un libro agradable, porque trata sobre el fracaso de un mal gobierno, del retroceso que ha significado para el pa\u00eds en su conjunto la administraci\u00f3n encabezada por Hip\u00f3lito Mej\u00eda y de la frustraci\u00f3n que ha significado de nuevo el Partido Revolucionario Dominicano para la mayor\u00eda de la poblaci\u00f3n\u00bb, comenta el autor en el pr\u00f3logo.<\/span><\/p>\n<\/p>\n<p><span class=\"text1noticias\">En el ep\u00edlogo de la obra, bajo el t\u00edtulo \u00abLo que el pa\u00eds se juega el 16 de mayo\u00bb, el autor advert\u00eda el 21 de marzo de 2004, a casi un mes de las votaciones, que lo que estaba en juego era \u00ab&#8230;la paz social, el sosiego y la tranquilidad de la familia dominicana\u00bb, la degradaci\u00f3n de las instituciones p\u00fablicas, pero tambi\u00e9n \u00ab&#8230;la posibilidad de de retomar el camino del progreso\u00bb que se hab\u00eda perdido.<\/span><\/p>\n<\/p>\n<p><span class=\"text1noticias\">Y sentenciaba que \u00abHip\u00f3lito Mej\u00eda y su partido han fracasado de manera estrepitosa en el manejo de la administraci\u00f3n del Estado\u00bb.(HG)<\/span>.<\/p>\n<\/p>\n<h6> 2012-05-05 18:35:26 <\/h6>\n<p><!--\n<link rel=\"stylesheet\" href=\"css\/bootstrap.min.css\">\n\n\n<ul class=\"pagination\">\n\t    \n\t\n\n<li >\n\t<a href='?page_no=17412'>Previous<\/a>\n\t<\/li>\n\n\n       \n    \n\n<li><a href='?page_no=1'>1<\/a><\/li>\n\n\n\n<li><a href='?page_no=2'>2<\/a><\/li>\n\n\n\n<li><a>...<\/a><\/li>\n\n\n\n<li><a href='?page_no=17411'>17411<\/a><\/li>\n\n\n\n<li><a href='?page_no=17412'>17412<\/a><\/li>\n\n\n\n<li class='active'><a>17413<\/a><\/li>\n\n\n\n<li><a href='?page_no=17414'>17414<\/a><\/li>\n\n\n\n<li><a href='?page_no=17415'>17415<\/a><\/li>\n\n\n\n<li><a>...<\/a><\/li>\n\n\n\n<li><a href='?page_no=22911'>22911<\/a><\/li>\n\n\n\n<li><a href='?page_no=22912'>22912<\/a><\/li>\n\n    \n\t\n\n<li >\n\t<a href='?page_no=17414'>Next<\/a>\n\t<\/li>\n\n\n    \n\n<li><a href='?page_no=22912'>Last &rsaquo;&rsaquo;<\/a><\/li>\n\n<\/ul>\n\n\n--><br \/>\n<\/body><\/p>\n","protected":false},"excerpt":{"rendered":"<p>Rep.Dom. 5 de Mayo 2:35 P.M.-El dirigente pol\u00edtico Tem\u00edstocles Mont\u00e1s consider\u00f3 v\u00e1lido recordar en estos momentos a los votantes el argumento de que \u00abno todo el que quiere ser Presidente puede ser Presidente\u00bb, y que por no ser captado en el 2000 permiti\u00f3 que Hip\u00f3lito Mej\u00eda ganara la Presidencia de la Rep\u00fablica que busca nuevamente. [&hellip;]<\/p>\n","protected":false},"author":3,"featured_media":0,"comment_status":"open","ping_status":"open","sticky":false,"template":"","format":"standard","meta":{"footnotes":""},"categories":[21],"tags":[],"class_list":["post-65735","post","type-post","status-publish","format-standard","hentry","category-cultura"],"_links":{"self":[{"href":"https:\/\/diariodominicano.com\/index.php?rest_route=\/wp\/v2\/posts\/65735","targetHints":{"allow":["GET"]}}],"collection":[{"href":"https:\/\/diariodominicano.com\/index.php?rest_route=\/wp\/v2\/posts"}],"about":[{"href":"https:\/\/diariodominicano.com\/index.php?rest_route=\/wp\/v2\/types\/post"}],"author":[{"embeddable":true,"href":"https:\/\/diariodominicano.com\/index.php?rest_route=\/wp\/v2\/users\/3"}],"replies":[{"embeddable":true,"href":"https:\/\/diariodominicano.com\/index.php?rest_route=%2Fwp%2Fv2%2Fcomments&post=65735"}],"version-history":[{"count":0,"href":"https:\/\/diariodominicano.com\/index.php?rest_route=\/wp\/v2\/posts\/65735\/revisions"}],"wp:attachment":[{"href":"https:\/\/diariodominicano.com\/index.php?rest_route=%2Fwp%2Fv2%2Fmedia&parent=65735"}],"wp:term":[{"taxonomy":"category","embeddable":true,"href":"https:\/\/diariodominicano.com\/index.php?rest_route=%2Fwp%2Fv2%2Fcategories&post=65735"},{"taxonomy":"post_tag","embeddable":true,"href":"https:\/\/diariodominicano.com\/index.php?rest_route=%2Fwp%2Fv2%2Ftags&post=65735"}],"curies":[{"name":"wp","href":"https:\/\/api.w.org\/{rel}","templated":true}]}}