{"id":65734,"date":"2012-05-05T19:05:25","date_gmt":"2012-05-05T19:05:25","guid":{"rendered":"http:\/\/diariodominicano.ddns.net\/?p=65734"},"modified":"2012-05-05T19:05:25","modified_gmt":"2012-05-05T19:05:25","slug":"dedican-calle-de-la-feria-a-escritora-pura-emeterio-rondon","status":"publish","type":"post","link":"https:\/\/diariodominicano.com\/?p=65734","title":{"rendered":"Dedican calle de la Feria a escritora  Pura Emeterio Rond\u00f3n"},"content":{"rendered":"<p><body><\/p>\n<p><img decoding=\"async\" src=\"http:\/\/localhost:8080\/img3\/rondon.JPG\" \/>  <\/p>\n<p><span class=\"text1noticias\">Rep.Dom. 5 de Mayo 3:13 P.M.-El Ministerio de Cultura y la Direcci\u00f3n de la Feria del Libro rindieron honor  a la escritora, ensayista literaria y catedr\u00e1tica universitaria, Pura Emeterio Rond\u00f3n, designando una calle con su nombre en el per\u00edmetro ferial. <\/span><\/p>\n<\/p>\n<p><span class=\"text1noticias\">El acto estuvo presidido por el director general de la Feria del Libro, Alejandro Arvelo, el viceministro de Desarrollo Institucional, Mateo Morrison, Rafael Garc\u00eda Romero, director de Cultura del Ministerio de Educaci\u00f3n y  Te\u00f3filo Terrero, coordinador de la actividad.<\/span><\/p>\n<\/p>\n<p><span class=\"text1noticias\">La tallerista Yolaine Mojica, miembro del  Sistema de Taller Literario del Ministerio de Cultura, ley\u00f3 un ensayo sobre la autora.<\/span><\/p>\n<\/p>\n<p><span class=\"text1noticias\">Mateo Morrison tuvo a su cargo las palabras centrales, en las que, valor\u00f3 los escritos de Rond\u00f3n y la riqueza de sus ensayos \u00abdesde los diversos abordajes en que ha asumido el hecho literario Pura Emeterio Rond\u00f3n, el del ensayo cr\u00edtico se presenta como el n\u00facleos b\u00e1sicos de su continuos amplios e indiscutibles aportes a la literatura\u00bb.<\/span><\/p>\n<\/p>\n<p><span class=\"text1noticias\">Destac\u00f3 la madurez que la homenajeada refleja en sus trabajos y que haya entendido que el camino es la excelencia que \u00abaparece en cada una de sus obras. Ella toma lo necesario de la tradici\u00f3n e  incorpora aspectos ling\u00fc\u00edsticos incursionando  en los estudios culturales para abordar con \u00e9xito, aspectos  que penetran en temas pocas veces abordados en nuestra literatura\u00bb.<\/span><\/p>\n<\/p>\n<p><span class=\"text1noticias\"> La autora de \u00abEstudios cr\u00edticos del la literatura dominicana contempor\u00e1nea\u00bb en sus palabras de agradecimiento dijo estar contenta, porque durante un a\u00f1o la calle detr\u00e1s de la Cinemateca Dominicana ostentar\u00e1 su nombre. <\/span><\/p>\n<\/p>\n<p><span class=\"text1noticias\">\u00abDeseo que esta calle que se inaugura hoy, pero que empez\u00f3 hace varias d\u00e9cadas, mi calle sea m\u00e1s desde hoy un espacio de encuentro un espacio de convergencia y de intercambio para los afectos, de intercambio para el conocimiento e intercambio para las solidaridades si eso fuere as\u00ed estar\u00eda muy contenta\u00bb.(HG)<\/span>.<\/p>\n<h6> 2012-05-05 19:05:25 <\/h6>\n<p><!--\n<link rel=\"stylesheet\" href=\"css\/bootstrap.min.css\">\n\n\n<ul class=\"pagination\">\n\t    \n\t\n\n<li >\n\t<a href='?page_no=17411'>Previous<\/a>\n\t<\/li>\n\n\n       \n    \n\n<li><a href='?page_no=1'>1<\/a><\/li>\n\n\n\n<li><a href='?page_no=2'>2<\/a><\/li>\n\n\n\n<li><a>...<\/a><\/li>\n\n\n\n<li><a href='?page_no=17410'>17410<\/a><\/li>\n\n\n\n<li><a href='?page_no=17411'>17411<\/a><\/li>\n\n\n\n<li class='active'><a>17412<\/a><\/li>\n\n\n\n<li><a href='?page_no=17413'>17413<\/a><\/li>\n\n\n\n<li><a href='?page_no=17414'>17414<\/a><\/li>\n\n\n\n<li><a>...<\/a><\/li>\n\n\n\n<li><a href='?page_no=22911'>22911<\/a><\/li>\n\n\n\n<li><a href='?page_no=22912'>22912<\/a><\/li>\n\n    \n\t\n\n<li >\n\t<a href='?page_no=17413'>Next<\/a>\n\t<\/li>\n\n\n    \n\n<li><a href='?page_no=22912'>Last &rsaquo;&rsaquo;<\/a><\/li>\n\n<\/ul>\n\n\n--><br \/>\n<\/body><\/p>\n","protected":false},"excerpt":{"rendered":"<p>Rep.Dom. 5 de Mayo 3:13 P.M.-El Ministerio de Cultura y la Direcci\u00f3n de la Feria del Libro rindieron honor a la escritora, ensayista literaria y catedr\u00e1tica universitaria, Pura Emeterio Rond\u00f3n, designando una calle con su nombre en el per\u00edmetro ferial. El acto estuvo presidido por el director general de la Feria del Libro, Alejandro Arvelo, [&hellip;]<\/p>\n","protected":false},"author":3,"featured_media":0,"comment_status":"open","ping_status":"open","sticky":false,"template":"","format":"standard","meta":{"footnotes":""},"categories":[21],"tags":[],"class_list":["post-65734","post","type-post","status-publish","format-standard","hentry","category-cultura"],"_links":{"self":[{"href":"https:\/\/diariodominicano.com\/index.php?rest_route=\/wp\/v2\/posts\/65734","targetHints":{"allow":["GET"]}}],"collection":[{"href":"https:\/\/diariodominicano.com\/index.php?rest_route=\/wp\/v2\/posts"}],"about":[{"href":"https:\/\/diariodominicano.com\/index.php?rest_route=\/wp\/v2\/types\/post"}],"author":[{"embeddable":true,"href":"https:\/\/diariodominicano.com\/index.php?rest_route=\/wp\/v2\/users\/3"}],"replies":[{"embeddable":true,"href":"https:\/\/diariodominicano.com\/index.php?rest_route=%2Fwp%2Fv2%2Fcomments&post=65734"}],"version-history":[{"count":0,"href":"https:\/\/diariodominicano.com\/index.php?rest_route=\/wp\/v2\/posts\/65734\/revisions"}],"wp:attachment":[{"href":"https:\/\/diariodominicano.com\/index.php?rest_route=%2Fwp%2Fv2%2Fmedia&parent=65734"}],"wp:term":[{"taxonomy":"category","embeddable":true,"href":"https:\/\/diariodominicano.com\/index.php?rest_route=%2Fwp%2Fv2%2Fcategories&post=65734"},{"taxonomy":"post_tag","embeddable":true,"href":"https:\/\/diariodominicano.com\/index.php?rest_route=%2Fwp%2Fv2%2Ftags&post=65734"}],"curies":[{"name":"wp","href":"https:\/\/api.w.org\/{rel}","templated":true}]}}