{"id":65733,"date":"2012-05-05T20:09:39","date_gmt":"2012-05-05T20:09:39","guid":{"rendered":"http:\/\/diariodominicano.ddns.net\/?p=65733"},"modified":"2012-05-05T20:09:39","modified_gmt":"2012-05-05T20:09:39","slug":"euclides-pide-declarar-como-patrimonio-historico-el-edificio-copello","status":"publish","type":"post","link":"https:\/\/diariodominicano.com\/?p=65733","title":{"rendered":"Euclides pide declarar como patrimonio hist\u00f3rico el edificio COPELLO&#13;"},"content":{"rendered":"<p><body><\/p>\n<p><img decoding=\"async\" src=\"img3\/copello.JPG\" \/>  <\/p>\n<p><span class=\"text1noticias\">Rep.Dom. 5 de Mayo 4:05 P.M.-El doctor Euclides Guti\u00e9rrez F\u00e9lix pidi\u00f3 al gobierno que declare como patrimonio hist\u00f3rico dominicano el edificio Copello de la calle El Conde, que sirvi\u00f3 de base de acci\u00f3n del gobierno constitucionalista en armas que presidi\u00f3 el Coronel Francisco Alberto Caama\u00f1o en el a\u00f1o de 1965.<\/span><\/p>\n<\/p>\n<p><span class=\"text1noticias\">Expres\u00f3 que un edificio de esa magnitud debe protegerse e instalar all\u00ed un museo que recree la memoria  hist\u00f3rica, especialmente a la generaci\u00f3n posterior a esa \u00e9poca,  de los acontecimientos de abril  que el pueblo pudo defender con dignidad el mansillamiento  de su territorio por parte de una potencia como Estados Unidos.<\/span><\/p>\n<\/p>\n<p><span class=\"text1noticias\">El historiador y dirigente pol\u00edtico hizo los pronunciamientos, durante la conferencia \u00abImportancia de Abril de 1965 en el presente dominicano de hoy\u00bb, organizado por el Bloque Patri\u00f3tico con Danilo y el Comit\u00e9 \u00c9tico Moral de los Soldados Constitucionalistas con Danilo, ambos movimientos juramentados en la actividad por el licenciado Rub\u00e9n Bichara.<\/span><\/p>\n<\/p>\n<p><span class=\"text1noticias\">En ese sentido, dijo que la Republica Dominicana ha sido uno de los pocos pa\u00edses que ha enfrentado con valent\u00eda a 3 potencias, en toda su historia, desde el descubrimiento en 1492,  como fueron  Espa\u00f1a,  Francia y Estados Unidos, \u00e9sta ultima el 24 de abril de 1965, y que ha sido un ejemplo motivador de las posteriores luchas y levantamientos militares como la que presidi\u00f3 Velasco Alvarado en Per\u00fa, la de Panam\u00e1 con Omar Torrijos y la misma lucha por dignidad del pueblo de Venezuela que encabeza Hugo Ch\u00e1vez, las cuales consider\u00f3 a todos como  hijos de la insurrecci\u00f3n de abril  del pueblo dominicano.<\/span><\/p>\n<\/p>\n<p><span class=\"text1noticias\">Guti\u00e9rrez F\u00e9lix  deplor\u00f3 que  algunos historiadores disminuyen la categor\u00eda a las figuras que se destacaron en la revoluci\u00f3n de abril al considerarlo simplemente como \u00abH\u00e9roes\u00bb, <\/span><\/p>\n<\/p>\n<p><span class=\"text1noticias\">cuando en verdad Francisco Alberto Caama\u00f1o De\u00f1o, Rafael Fern\u00e1ndez Dom\u00ednguez, Juan Maria Lora Fern\u00e1ndez, Juan Miguel Rom\u00e1n, Euclides Morillo, Pedro Cadena, Yolanda Guzm\u00e1n y todos los hombres y mujeres que entregaron sus vidas en esa ocasi\u00f3n y momentos despu\u00e9s, se convirtieron en \u00abPr\u00f3ceres de la Patria\u00bb.<\/span><\/p>\n<\/p>\n<p><span class=\"text1noticias\">Por igual, consider\u00f3 que m\u00e1s que una \u00abrevuelta\u00bb debe llam\u00e1rsele \u00abla insurrecci\u00f3n\u00bb del pueblo dominicano dirigido por militares profesionales en defensa de la libertad, la democracia y la honradez del derrocado gobierno que presidio Juan Bosch en 1963. \u00abNo rebajen la categor\u00eda de los que lucharon por la libertad y la soberan\u00eda del pueblo dominicano\u00bb, reiter\u00f3 el tambi\u00e9n dirigente pol\u00edtico, quien fue Encargado del Ministerio de Interior y Polic\u00eda en el Gobierno Constitucional en Armas que presidi\u00f3 Francisco Alberto Caama\u00f1o.<\/span><\/p>\n<\/p>\n<p><span class=\"text1noticias\">En la actividad, celebrada frente al Edificio Copello, estuvieron presentes Maria Paula Vda. de Caama\u00f1o, Ram\u00f3n Blanco Fern\u00e1ndez, Noris Gonz\u00e1lez Mirabal, Andr\u00e9s Reyes Fortunato, Presidente del \u00abBloque Hist\u00f3rico Patri\u00f3tico con Danilo\u00bb, Omar Ventura, Lorenzo Sencion Silverio, Ernesto Gonz\u00e1lez Gonz\u00e1lez, Manuela Aristy, Jes\u00fas de la Rosa y  Emma Bujosa Mieses, entre otras personalidades y ex combatientes constitucionalistas de la insurrecci\u00f3n de abril de 1965.(HG)<\/span>. <\/p>\n<h6> 2012-05-05 20:09:39 <\/h6>\n<p><!--\n<link rel=\"stylesheet\" href=\"css\/bootstrap.min.css\">\n\n\n<ul class=\"pagination\">\n\t    \n\t\n\n<li >\n\t<a href='?page_no=17410'>Previous<\/a>\n\t<\/li>\n\n\n       \n    \n\n<li><a href='?page_no=1'>1<\/a><\/li>\n\n\n\n<li><a href='?page_no=2'>2<\/a><\/li>\n\n\n\n<li><a>...<\/a><\/li>\n\n\n\n<li><a href='?page_no=17409'>17409<\/a><\/li>\n\n\n\n<li><a href='?page_no=17410'>17410<\/a><\/li>\n\n\n\n<li class='active'><a>17411<\/a><\/li>\n\n\n\n<li><a href='?page_no=17412'>17412<\/a><\/li>\n\n\n\n<li><a href='?page_no=17413'>17413<\/a><\/li>\n\n\n\n<li><a>...<\/a><\/li>\n\n\n\n<li><a href='?page_no=22911'>22911<\/a><\/li>\n\n\n\n<li><a href='?page_no=22912'>22912<\/a><\/li>\n\n    \n\t\n\n<li >\n\t<a href='?page_no=17412'>Next<\/a>\n\t<\/li>\n\n\n    \n\n<li><a href='?page_no=22912'>Last &rsaquo;&rsaquo;<\/a><\/li>\n\n<\/ul>\n\n\n--><br \/>\n<\/body><\/p>\n","protected":false},"excerpt":{"rendered":"<p>Rep.Dom. 5 de Mayo 4:05 P.M.-El doctor Euclides Guti\u00e9rrez F\u00e9lix pidi\u00f3 al gobierno que declare como patrimonio hist\u00f3rico dominicano el edificio Copello de la calle El Conde, que sirvi\u00f3 de base de acci\u00f3n del gobierno constitucionalista en armas que presidi\u00f3 el Coronel Francisco Alberto Caama\u00f1o en el a\u00f1o de 1965. Expres\u00f3 que un edificio de [&hellip;]<\/p>\n","protected":false},"author":3,"featured_media":0,"comment_status":"open","ping_status":"open","sticky":false,"template":"","format":"standard","meta":{"footnotes":""},"categories":[21],"tags":[],"class_list":["post-65733","post","type-post","status-publish","format-standard","hentry","category-cultura"],"_links":{"self":[{"href":"https:\/\/diariodominicano.com\/index.php?rest_route=\/wp\/v2\/posts\/65733","targetHints":{"allow":["GET"]}}],"collection":[{"href":"https:\/\/diariodominicano.com\/index.php?rest_route=\/wp\/v2\/posts"}],"about":[{"href":"https:\/\/diariodominicano.com\/index.php?rest_route=\/wp\/v2\/types\/post"}],"author":[{"embeddable":true,"href":"https:\/\/diariodominicano.com\/index.php?rest_route=\/wp\/v2\/users\/3"}],"replies":[{"embeddable":true,"href":"https:\/\/diariodominicano.com\/index.php?rest_route=%2Fwp%2Fv2%2Fcomments&post=65733"}],"version-history":[{"count":0,"href":"https:\/\/diariodominicano.com\/index.php?rest_route=\/wp\/v2\/posts\/65733\/revisions"}],"wp:attachment":[{"href":"https:\/\/diariodominicano.com\/index.php?rest_route=%2Fwp%2Fv2%2Fmedia&parent=65733"}],"wp:term":[{"taxonomy":"category","embeddable":true,"href":"https:\/\/diariodominicano.com\/index.php?rest_route=%2Fwp%2Fv2%2Fcategories&post=65733"},{"taxonomy":"post_tag","embeddable":true,"href":"https:\/\/diariodominicano.com\/index.php?rest_route=%2Fwp%2Fv2%2Ftags&post=65733"}],"curies":[{"name":"wp","href":"https:\/\/api.w.org\/{rel}","templated":true}]}}