{"id":65730,"date":"2012-05-06T13:32:01","date_gmt":"2012-05-06T13:32:01","guid":{"rendered":"http:\/\/diariodominicano.ddns.net\/?p=65730"},"modified":"2012-05-06T13:32:01","modified_gmt":"2012-05-06T13:32:01","slug":"escritores-puertorriquenos-incentivan-la-lectura-a-jovenes-en-la-feria","status":"publish","type":"post","link":"https:\/\/diariodominicano.com\/?p=65730","title":{"rendered":"Escritores puertorrique\u00f1os incentivan la lectura a j\u00f3venes en la feria"},"content":{"rendered":"<p><body><\/p>\n<p><img decoding=\"async\" src=\"http:\/\/localhost:8080\/img3\/charla.JPG\" \/>  <\/p>\n<p><span class=\"text1noticias\">Rep.Dom. 6 de Mayo 09 30 A.M.-Como una forma de motivar a los j\u00f3venes a la lectura, los escritores puertorrique\u00f1os Carmen Zeta y Carlos V\u00e1squez Cruz, efectuaron un encuentro titulado  \u00abLecturas y algo m\u00e1s\u00bb, en la Sala de conferencias Padre  Julio Cicero de la Cinemateca  Dominicana.<\/span><\/p>\n<\/p>\n<p><span class=\"text1noticias\">Los escritores iniciaron conversando de forma jocosa y amena acerca de sus vivencias en el arte y la literatura, para luego leer algunos cuentos y un mon\u00f3logo, autor\u00eda de Carmen Zeta. <\/span><\/p>\n<\/p>\n<p><span class=\"text1noticias\">En su intervenci\u00f3n, Carlos V\u00e1squez  explic\u00f3 que en la actualidad, est\u00e1 escribiendo un libro que se titula \u00abMalacostumbrismo\u00bb, en el cual narra acerca de aquellas situaciones que se dan en vida diaria de las personas.  <\/span><\/p>\n<\/p>\n<p><span class=\"text1noticias\">Mientras, que Zeta ley\u00f3 algunos fragmentos de su libro de mon\u00f3logos que se titula, \u00ab3+3 por Zeta\u00bb,  el cual trata sobre un padre que est\u00e1  solo cuidando a su hijo en el hospital, luego de que este sufriera un accidente.<\/span><\/p>\n<\/p>\n<p><span class=\"text1noticias\">Con respecto a que s\u00ed los j\u00f3venes de su pa\u00eds est\u00e1n motivados por la literatura, dijo que en Puerto Rico no hay una costumbre generalizada de la lectura, pero ella como catedr\u00e1tica,  trata de incorporarlos a trav\u00e9s de un blogs, donde coloca pr\u00e1cticas donde hay poemas y videos para, de esta forma, adentrarlos al mundo de la literatura.<\/span><\/p>\n<\/p>\n<p><span class=\"text1noticias\">\u00abYo creo que hay que adaptarse a esta nueva tecnolog\u00eda, y hay que buscar los mecanismos adecuados para incentivarlos, puesto que siempre habr\u00e1 qui\u00e9n se motive a  escribir\u00bb, expres\u00f3 Zeta.<\/span><\/p>\n<\/p>\n<p><span class=\"text1noticias\">\u00abLa apreciaci\u00f3n de la literatura de parte de los j\u00f3venes no es alta, no se siente que hay un inter\u00e9s en las escuelas para promover la lectura, y  no he visto que en Puerto Rico exista una Feria del Libro como la que realizan en este pa\u00eds, donde hay una gran presencia de j\u00f3venes y ni\u00f1os, ojal\u00e1 en Puerto Rico pasara lo que yo estoy viendo aqu\u00ed, ojal\u00e1\u00bb, concluy\u00f3 Carlos V\u00e1squez. (HG)<\/span>.<\/p>\n<h6> 2012-05-06 13:32:01 <\/h6>\n<p><!--\n<link rel=\"stylesheet\" href=\"css\/bootstrap.min.css\">\n\n\n<ul class=\"pagination\">\n\t    \n\t\n\n<li >\n\t<a href='?page_no=17407'>Previous<\/a>\n\t<\/li>\n\n\n       \n    \n\n<li><a href='?page_no=1'>1<\/a><\/li>\n\n\n\n<li><a href='?page_no=2'>2<\/a><\/li>\n\n\n\n<li><a>...<\/a><\/li>\n\n\n\n<li><a href='?page_no=17406'>17406<\/a><\/li>\n\n\n\n<li><a href='?page_no=17407'>17407<\/a><\/li>\n\n\n\n<li class='active'><a>17408<\/a><\/li>\n\n\n\n<li><a href='?page_no=17409'>17409<\/a><\/li>\n\n\n\n<li><a href='?page_no=17410'>17410<\/a><\/li>\n\n\n\n<li><a>...<\/a><\/li>\n\n\n\n<li><a href='?page_no=22911'>22911<\/a><\/li>\n\n\n\n<li><a href='?page_no=22912'>22912<\/a><\/li>\n\n    \n\t\n\n<li >\n\t<a href='?page_no=17409'>Next<\/a>\n\t<\/li>\n\n\n    \n\n<li><a href='?page_no=22912'>Last &rsaquo;&rsaquo;<\/a><\/li>\n\n<\/ul>\n\n\n--><br \/>\n<\/body><\/p>\n","protected":false},"excerpt":{"rendered":"<p>Rep.Dom. 6 de Mayo 09 30 A.M.-Como una forma de motivar a los j\u00f3venes a la lectura, los escritores puertorrique\u00f1os Carmen Zeta y Carlos V\u00e1squez Cruz, efectuaron un encuentro titulado \u00abLecturas y algo m\u00e1s\u00bb, en la Sala de conferencias Padre Julio Cicero de la Cinemateca Dominicana. Los escritores iniciaron conversando de forma jocosa y amena [&hellip;]<\/p>\n","protected":false},"author":3,"featured_media":0,"comment_status":"open","ping_status":"open","sticky":false,"template":"","format":"standard","meta":{"footnotes":""},"categories":[21],"tags":[],"class_list":["post-65730","post","type-post","status-publish","format-standard","hentry","category-cultura"],"_links":{"self":[{"href":"https:\/\/diariodominicano.com\/index.php?rest_route=\/wp\/v2\/posts\/65730","targetHints":{"allow":["GET"]}}],"collection":[{"href":"https:\/\/diariodominicano.com\/index.php?rest_route=\/wp\/v2\/posts"}],"about":[{"href":"https:\/\/diariodominicano.com\/index.php?rest_route=\/wp\/v2\/types\/post"}],"author":[{"embeddable":true,"href":"https:\/\/diariodominicano.com\/index.php?rest_route=\/wp\/v2\/users\/3"}],"replies":[{"embeddable":true,"href":"https:\/\/diariodominicano.com\/index.php?rest_route=%2Fwp%2Fv2%2Fcomments&post=65730"}],"version-history":[{"count":0,"href":"https:\/\/diariodominicano.com\/index.php?rest_route=\/wp\/v2\/posts\/65730\/revisions"}],"wp:attachment":[{"href":"https:\/\/diariodominicano.com\/index.php?rest_route=%2Fwp%2Fv2%2Fmedia&parent=65730"}],"wp:term":[{"taxonomy":"category","embeddable":true,"href":"https:\/\/diariodominicano.com\/index.php?rest_route=%2Fwp%2Fv2%2Fcategories&post=65730"},{"taxonomy":"post_tag","embeddable":true,"href":"https:\/\/diariodominicano.com\/index.php?rest_route=%2Fwp%2Fv2%2Ftags&post=65730"}],"curies":[{"name":"wp","href":"https:\/\/api.w.org\/{rel}","templated":true}]}}