{"id":65729,"date":"2012-05-06T15:06:04","date_gmt":"2012-05-06T15:06:04","guid":{"rendered":"http:\/\/diariodominicano.ddns.net\/?p=65729"},"modified":"2012-05-06T15:06:04","modified_gmt":"2012-05-06T15:06:04","slug":"colegio-maximo-gomez-gana-1er-lugar-en-la-iii-version-del-certamen-de-lectura-la-batalla-de-los-cuentos","status":"publish","type":"post","link":"https:\/\/diariodominicano.com\/?p=65729","title":{"rendered":"Colegio M\u00e1ximo G\u00f3mez gana 1er. lugar en la III versi\u00f3n del certamen de lectura \u00abLa Batalla de los Cuentos\u00bb"},"content":{"rendered":"<p><body><\/p>\n<p><img decoding=\"async\" src=\"img3\/cuentos.JPG\" \/>  <\/p>\n<p><span class=\"text1noticias\">Rep.Dom. 6 de Mayo 11:05 P.M.- Luego de dos meses de intensas lecturas y jornadas de ex\u00e1menes, arrib\u00f3 a su gran final la III edici\u00f3n del concurso de lectura que lleva a cabo la Biblioteca Infantil y Juvenil Rep\u00fablica Dominicana (BIJRD), denominado \u00abLa Batalla de los Cuentos\u00bb.<\/span><\/p>\n<\/p>\n<p><span class=\"text1noticias\">El auditorio del Centro Cultural Mauricio B\u00e1ez fue el escenario donde se enfrentaron en un careo oral, frente a un jurado, los cuatro equipos que acumularon mayor cantidad de puntos en los ex\u00e1menes que tomaron durante dos jornadas de evaluaci\u00f3n escrita.<\/span><\/p>\n<\/p>\n<p><span class=\"text1noticias\">De un total de 120 equipos, cada uno de cuatro participantes, llegaron a la final estudiantes del Colegio M\u00e1ximo G\u00f3mez, Cetro Educativo Domingo Savio Fe y Alegr\u00eda, e Instituto T\u00e9cnico Uni\u00f3n Panamericana. <\/span><\/p>\n<\/p>\n<p><span class=\"text1noticias\">Finalmente Shadel Alm\u00e1nzar, Leidy P\u00e9rez, Freiter Montero y Ezequiel Santana, del Colegio M\u00e1ximo <\/span><\/p>\n<p><span class=\"text1noticias\">G\u00f3mez; ganaron el primer lugar. Fior C\u00e1rdenas, Gloris P\u00e9rez, Ver\u00f3nica Garc\u00eda y Lenny Matos, del Instituto Uni\u00f3n Panamericana; obtuvieron el segundo lugar. Elizabeth Alc\u00e1ntara, Juan Manuel Cabrera, Logi Mej\u00eda y Junior Reyes, se alzaron con el tercer lugar; y el cuarto lugar recay\u00f3 sobre Mabel Matos, Gissel Duran, Massiel Mart\u00ednez y Johanna Montero.<\/span><\/p>\n<\/p>\n<p><span class=\"text1noticias\">Estos chicos contestaron seis preguntas acerca de la trama de los cuentos y obras le\u00eddas, sus autores, los personajes, y otros elementos de los textos. Cada pregunta fue evaluada por el jurado quienes les otorgaban la puntuaci\u00f3n seg\u00fan sus respuestas, a fin de obtener los ganadores de primer, segundo, tercer y cuarto lugar.<\/span><\/p>\n<\/p>\n<p><span class=\"text1noticias\">Los escritores que estuvieron leyendo los participantes en esta ocasi\u00f3n fueron Juan Rulfo, Horacio Quiroga, Julio Cort\u00e1zar, Bioy Casares, Gabriel Garc\u00eda M\u00e1rquez, Aurora Arias, Pedro Peix, Juan Bosch, Armando Alm\u00e1nzar, Jeannette Miller, Marcio Veloz Maggiolo y Luis Martin G\u00f3mez.  <\/span><\/p>\n<\/p>\n<p><span class=\"text1noticias\">Los ganadores recibieron como premio laptops, c\u00e1maras digitales, ipods, adem\u00e1s de certificados de participaci\u00f3n y obras literarias.<\/span><\/p>\n<\/p>\n<p><span class=\"text1noticias\">El jurado estuvo compuesto por Teresa Peralta, directora de la BIJRD; Dulce Elvira de los Santos, sub directora de extensi\u00f3n cultural y actividades de la biblioteca; y los escritores dominicanos Margarita Luciano y Reynaldo Disla. <\/span><\/p>\n<\/p>\n<p><span class=\"text1noticias\">Centros participantes <\/span><\/p>\n<\/p>\n<p><span class=\"text1noticias\">Colegio Biling\u00fce New Horizons, la Escuela Primaria Rep\u00fablica de Brasil, el Liceo Estados Unidos de Am\u00e9rica, la Escuela Rep\u00fablica de Panam\u00e1, el Colegio San Pio X, el Instituto Polit\u00e9cnico Pilar Constanzo, el Colegio Evang\u00e9lico Central, el Polit\u00e9cnico Santa Ana, el Colegio Logos, entre otros.(HG)<\/span>.<\/p>\n<h6> 2012-05-06 15:06:04 <\/h6>\n<p><!--\n<link rel=\"stylesheet\" href=\"css\/bootstrap.min.css\">\n\n\n<ul class=\"pagination\">\n\t    \n\t\n\n<li >\n\t<a href='?page_no=17406'>Previous<\/a>\n\t<\/li>\n\n\n       \n    \n\n<li><a href='?page_no=1'>1<\/a><\/li>\n\n\n\n<li><a href='?page_no=2'>2<\/a><\/li>\n\n\n\n<li><a>...<\/a><\/li>\n\n\n\n<li><a href='?page_no=17405'>17405<\/a><\/li>\n\n\n\n<li><a href='?page_no=17406'>17406<\/a><\/li>\n\n\n\n<li class='active'><a>17407<\/a><\/li>\n\n\n\n<li><a href='?page_no=17408'>17408<\/a><\/li>\n\n\n\n<li><a href='?page_no=17409'>17409<\/a><\/li>\n\n\n\n<li><a>...<\/a><\/li>\n\n\n\n<li><a href='?page_no=22911'>22911<\/a><\/li>\n\n\n\n<li><a href='?page_no=22912'>22912<\/a><\/li>\n\n    \n\t\n\n<li >\n\t<a href='?page_no=17408'>Next<\/a>\n\t<\/li>\n\n\n    \n\n<li><a href='?page_no=22912'>Last &rsaquo;&rsaquo;<\/a><\/li>\n\n<\/ul>\n\n\n--><br \/>\n<\/body><\/p>\n","protected":false},"excerpt":{"rendered":"<p>Rep.Dom. 6 de Mayo 11:05 P.M.- Luego de dos meses de intensas lecturas y jornadas de ex\u00e1menes, arrib\u00f3 a su gran final la III edici\u00f3n del concurso de lectura que lleva a cabo la Biblioteca Infantil y Juvenil Rep\u00fablica Dominicana (BIJRD), denominado \u00abLa Batalla de los Cuentos\u00bb. El auditorio del Centro Cultural Mauricio B\u00e1ez fue [&hellip;]<\/p>\n","protected":false},"author":3,"featured_media":0,"comment_status":"open","ping_status":"open","sticky":false,"template":"","format":"standard","meta":{"footnotes":""},"categories":[21],"tags":[],"class_list":["post-65729","post","type-post","status-publish","format-standard","hentry","category-cultura"],"_links":{"self":[{"href":"https:\/\/diariodominicano.com\/index.php?rest_route=\/wp\/v2\/posts\/65729","targetHints":{"allow":["GET"]}}],"collection":[{"href":"https:\/\/diariodominicano.com\/index.php?rest_route=\/wp\/v2\/posts"}],"about":[{"href":"https:\/\/diariodominicano.com\/index.php?rest_route=\/wp\/v2\/types\/post"}],"author":[{"embeddable":true,"href":"https:\/\/diariodominicano.com\/index.php?rest_route=\/wp\/v2\/users\/3"}],"replies":[{"embeddable":true,"href":"https:\/\/diariodominicano.com\/index.php?rest_route=%2Fwp%2Fv2%2Fcomments&post=65729"}],"version-history":[{"count":0,"href":"https:\/\/diariodominicano.com\/index.php?rest_route=\/wp\/v2\/posts\/65729\/revisions"}],"wp:attachment":[{"href":"https:\/\/diariodominicano.com\/index.php?rest_route=%2Fwp%2Fv2%2Fmedia&parent=65729"}],"wp:term":[{"taxonomy":"category","embeddable":true,"href":"https:\/\/diariodominicano.com\/index.php?rest_route=%2Fwp%2Fv2%2Fcategories&post=65729"},{"taxonomy":"post_tag","embeddable":true,"href":"https:\/\/diariodominicano.com\/index.php?rest_route=%2Fwp%2Fv2%2Ftags&post=65729"}],"curies":[{"name":"wp","href":"https:\/\/api.w.org\/{rel}","templated":true}]}}