{"id":65728,"date":"2012-05-06T15:23:47","date_gmt":"2012-05-06T15:23:47","guid":{"rendered":"http:\/\/diariodominicano.ddns.net\/?p=65728"},"modified":"2012-05-06T15:23:47","modified_gmt":"2012-05-06T15:23:47","slug":"jovenes-escritores-exponen-en-stand-de-la-loteria-de-la-feria-internacional-del-libro-2012","status":"publish","type":"post","link":"https:\/\/diariodominicano.com\/?p=65728","title":{"rendered":"J\u00f3venes Escritores exponen en stand de la Loteria de la feria internacional del libro 2012"},"content":{"rendered":"<p><body><\/p>\n<p><img decoding=\"async\" src=\"http:\/\/localhost:8080\/img3\/loteria.JPG\" \/>  <\/p>\n<p><span class=\"text1noticias\">Rep.Dom. 6 de Mayo 11:25 A.M.-La Loteria Nacional dejo abierta en su stand de la XV Feria Internacional del Libro Santo Domingo 2012, la exposici\u00f3n \u00abJ\u00f3venes Escritores\u00bb  con la participaci\u00f3n de las obras finalistas  del concurso literario que organizara el Liceo Diurno V\u00edctor Garrido Puello  con la finalidad de incentivar la lectura, la escritura y rescatar los valores.<\/span><\/p>\n<\/p>\n<p><span class=\"text1noticias\">Las obras de estos j\u00f3venes est\u00e1n basadas en temas como el amor y el odio, las diferencias de clases, los problemas sociales que afectan a la juventud  y los  adolescentes, el  \u00e9xito, la amistad o sencillamente son un motivo para expresar sus sentimientos, su visi\u00f3n de la vida o el  modo de enfrentar la realidad social en que viven.<\/span><\/p>\n<\/p>\n<p><span class=\"text1noticias\">   Durante la exposici\u00f3n los 10 finalistas explicaron la emoci\u00f3n sentida durante el proceso creativo que dio como resultado la edici\u00f3n \u00fanica de un libro listo para editar.  <\/span><\/p>\n<\/p>\n<p><span class=\"text1noticias\">La actividad fue organizada  por el la Direcci\u00f3n de Relaciones P\u00fablicas y el Departamento de Cultura de la Loter\u00eda con la colaboraci\u00f3n  de la directora del plantel educativo, Ifigenia Comas y de la  profesora Jeniffer Ledesma.<\/span><\/p>\n<\/p>\n<p><span class=\"text1noticias\">El concurso<\/span><\/p>\n<\/p>\n<p><span class=\"text1noticias\">Los j\u00f3venes que participaron en el \u00abPrimer Concurso Estudiantil J\u00f3venes Escritores\u00bb organizado por el Liceo Vespertino V\u00edctor Garrido, tienen  miles de historias para contar y esta experiencia les ha abierto la puerta a su futuro como escritores.<\/span><\/p>\n<\/p>\n<p><span class=\"text1noticias\">De los 55 participantes, el jurado seleccion\u00f3 como finalistas a diez estudiantes, tres de los cuales obtuvieron los primeros lugares.<\/span><\/p>\n<p><span class=\"text1noticias\"> <\/span><\/p>\n<p><span class=\"text1noticias\"> Massiel Mej\u00eda P\u00e9rez, Ruth  Esther  Reyes y Chauey Cuevas, lograron el primer, segundo y tercer lugar respectivamente, con sus obras  \u00abMi Entrono\u00bb \u00abLa Battalla\u00bb y \u00abMentiras Vs Verdades.<\/span><\/p>\n<p><span class=\"text1noticias\">  <\/span><\/p>\n<p><span class=\"text1noticias\"> <\/span><\/p>\n<p><span class=\"text1noticias\">La obra de Massiel Mej\u00eda, \u00abMi Entrono\u00bb trata la t\u00edpica historia de dos j\u00f3venes enamorados, que deben enfrentar la situaci\u00f3n de pertenecer a familias que tiene diferencias entre si y que por tanto se oponen a su relaci\u00f3n.<\/span><\/p>\n<\/p>\n<p><span class=\"text1noticias\">Ruth Esther Reyes y Chauey Cuevas con sus obras \u00abLa Battalla\u00bb y \u00abMentiras Vs Verdades\u00bb logran exponer un tema social que enfrentan muchos j\u00f3venes dominicanos.<\/span><\/p>\n<\/p>\n<p><span class=\"text1noticias\"> Un cuarto puesto lo obtuvo el joven Iv\u00e1n Montero por su libro \u00abLa Ni\u00f1a que no Pod\u00eda So\u00f1ar\u00bb con el argumento  de  una infante afectada del Mal de \u00abProgeria\u00bb,  extra\u00f1a enfermedad degenerativa.<\/span><\/p>\n<\/p>\n<p><span class=\"text1noticias\">El \u00ab1er Concurso Estudiantil J\u00f3venes Escritores\u00bb cont\u00f3 con el patrocinio del  Proyecto Apoyo Joven, (PAJOVEN), movimiento presidido por el ingeniero Raymundo Cuevas, que promueve orientaci\u00f3n sobre diferentes temas tanto en las a\u00e9reas de educaci\u00f3n,  salud, deportes, cultura, entre otras.(HG)<\/span>.<\/p>\n<h6> 2012-05-06 15:23:47 <\/h6>\n<p><!--\n<link rel=\"stylesheet\" href=\"css\/bootstrap.min.css\">\n\n\n<ul class=\"pagination\">\n\t    \n\t\n\n<li >\n\t<a href='?page_no=17405'>Previous<\/a>\n\t<\/li>\n\n\n       \n    \n\n<li><a href='?page_no=1'>1<\/a><\/li>\n\n\n\n<li><a href='?page_no=2'>2<\/a><\/li>\n\n\n\n<li><a>...<\/a><\/li>\n\n\n\n<li><a href='?page_no=17404'>17404<\/a><\/li>\n\n\n\n<li><a href='?page_no=17405'>17405<\/a><\/li>\n\n\n\n<li class='active'><a>17406<\/a><\/li>\n\n\n\n<li><a href='?page_no=17407'>17407<\/a><\/li>\n\n\n\n<li><a href='?page_no=17408'>17408<\/a><\/li>\n\n\n\n<li><a>...<\/a><\/li>\n\n\n\n<li><a href='?page_no=22911'>22911<\/a><\/li>\n\n\n\n<li><a href='?page_no=22912'>22912<\/a><\/li>\n\n    \n\t\n\n<li >\n\t<a href='?page_no=17407'>Next<\/a>\n\t<\/li>\n\n\n    \n\n<li><a href='?page_no=22912'>Last &rsaquo;&rsaquo;<\/a><\/li>\n\n<\/ul>\n\n\n--><br \/>\n<\/body><\/p>\n","protected":false},"excerpt":{"rendered":"<p>Rep.Dom. 6 de Mayo 11:25 A.M.-La Loteria Nacional dejo abierta en su stand de la XV Feria Internacional del Libro Santo Domingo 2012, la exposici\u00f3n \u00abJ\u00f3venes Escritores\u00bb con la participaci\u00f3n de las obras finalistas del concurso literario que organizara el Liceo Diurno V\u00edctor Garrido Puello con la finalidad de incentivar la lectura, la escritura y [&hellip;]<\/p>\n","protected":false},"author":3,"featured_media":0,"comment_status":"open","ping_status":"open","sticky":false,"template":"","format":"standard","meta":{"footnotes":""},"categories":[21],"tags":[],"class_list":["post-65728","post","type-post","status-publish","format-standard","hentry","category-cultura"],"_links":{"self":[{"href":"https:\/\/diariodominicano.com\/index.php?rest_route=\/wp\/v2\/posts\/65728","targetHints":{"allow":["GET"]}}],"collection":[{"href":"https:\/\/diariodominicano.com\/index.php?rest_route=\/wp\/v2\/posts"}],"about":[{"href":"https:\/\/diariodominicano.com\/index.php?rest_route=\/wp\/v2\/types\/post"}],"author":[{"embeddable":true,"href":"https:\/\/diariodominicano.com\/index.php?rest_route=\/wp\/v2\/users\/3"}],"replies":[{"embeddable":true,"href":"https:\/\/diariodominicano.com\/index.php?rest_route=%2Fwp%2Fv2%2Fcomments&post=65728"}],"version-history":[{"count":0,"href":"https:\/\/diariodominicano.com\/index.php?rest_route=\/wp\/v2\/posts\/65728\/revisions"}],"wp:attachment":[{"href":"https:\/\/diariodominicano.com\/index.php?rest_route=%2Fwp%2Fv2%2Fmedia&parent=65728"}],"wp:term":[{"taxonomy":"category","embeddable":true,"href":"https:\/\/diariodominicano.com\/index.php?rest_route=%2Fwp%2Fv2%2Fcategories&post=65728"},{"taxonomy":"post_tag","embeddable":true,"href":"https:\/\/diariodominicano.com\/index.php?rest_route=%2Fwp%2Fv2%2Ftags&post=65728"}],"curies":[{"name":"wp","href":"https:\/\/api.w.org\/{rel}","templated":true}]}}