{"id":65727,"date":"2012-05-06T18:37:22","date_gmt":"2012-05-06T18:37:22","guid":{"rendered":"http:\/\/diariodominicano.ddns.net\/?p=65727"},"modified":"2012-05-06T18:37:22","modified_gmt":"2012-05-06T18:37:22","slug":"concluye-hoy-la-xv-feria-internacional-del-libro","status":"publish","type":"post","link":"https:\/\/diariodominicano.com\/?p=65727","title":{"rendered":"Concluye hoy la XV Feria Internacional del Libro"},"content":{"rendered":"<p><body><\/p>\n<p>Santo Domingo RD 6 mayo (2:33 pm).- Tras diecinueve d\u00edas cargados de cultura y j\u00fabilo llega a su fin hoy la d\u00e9cimo quinta versi\u00f3n de la Feria Internacional del Libro, Santo Domingo 2012.<\/p>\n<\/p>\n<p>Las opiniones sobre la feria dividieron a muchos. Para algunos esta ha sido una de las ferias del libro m\u00e1s exitosa de los \u00faltimos tiempos, mientras otros ponen en duda el \u00e9xito del evento. Esta edici\u00f3n de la feria ha sido una de las m\u00e1s visitadas durante los \u00faltimos a\u00f1os, con aproximadamente un mill\u00f3n de personas. Algunas de las caracter\u00edsticas que marcaron esta celebraci\u00f3n fueron las lluvias constantes, las presentaciones art\u00edsticas y las bajas en las ventas de materiales did\u00e1cticos, aseguraron algunos libreros.<\/p>\n<\/p>\n<p>La participaci\u00f3n de escritores internacionales fue uno de los principales atractivos del magno evento literario del pa\u00eds. Entre las figuras internacionales que participaron de la feria cabe mencionar al f\u00edsico nuclear cubano Fidel Castro D\u00edaz- Balart, el escritor y pol\u00edtico nicaragu\u00a8ense Sergio Ram\u00edrez, el cantautor nicaragu\u00a8ense Luis Enrique Mej\u00eda Godoy, el novelista uruguayo Daniel Chavarr\u00eda, la prosista puertorrique\u00f1a Mayra Montero, entre otras luminarias internacionales.<\/p>\n<\/p>\n<p>De acuerdo a Pedro Valdez, director ejecutivo de la feria, esta ha sido exitosa en m\u00e1s de un 95 por ciento. Dice que a pesar de los inconvenientes clim\u00e1ticos la gente se ha integrado a todas las actividades que han realizado.<\/p>\n<\/p>\n<p>De igual modo, Manuel Gibre, quien es el coordinador del Caf\u00e9 Bohemio, manifiesta que el evento ha llenado las expectativas.<\/p>\n<\/p>\n<p>A pesar de que los organizadores se sienten satisfechos con la realizaci\u00f3n del evento, muchos no comparten esta posici\u00f3n pues entienden que el libro no ha sido el atractivo principal, sino el comercio de suvenires y comida r\u00e1pida.<\/p>\n<\/p>\n<p>(+)<\/p>\n<p>UNA FERIA ESPECIAL<\/p>\n<p>XV VERSI\u00d3N<\/p>\n<p>La primera edici\u00f3n se realiz\u00f3 en 1998 y, a partir de entonces, se han realizado 14 ferias.<\/p>\n<\/p>\n<p>2005<\/p>\n<p>A partir de este a\u00f1o la feria comienza a celebrarse como evento internacional.<\/p>\n<\/p>\n<p>ARTISTAS<\/p>\n<p>Pavel N\u00fa\u00f1ez, Aljadaqui, Tribu del Sol, V\u00edctor V\u00edctor y el cantautor Luis Enriquez Mejia se han prensentado en la feria.<\/p>\n<\/p>\n<p>PAISES<\/p>\n<p>Los pa\u00edses de Centro Am\u00e9rica fueron los invitados a esta celebracion de las letras y la cultural DEDICATORIA Esta edici\u00f3n estuvo dedicada al fenecido poeta, Enriquillo S\u00e1nchez PREMIO Miguel Reyes S\u00e1nchez fue el ganador del Premio Nacional Feria del Libro Eduardo Le\u00f3n Jimene 2012 por su obra \u00abOc\u00e9anos de tinta y papel\u00bb.<\/p>\n<\/p>\n<h6> 2012-05-06 18:37:22 <\/h6>\n<p><!--\n<link rel=\"stylesheet\" href=\"css\/bootstrap.min.css\">\n\n\n<ul class=\"pagination\">\n\t    \n\t\n\n<li >\n\t<a href='?page_no=17404'>Previous<\/a>\n\t<\/li>\n\n\n       \n    \n\n<li><a href='?page_no=1'>1<\/a><\/li>\n\n\n\n<li><a href='?page_no=2'>2<\/a><\/li>\n\n\n\n<li><a>...<\/a><\/li>\n\n\n\n<li><a href='?page_no=17403'>17403<\/a><\/li>\n\n\n\n<li><a href='?page_no=17404'>17404<\/a><\/li>\n\n\n\n<li class='active'><a>17405<\/a><\/li>\n\n\n\n<li><a href='?page_no=17406'>17406<\/a><\/li>\n\n\n\n<li><a href='?page_no=17407'>17407<\/a><\/li>\n\n\n\n<li><a>...<\/a><\/li>\n\n\n\n<li><a href='?page_no=22911'>22911<\/a><\/li>\n\n\n\n<li><a href='?page_no=22912'>22912<\/a><\/li>\n\n    \n\t\n\n<li >\n\t<a href='?page_no=17406'>Next<\/a>\n\t<\/li>\n\n\n    \n\n<li><a href='?page_no=22912'>Last &rsaquo;&rsaquo;<\/a><\/li>\n\n<\/ul>\n\n\n--><br \/>\n<\/body><\/p>\n","protected":false},"excerpt":{"rendered":"<p>Santo Domingo RD 6 mayo (2:33 pm).- Tras diecinueve d\u00edas cargados de cultura y j\u00fabilo llega a su fin hoy la d\u00e9cimo quinta versi\u00f3n de la Feria Internacional del Libro, Santo Domingo 2012. Las opiniones sobre la feria dividieron a muchos. Para algunos esta ha sido una de las ferias del libro m\u00e1s exitosa de [&hellip;]<\/p>\n","protected":false},"author":3,"featured_media":0,"comment_status":"open","ping_status":"open","sticky":false,"template":"","format":"standard","meta":{"footnotes":""},"categories":[21],"tags":[],"class_list":["post-65727","post","type-post","status-publish","format-standard","hentry","category-cultura"],"_links":{"self":[{"href":"https:\/\/diariodominicano.com\/index.php?rest_route=\/wp\/v2\/posts\/65727","targetHints":{"allow":["GET"]}}],"collection":[{"href":"https:\/\/diariodominicano.com\/index.php?rest_route=\/wp\/v2\/posts"}],"about":[{"href":"https:\/\/diariodominicano.com\/index.php?rest_route=\/wp\/v2\/types\/post"}],"author":[{"embeddable":true,"href":"https:\/\/diariodominicano.com\/index.php?rest_route=\/wp\/v2\/users\/3"}],"replies":[{"embeddable":true,"href":"https:\/\/diariodominicano.com\/index.php?rest_route=%2Fwp%2Fv2%2Fcomments&post=65727"}],"version-history":[{"count":0,"href":"https:\/\/diariodominicano.com\/index.php?rest_route=\/wp\/v2\/posts\/65727\/revisions"}],"wp:attachment":[{"href":"https:\/\/diariodominicano.com\/index.php?rest_route=%2Fwp%2Fv2%2Fmedia&parent=65727"}],"wp:term":[{"taxonomy":"category","embeddable":true,"href":"https:\/\/diariodominicano.com\/index.php?rest_route=%2Fwp%2Fv2%2Fcategories&post=65727"},{"taxonomy":"post_tag","embeddable":true,"href":"https:\/\/diariodominicano.com\/index.php?rest_route=%2Fwp%2Fv2%2Ftags&post=65727"}],"curies":[{"name":"wp","href":"https:\/\/api.w.org\/{rel}","templated":true}]}}