{"id":657266,"date":"2025-12-28T15:15:25","date_gmt":"2025-12-28T19:15:25","guid":{"rendered":"https:\/\/diariodominicano.com\/?p=657266"},"modified":"2025-12-29T00:59:58","modified_gmt":"2025-12-29T04:59:58","slug":"juristas-latinoamericanos-exigen-liberacion-de-jorge-glas","status":"publish","type":"post","link":"https:\/\/diariodominicano.com\/?p=657266","title":{"rendered":"Juristas latinoamericanos exigen liberaci\u00f3n de Jorge Glas"},"content":{"rendered":"\n<p>Buenos Aires, 28 dic (Prensa Latina) La Asociaci\u00f3n Americana de Juristas (AAJ) denuncia una vez m\u00e1s ante la comunidad internacional la detenci\u00f3n arbitraria del exvicepresidente de Ecuador Jorge Glas, en prisi\u00f3n hoy pese a cumplir \u00edntegramente sus condenas.<\/p>\n\n\n\n<p><a href=\"https:\/\/www.prensa-latina.cu\/2025\/12\/28\/\"><time>diciembre 28, 2025 | 13:19<\/time><\/a> <\/p>\n\n\n\n<p>Tambi\u00e9n fustiga al gobierno ecuatoriano por su negaci\u00f3n deliberada del derecho a recurrir el fallo mediante la no notificaci\u00f3n de la sentencia escrita en el caso \u201cReconstrucci\u00f3n de Manab\u00ed\u201d, sostiene la AAJ en su m\u00e1s reciente declaraci\u00f3n a la que tuvo acceso este domingo Prensa Latina.<\/p>\n\n\n\n<p>La entidad, que opera como una Organizaci\u00f3n No Gubernamental adjunta a la ONU y tiene una sede argentina, tambi\u00e9n recalca que Glas ya cumpli\u00f3 el cien por ciento de las condenas impuestas en los denominados casos Odebrecht y Sobornos el pasado 2 de octubre de 2025, \u201cextingui\u00e9ndose de pleno derecho toda potestad estatal para mantener su privaci\u00f3n de libertad por dichas causas\u201d.<\/p>\n\n\n\n<p>Pese a eso \u00faltimo, el vicepresidente ecuatoriano contin\u00faa ilegalmente privado de su libertad en el marco del caso \u201cReconstrucci\u00f3n de Manab\u00ed\u201d.<\/p>\n\n\n\n<p>Las autoridades no le han notificado la sentencia escrita de primera instancia, lo cual impide el ejercicio del derecho a recurrir el fallo y constituye una violaci\u00f3n frontal al debido proceso, a la tutela judicial efectiva y al principio de legalidad, protegidos por los art\u00edculos 7, 8 y 25 de la Convenci\u00f3n Americana sobre Derechos Humanos;<\/p>\n\n\n\n<figure class=\"wp-block-image\"><img decoding=\"async\" src=\"https:\/\/www.prensa-latina.cu\/wp-content\/uploads\/2025\/12\/AAJ-JORGE-GLAS.jpg\" alt=\"\" class=\"wp-image-1685673\"\/><\/figure>\n\n\n\n<p>En su declaraci\u00f3n, la AAJ repudia en\u00e9rgica y categ\u00f3ricamente las condiciones de detenci\u00f3n impuestas, que constituyen trato cruel, inhumano y degradante, con riesgo vital inmediato, en abierta violaci\u00f3n de la Convenci\u00f3n Americana y de las medidas dictadas por los \u00f3rganos del sistema interamericano.<\/p>\n\n\n\n<p>A su vez, responsabiliza internacionalmente al Estado ecuatoriano por el incumplimiento de su deber de garante respecto de la vida, la salud y la integridad personal de Jorge Glas.<\/p>\n\n\n\n<p>Y exige el cumplimiento inmediato, pleno y verificable de las medidas cautelares de la Comisi\u00f3n Interamericana de Derechos Humanos y de las medidas provisionales de la Corte Internacional de Derechos Humanos, incluyendo la hospitalizaci\u00f3n urgente en un centro m\u00e9dico adecuado.<\/p>\n\n\n\n<p>Asimismo, advierte que el uso del poder punitivo en condiciones que generan sufrimiento f\u00edsico y ps\u00edquico constituye una forma de violencia institucional estructural, prohibida por el derecho internacional y denunciada de manera consistente por la doctrina penal cr\u00edtica latinoamericana.<\/p>\n\n\n\n<p>\u201cLa persistencia de estas violaciones habilita la intervenci\u00f3n reforzada de los mecanismos internacionales de protecci\u00f3n, incluidos los procedimientos especiales de las Naciones Unidas\u201d, subraya la AAJ en su comunicado que lleva la firma de su presidenta, la jurista argentina Claudia V. Rocca.<\/p>\n\n\n\n<p>La Asociaci\u00f3n continental reafirma su compromiso con la lucha contra la manipulaci\u00f3n judicial (lawfare), la defensa de los derechos humanos y la plena vigencia del Estado de Derecho en Am\u00e9rica Latina.<\/p>\n\n\n\n<p>rgh\/mh<\/p>\n\n\n\n<ul class=\"wp-block-list\">\n<li>#<a href=\"https:\/\/www.prensa-latina.cu\/etiqueta\/aaj\/\">AAJ<\/a>&nbsp;#<a href=\"https:\/\/www.prensa-latina.cu\/etiqueta\/asociacion-americana-de-juristas\/\">Asociaci\u00f3n Americana de Juristas<\/a>&nbsp;#<a href=\"https:\/\/www.prensa-latina.cu\/etiqueta\/exvicepresidente-ecuador\/\">exvicepresidente Ecuador<\/a><\/li>\n<\/ul>\n","protected":false},"excerpt":{"rendered":"<p>Buenos Aires, 28 dic (Prensa Latina) La Asociaci\u00f3n Americana de Juristas (AAJ) denuncia una vez m\u00e1s ante la comunidad internacional la detenci\u00f3n arbitraria del exvicepresidente de Ecuador Jorge Glas, en prisi\u00f3n hoy pese a cumplir \u00edntegramente sus condenas. diciembre 28, 2025 | 13:19 Tambi\u00e9n fustiga al gobierno ecuatoriano por su negaci\u00f3n deliberada del derecho a [&hellip;]<\/p>\n","protected":false},"author":2,"featured_media":657269,"comment_status":"closed","ping_status":"closed","sticky":false,"template":"","format":"standard","meta":{"footnotes":""},"categories":[23,24],"tags":[3870,3556],"class_list":["post-657266","post","type-post","status-publish","format-standard","has-post-thumbnail","hentry","category-internacional","category-justicia-y-derecho","tag-la-asociacion-americana-de-juristas-aaj","tag-prensa-latina"],"_links":{"self":[{"href":"https:\/\/diariodominicano.com\/index.php?rest_route=\/wp\/v2\/posts\/657266","targetHints":{"allow":["GET"]}}],"collection":[{"href":"https:\/\/diariodominicano.com\/index.php?rest_route=\/wp\/v2\/posts"}],"about":[{"href":"https:\/\/diariodominicano.com\/index.php?rest_route=\/wp\/v2\/types\/post"}],"author":[{"embeddable":true,"href":"https:\/\/diariodominicano.com\/index.php?rest_route=\/wp\/v2\/users\/2"}],"replies":[{"embeddable":true,"href":"https:\/\/diariodominicano.com\/index.php?rest_route=%2Fwp%2Fv2%2Fcomments&post=657266"}],"version-history":[{"count":2,"href":"https:\/\/diariodominicano.com\/index.php?rest_route=\/wp\/v2\/posts\/657266\/revisions"}],"predecessor-version":[{"id":657350,"href":"https:\/\/diariodominicano.com\/index.php?rest_route=\/wp\/v2\/posts\/657266\/revisions\/657350"}],"wp:featuredmedia":[{"embeddable":true,"href":"https:\/\/diariodominicano.com\/index.php?rest_route=\/wp\/v2\/media\/657269"}],"wp:attachment":[{"href":"https:\/\/diariodominicano.com\/index.php?rest_route=%2Fwp%2Fv2%2Fmedia&parent=657266"}],"wp:term":[{"taxonomy":"category","embeddable":true,"href":"https:\/\/diariodominicano.com\/index.php?rest_route=%2Fwp%2Fv2%2Fcategories&post=657266"},{"taxonomy":"post_tag","embeddable":true,"href":"https:\/\/diariodominicano.com\/index.php?rest_route=%2Fwp%2Fv2%2Ftags&post=657266"}],"curies":[{"name":"wp","href":"https:\/\/api.w.org\/{rel}","templated":true}]}}