{"id":65726,"date":"2012-05-06T20:41:13","date_gmt":"2012-05-06T20:41:13","guid":{"rendered":"http:\/\/diariodominicano.ddns.net\/?p=65726"},"modified":"2012-05-06T20:41:13","modified_gmt":"2012-05-06T20:41:13","slug":"jovenes-periodistas-premiados-en-la-feria-del-libro","status":"publish","type":"post","link":"https:\/\/diariodominicano.com\/?p=65726","title":{"rendered":"J\u00f3venes periodistas premiados en la Feria del Libro"},"content":{"rendered":"<p><body><\/p>\n<p>Santo Domingo RD 6 mayio (4:38 pm).- Los experiodistas por un a\u00f1o Indhira Suero, Angely Moreno y Juan Eduardo Thomas ganaron anoche cuatro de los cinco primeros premios del concurso Periodismo Joven convocado, por primera vez, por la Feria Internacional del Libro Santo Domingo 2012.<\/p>\n<\/p>\n<p>Suero gan\u00f3 el primer lugar en las categor\u00edas de Literatura y Libros y en la de Cultura. En el primero, el jurado distingui\u00f3 la serie especial sobre el cuento dominicano y la consider\u00f3 \u00abuna excelente recreaci\u00f3n del cuento como expresi\u00f3n de la literatura dominicana y los distintos concursos creados por Casa de Teatro, donde surgi\u00f3 el primero de importancia, Radio Santa Mar\u00eda y Feria Internacional del Libro, que han servido de escenarios para difundir la creatividad de algunos de los m\u00e1s destacados cultores\u00bb. <\/p>\n<\/p>\n<p>En el segundo caso se distingui\u00f3 la serie tem\u00e1tica \u00abAfrodescendientes\u00bb, la cual, seg\u00fan el jurado, fue \u00abun excelente serial de reportajes de inves investigaci\u00f3n que rescata la importancia de las ra\u00edces africanas presentes en nuestra cultura y por donde desfi lan algunas de sus expresiones y personajes m\u00e1s representativos\u00bb.<\/p>\n<\/p>\n<p>Suero tambi\u00e9n gan\u00f3 menci\u00f3n de honor en este \u00faltimo g\u00e9nero con otra serie tem\u00e1tica sobre las riquezas culturales de Ban\u00ed. Mientras, Moreno obtuvo el primer premio en la categor\u00eda de periodismo deportivo por su serial de trabajos sobre diversas disciplinas deportivas, donde abord\u00f3 el tema demostrando un gran conocimiento de la materia. El jurado afirm\u00f3 que Moreno tuvo \u00abbuen enfoque y desarrollo con excelente endoso gr\u00e1fico\u00bb.<\/p>\n<\/p>\n<p>De su parte, Thomas fue premiado en la categor\u00eda de Medio Ambiente por su serie tem\u00e1tica \u00abLas Huellas que dejan las Tempestades\u00bb, la que, seg\u00fan el jurado, \u00abson tres reportajes abarcadores de distintos aspectos institucionales, legales y econ\u00f3micos y espec\u00edficamente humanos en algunos de los m\u00e1s vulnerables lugares de Santo Domingo, como son las ca\u00f1adas y las m\u00e1rgenes del Ozama\u00bb. <\/p>\n<\/p>\n<p>Otras menciones de honor otorgadas en el concurso recayeron en la ex integrante del programa \u00abPeriodista por un a\u00f1o\u00bb, ahora redactora de List\u00edn Diario, Mairobi Herrera, y la joven Estefany Collado, quienes obtuvieron menciones de honor en las categor\u00edas de cultura y temas sociales. La primera por su reportaje sobre las cuevas ta\u00ednas y la segunda por su serie sobre las instituciones ben\u00e9ficas que prestan valiosos servicios sociales a favor de ni\u00f1os, adolescentes y ancianos. AD.-<\/p>\n<h6> 2012-05-06 20:41:13 <\/h6>\n<p><!--\n<link rel=\"stylesheet\" href=\"css\/bootstrap.min.css\">\n\n\n<ul class=\"pagination\">\n\t    \n\t\n\n<li >\n\t<a href='?page_no=17403'>Previous<\/a>\n\t<\/li>\n\n\n       \n    \n\n<li><a href='?page_no=1'>1<\/a><\/li>\n\n\n\n<li><a href='?page_no=2'>2<\/a><\/li>\n\n\n\n<li><a>...<\/a><\/li>\n\n\n\n<li><a href='?page_no=17402'>17402<\/a><\/li>\n\n\n\n<li><a href='?page_no=17403'>17403<\/a><\/li>\n\n\n\n<li class='active'><a>17404<\/a><\/li>\n\n\n\n<li><a href='?page_no=17405'>17405<\/a><\/li>\n\n\n\n<li><a href='?page_no=17406'>17406<\/a><\/li>\n\n\n\n<li><a>...<\/a><\/li>\n\n\n\n<li><a href='?page_no=22911'>22911<\/a><\/li>\n\n\n\n<li><a href='?page_no=22912'>22912<\/a><\/li>\n\n    \n\t\n\n<li >\n\t<a href='?page_no=17405'>Next<\/a>\n\t<\/li>\n\n\n    \n\n<li><a href='?page_no=22912'>Last &rsaquo;&rsaquo;<\/a><\/li>\n\n<\/ul>\n\n\n--><br \/>\n<\/body><\/p>\n","protected":false},"excerpt":{"rendered":"<p>Santo Domingo RD 6 mayio (4:38 pm).- Los experiodistas por un a\u00f1o Indhira Suero, Angely Moreno y Juan Eduardo Thomas ganaron anoche cuatro de los cinco primeros premios del concurso Periodismo Joven convocado, por primera vez, por la Feria Internacional del Libro Santo Domingo 2012. Suero gan\u00f3 el primer lugar en las categor\u00edas de Literatura [&hellip;]<\/p>\n","protected":false},"author":3,"featured_media":0,"comment_status":"open","ping_status":"open","sticky":false,"template":"","format":"standard","meta":{"footnotes":""},"categories":[21],"tags":[],"class_list":["post-65726","post","type-post","status-publish","format-standard","hentry","category-cultura"],"_links":{"self":[{"href":"https:\/\/diariodominicano.com\/index.php?rest_route=\/wp\/v2\/posts\/65726","targetHints":{"allow":["GET"]}}],"collection":[{"href":"https:\/\/diariodominicano.com\/index.php?rest_route=\/wp\/v2\/posts"}],"about":[{"href":"https:\/\/diariodominicano.com\/index.php?rest_route=\/wp\/v2\/types\/post"}],"author":[{"embeddable":true,"href":"https:\/\/diariodominicano.com\/index.php?rest_route=\/wp\/v2\/users\/3"}],"replies":[{"embeddable":true,"href":"https:\/\/diariodominicano.com\/index.php?rest_route=%2Fwp%2Fv2%2Fcomments&post=65726"}],"version-history":[{"count":0,"href":"https:\/\/diariodominicano.com\/index.php?rest_route=\/wp\/v2\/posts\/65726\/revisions"}],"wp:attachment":[{"href":"https:\/\/diariodominicano.com\/index.php?rest_route=%2Fwp%2Fv2%2Fmedia&parent=65726"}],"wp:term":[{"taxonomy":"category","embeddable":true,"href":"https:\/\/diariodominicano.com\/index.php?rest_route=%2Fwp%2Fv2%2Fcategories&post=65726"},{"taxonomy":"post_tag","embeddable":true,"href":"https:\/\/diariodominicano.com\/index.php?rest_route=%2Fwp%2Fv2%2Ftags&post=65726"}],"curies":[{"name":"wp","href":"https:\/\/api.w.org\/{rel}","templated":true}]}}