{"id":65725,"date":"2012-05-06T21:02:28","date_gmt":"2012-05-06T21:02:28","guid":{"rendered":"http:\/\/diariodominicano.ddns.net\/?p=65725"},"modified":"2012-05-06T21:02:28","modified_gmt":"2012-05-06T21:02:28","slug":"al-finalizar-la-feria-del-libro-la-pregunta-es-si-hubo-ganancia-o-perdida","status":"publish","type":"post","link":"https:\/\/diariodominicano.com\/?p=65725","title":{"rendered":"Al finalizar la Feria del Libro la pregunta es si hubo ganancia o p\u00e9rdida"},"content":{"rendered":"<p><body><\/p>\n<p><span class=\"text1noticias\">Santo Domingo RD 6 mayo (5:00 pm).- A pocas horas de la  clausura de la XV Feria Internacional del Libro, representantes de ventas de diversas librer\u00edas que participan en el evento  manifestaron diferentes opiniones en torno a la venta de obras literarias, aunque entienden que cualquier pron\u00f3stico puede cambiar en el transcurso de este domingo.<\/span><\/p>\n<p><span class=\"text1noticias\"> <\/span><\/p>\n<p><span class=\"text1noticias\">Mientras algunos vendedores  consultados  por este multimedios expresaron que la comercializaci\u00f3n de los libros tuvo un aumento con relaci\u00f3n al a\u00f1o pasado, otros piensan que hubo determinados factores que influyeron para que los expendios se estancaran.<\/span><\/p>\n<p><span class=\"text1noticias\"> <\/span><\/p>\n<p><span class=\"text1noticias\">El supervisor de la librer\u00eda Santillana, Iv\u00e1n Payano coment\u00f3 que  los libros de su stand fueron comprados un 15% m\u00e1s con relaci\u00f3n al  2011, lo cual atribuye a las ofertas  y a la entrada  de nuevos t\u00ectulos.<\/span><\/p>\n<p><span class=\"text1noticias\"> <\/span><\/p>\n<p><span class=\"text1noticias\">Asimismo, Jos\u00e9 Garc\u00eda,  presidente de la librer\u00eda Jos\u00e9 Libros y M\u00e1s,  calific\u00f3 como excelentes estos d\u00edas en  su  pabell\u00f3n: entre los textos m\u00e1s vendidos estuvieron: Del Coraz\u00f3n al Caparaz\u00f3n, del dominicano Juan La Mur  y  Ser Feliz es la Meta, del mexicano  Carlos Cuauht\u00e9moc S\u00e1nchez, ambos a RD$400.<\/span><\/p>\n<p><span class=\"text1noticias\"> <\/span><\/p>\n<p><span class=\"text1noticias\">No obstante, otros representantes dijeron  que la adquisici\u00f3n de libros fue m\u00ednima y lo atribuyen a las  lluvias, poca circulaci\u00f3n de dinero en el pa\u00eds y la ausencia este a\u00f1o  de los  bonos para estudiantes que otorgaban  instituciones p\u00fablicas como la Loter\u00eda Nacional.<\/span><\/p>\n<p><span class=\"text1noticias\"> <\/span><\/p>\n<p><span class=\"text1noticias\">En ese sentido, la copropietaria de la librer\u00eda La Trinitaria, Juani Uribe, sostiene que el declive se debe, entre otros factores, a la campa\u00f1a electoral y a la exposici\u00f3n  de tantas \u00abchucher\u00edas\u00bb,  las cuales  han influido para que los visitantes gasten lo poco que llevan en cuestiones insignificantes, cuando el objetivo deb\u00eda ser motivar e inducir a la lectura.<\/span><\/p>\n<p><span class=\"text1noticias\"> <\/span><\/p>\n<p><span class=\"text1noticias\">Califica de exitosa&#8230;<\/span><\/p>\n<p><span class=\"text1noticias\"> <\/span><\/p>\n<p><span class=\"text1noticias\">El director general de la XV Feria Internacional del Libro, Alejandro Arvelo, explic\u00f3 que desde el punto de vista  de la participaci\u00f3n de los j\u00f3venes y de los intelectuales,  la fiesta del   libro ha sido un \u00e9xito total.<\/span><\/p>\n<p><span class=\"text1noticias\"> <\/span><\/p>\n<p><span class=\"text1noticias\">\u00abHemos tenido una asistencia record de 66 escritores y escritoras de diferentes partes del mundo, que han escogido este lugar con el fin de publicar sus escritos y  tambi\u00e9n  la presencia de siete  pa\u00edses como invitados de honor\u00bb, agreg\u00f3 Arvelo.<\/span><\/p>\n<p><span class=\"text1noticias\"> <\/span><\/p>\n<p><span class=\"text1noticias\">Entiende que comparado con a\u00f1os anteriores, la Feria ha sido superior en cuanto a la  asistencia de la  poblaci\u00f3n dominicana y extranjera.<\/span><\/p>\n<p><span class=\"text1noticias\"> <\/span><\/p>\n<p><span class=\"text1noticias\">\u00abEl  \u00e9xito  se debe al  equipo que trabaj\u00f3 en el evento, al concluir cada d\u00eda se re\u00fanen con el fin de hacer una revisi\u00f3n cr\u00edtica, para corregir y mejorar en lo que se ha fallado y  potencializar los aciertos que han tenido\u00bb, apunt\u00f3 el responsable de la celebraci\u00f3n de la literatura.<\/span><\/p>\n<p><span class=\"text1noticias\"> <\/span><\/p>\n<p><span class=\"text1noticias\"> <\/span><\/p>\n<p><span class=\"text1noticias\">Dentro de las novedades que tiene esta edici\u00f3n  se encuentra la presencia de la Escuela de Bellas Artes, la cual   ha sido denominada: El Boulevard de Las Bellas Artes y cuenta  con un grupo de j\u00f3venes que realizan dibujos,  ense\u00f1an a los asistentes a esta fiesta de las letras y  estimulan a los interesados a ingresar  a la academia.<\/span><\/p>\n<p><span class=\"text1noticias\"> <\/span><\/p>\n<p><span class=\"text1noticias\">Se recuerda que la XV versi\u00f3n de la Feria Internacional de Libro Santo Domingo 2012,  est\u00e1 dedicada al escritor Enrique S\u00e1nchez y tiene como invitados especiales a los  pa\u00edses de  Centroam\u00e9rica ( Belice, Guatemala, El Salvador, Honduras, Costa Rica, Panam\u00e1 y Nicaragua).AD<\/span>.<\/p>\n<\/p>\n<h6> 2012-05-06 21:02:28 <\/h6>\n<p><!--\n<link rel=\"stylesheet\" href=\"css\/bootstrap.min.css\">\n\n\n<ul class=\"pagination\">\n\t    \n\t\n\n<li >\n\t<a href='?page_no=17402'>Previous<\/a>\n\t<\/li>\n\n\n       \n    \n\n<li><a href='?page_no=1'>1<\/a><\/li>\n\n\n\n<li><a href='?page_no=2'>2<\/a><\/li>\n\n\n\n<li><a>...<\/a><\/li>\n\n\n\n<li><a href='?page_no=17401'>17401<\/a><\/li>\n\n\n\n<li><a href='?page_no=17402'>17402<\/a><\/li>\n\n\n\n<li class='active'><a>17403<\/a><\/li>\n\n\n\n<li><a href='?page_no=17404'>17404<\/a><\/li>\n\n\n\n<li><a href='?page_no=17405'>17405<\/a><\/li>\n\n\n\n<li><a>...<\/a><\/li>\n\n\n\n<li><a href='?page_no=22911'>22911<\/a><\/li>\n\n\n\n<li><a href='?page_no=22912'>22912<\/a><\/li>\n\n    \n\t\n\n<li >\n\t<a href='?page_no=17404'>Next<\/a>\n\t<\/li>\n\n\n    \n\n<li><a href='?page_no=22912'>Last &rsaquo;&rsaquo;<\/a><\/li>\n\n<\/ul>\n\n\n--><br \/>\n<\/body><\/p>\n","protected":false},"excerpt":{"rendered":"<p>Santo Domingo RD 6 mayo (5:00 pm).- A pocas horas de la clausura de la XV Feria Internacional del Libro, representantes de ventas de diversas librer\u00edas que participan en el evento manifestaron diferentes opiniones en torno a la venta de obras literarias, aunque entienden que cualquier pron\u00f3stico puede cambiar en el transcurso de este domingo. [&hellip;]<\/p>\n","protected":false},"author":3,"featured_media":0,"comment_status":"open","ping_status":"open","sticky":false,"template":"","format":"standard","meta":{"footnotes":""},"categories":[21],"tags":[],"class_list":["post-65725","post","type-post","status-publish","format-standard","hentry","category-cultura"],"_links":{"self":[{"href":"https:\/\/diariodominicano.com\/index.php?rest_route=\/wp\/v2\/posts\/65725","targetHints":{"allow":["GET"]}}],"collection":[{"href":"https:\/\/diariodominicano.com\/index.php?rest_route=\/wp\/v2\/posts"}],"about":[{"href":"https:\/\/diariodominicano.com\/index.php?rest_route=\/wp\/v2\/types\/post"}],"author":[{"embeddable":true,"href":"https:\/\/diariodominicano.com\/index.php?rest_route=\/wp\/v2\/users\/3"}],"replies":[{"embeddable":true,"href":"https:\/\/diariodominicano.com\/index.php?rest_route=%2Fwp%2Fv2%2Fcomments&post=65725"}],"version-history":[{"count":0,"href":"https:\/\/diariodominicano.com\/index.php?rest_route=\/wp\/v2\/posts\/65725\/revisions"}],"wp:attachment":[{"href":"https:\/\/diariodominicano.com\/index.php?rest_route=%2Fwp%2Fv2%2Fmedia&parent=65725"}],"wp:term":[{"taxonomy":"category","embeddable":true,"href":"https:\/\/diariodominicano.com\/index.php?rest_route=%2Fwp%2Fv2%2Fcategories&post=65725"},{"taxonomy":"post_tag","embeddable":true,"href":"https:\/\/diariodominicano.com\/index.php?rest_route=%2Fwp%2Fv2%2Ftags&post=65725"}],"curies":[{"name":"wp","href":"https:\/\/api.w.org\/{rel}","templated":true}]}}