{"id":657248,"date":"2025-12-28T15:36:16","date_gmt":"2025-12-28T19:36:16","guid":{"rendered":"https:\/\/diariodominicano.com\/?p=657248"},"modified":"2025-12-29T01:43:15","modified_gmt":"2025-12-29T05:43:15","slug":"para-comprender-la-distopia-que-vivimos","status":"publish","type":"post","link":"https:\/\/diariodominicano.com\/?p=657248","title":{"rendered":"Para comprender la distop\u00eda que vivimos"},"content":{"rendered":"\n<p>Por Juan Carlos Espinal<\/p>\n\n\n\n<p>En una mirada de contraste a los ciclos hist\u00f3ricos en el Caribe de finales de 1900s, nos sumergimos en los antecedentes sociopol\u00edticos qu\u00e9 definen las caracter\u00edsticas socio- culturales de los per\u00edodos de gobiernos del PRD en el siglo XX, para tratar de comprender los acontecimientos pol\u00edticos que se dan en la segunda d\u00e9cada del siglo XXI.<\/p>\n\n\n\n<p>Con \u00e9sta entrega iniciamos la publicaci\u00f3n de una serie de art\u00edculos, buscando respuestas a la expansi\u00f3n del nuevo orden multipolar en la regi\u00f3n, la des-estructuracion de la sociedad Dominicana en su conjunto, la entrega de la soberan\u00eda nacional a los Estados Unidos y el avance de la extrema derecha.<\/p>\n\n\n\n<p>El advenimiento del PRM al poder pol\u00edtico de Rep\u00fablica Dominicana en 2020 coincide con una etapa hist\u00f3rica marcada por el fin de la hegemon\u00eda de los Estados Unidos en Am\u00e9rica Latina y el Caribe.<\/p>\n\n\n\n<p>La segunda d\u00e9cada del siglo XXI comenz\u00f3 con la divisi\u00f3n del Partido de la Liberaci\u00f3n Dominicana, el ascenso al poder Ejecutivo del presidente Luis Rodolfo Abinader Corona 2020-2024 ; 2024 &#8211; 2028, coincidiendo su mandato con la administraci\u00f3n del presidente Joe Biden de los Estados Unidos, con el injerencismo del presidente Trump, profundamente implicado en la pol\u00edtica interna de las naciones latinoamericanas y caribe\u00f1as, con Marco Rubio amenazando con intervenir en Venezuela, Hesset desestabilizando en Ecuador, Argentina y Colombia; sancionando a Cuba y Nicaragua.<\/p>\n\n\n\n<p>El saliente presidente Dem\u00f3crata Joe Biden profundiz\u00f3 el bloqueo econ\u00f3mico a Cuba, alent\u00f3 la guerra en Ucrania, fomento la desestabilizaci\u00f3n en Medio Oriente, socava do a la Uni\u00f3n Europea.<\/p>\n\n\n\n<p>Para los dominicanos qu\u00e9 poseen conciencia hist\u00f3rica, la situaci\u00f3n geopol\u00edtica qu\u00e9 atraviesa la regi\u00f3n del Caribe en 2025, es similar a los hechos que ocurrieron entre los a\u00f1os 1978-1986 y 2000-2004.<\/p>\n\n\n\n<p>Dado que los acontecimientos socioecon\u00f3micos y pol\u00edticos que se est\u00e1n desarrollando ahora tienen un v\u00ednculo con lo que estuvo sucediendo durante d\u00e9cadas atr\u00e1s es natural que las consecuencias de este modelo de gesti\u00f3n sean predecibles.<\/p>\n\n\n\n<p>En realidad, los escenarios geopol\u00edticos que se presentan durante el mandato del gobierno del presidente Abinader 2024-2028 se asemejan a los acontecimientos hist\u00f3ricos que se sucedieron durante los a\u00f1os de gobierno de Antonio Guzm\u00e1n 1978-1982, Salvador J. Blanco 1982-1986 e Hip\u00f3lito Mej\u00eda 2000-2004.<\/p>\n\n\n\n<p>Dado que las causas y las consecuencias de los fen\u00f3menos sociales, culturales, pol\u00edticos y econ\u00f3micos tienen una gran similitud, excepto por los actores, los contenidos, las individualidades y el sentido espec\u00edfico de su ret\u00f3rica, en tiempo y espacio podemos describir con incre\u00edble exactitud muchas situaciones qu\u00e9 sucedieron en el pasado que tienen lugar en la actualidad.<\/p>\n\n\n\n<p>En verdad, las actuales circunstancias hist\u00f3ricas son el reflejo de una relaci\u00f3n desigual que ha existido entre los gobiernos de Estados Unidos y de la Rep\u00fablica Dominicana, por m\u00e1s de un siglo.<\/p>\n\n\n\n<p>En el siglo XXI, el apogeo de las intervenciones militares, los golpes de Estado y los magnicidios en el Caribe se deben a la historia del involucramiento del Pent\u00e1gono en los asuntos internos de Rep\u00fablica Dominicana, qu\u00e9 comienza en el siglo 19, se profundiza con la invasi\u00f3n militar en 1916-1924, se consolida con el r\u00e9gimen dictatorial de Rafael L. Trujillo Molina 1930-1961 y se materializa como instrumento politico del imperialismo occidental en 1965.<\/p>\n\n\n\n<p>La injerencia del Departamento de Estado de Estados Unidos en el pa\u00eds avanza r\u00e1pido entre 1966-1978 hasta filtrar las instituciones p\u00fablicas nacionales, el Congreso, los partidos pol\u00edticos, los altos centros de estudios universitarios, el sector financiero y el sistema escolar.<\/p>\n\n\n\n<p>Desde 1898 hasta 1994, toda crisis social, pol\u00edtica o econ\u00f3mica que desemboca en dictadura se afinco en Rep\u00fablica Dominicana gracias al constante involucramiento y control pol\u00edtico del Departamento de Estado de Estados Unidos en los asuntos internos dominicanos.<\/p>\n\n\n\n<p>Las manipulaciones pol\u00edticas y financieras del Fondo Monetario Internacional, los frecuentes informes sesgados de USAID, el uso indiscriminado de la fuerza letal en ocasiones y la creciente penetracion del capital financiero estadounidense en el sector privado de la econom\u00eda bancentraliana facilit\u00f3 el advenimiento de cataclismos sociales, desestabilizaciones pol\u00edticas y convulsiones excepcionales.<\/p>\n\n\n\n<p>La pol\u00edtica injerencista de Estados Unidos en el Caribe se mantiene vigente a trav\u00e9s de ONGs como Participaci\u00f3n Ciudadana, entidades como la C\u00e1mara Dominico-Americana de Comercio, el lobbie del CONEP en el Congreso Nacional, la subordinaci\u00f3n del Ej\u00e9rcito Nacional y un vasto sistema de comunicaci\u00f3n corporativo basado en la propaganda.<\/p>\n\n\n\n<figure class=\"wp-block-embed is-type-wp-embed is-provider-diario-dominicano wp-block-embed-diario-dominicano\"><div class=\"wp-block-embed__wrapper\">\nhttps:\/\/diariodominicano.com\/?p=657248\n<\/div><\/figure>\n\n\n\n<p><\/p>\n","protected":false},"excerpt":{"rendered":"<p>Por Juan Carlos Espinal En una mirada de contraste a los ciclos hist\u00f3ricos en el Caribe de finales de 1900s, nos sumergimos en los antecedentes sociopol\u00edticos qu\u00e9 definen las caracter\u00edsticas socio- culturales de los per\u00edodos de gobiernos del PRD en el siglo XX, para tratar de comprender los acontecimientos pol\u00edticos que se dan en la [&hellip;]<\/p>\n","protected":false},"author":7,"featured_media":521400,"comment_status":"closed","ping_status":"closed","sticky":false,"template":"","format":"standard","meta":{"footnotes":""},"categories":[16],"tags":[366],"class_list":["post-657248","post","type-post","status-publish","format-standard","has-post-thumbnail","hentry","category-opiniones","tag-juan-carlos-espinal"],"_links":{"self":[{"href":"https:\/\/diariodominicano.com\/index.php?rest_route=\/wp\/v2\/posts\/657248","targetHints":{"allow":["GET"]}}],"collection":[{"href":"https:\/\/diariodominicano.com\/index.php?rest_route=\/wp\/v2\/posts"}],"about":[{"href":"https:\/\/diariodominicano.com\/index.php?rest_route=\/wp\/v2\/types\/post"}],"author":[{"embeddable":true,"href":"https:\/\/diariodominicano.com\/index.php?rest_route=\/wp\/v2\/users\/7"}],"replies":[{"embeddable":true,"href":"https:\/\/diariodominicano.com\/index.php?rest_route=%2Fwp%2Fv2%2Fcomments&post=657248"}],"version-history":[{"count":3,"href":"https:\/\/diariodominicano.com\/index.php?rest_route=\/wp\/v2\/posts\/657248\/revisions"}],"predecessor-version":[{"id":657403,"href":"https:\/\/diariodominicano.com\/index.php?rest_route=\/wp\/v2\/posts\/657248\/revisions\/657403"}],"wp:featuredmedia":[{"embeddable":true,"href":"https:\/\/diariodominicano.com\/index.php?rest_route=\/wp\/v2\/media\/521400"}],"wp:attachment":[{"href":"https:\/\/diariodominicano.com\/index.php?rest_route=%2Fwp%2Fv2%2Fmedia&parent=657248"}],"wp:term":[{"taxonomy":"category","embeddable":true,"href":"https:\/\/diariodominicano.com\/index.php?rest_route=%2Fwp%2Fv2%2Fcategories&post=657248"},{"taxonomy":"post_tag","embeddable":true,"href":"https:\/\/diariodominicano.com\/index.php?rest_route=%2Fwp%2Fv2%2Ftags&post=657248"}],"curies":[{"name":"wp","href":"https:\/\/api.w.org\/{rel}","templated":true}]}}