{"id":657247,"date":"2025-12-28T15:14:08","date_gmt":"2025-12-28T19:14:08","guid":{"rendered":"https:\/\/diariodominicano.com\/?p=657247"},"modified":"2025-12-28T15:29:12","modified_gmt":"2025-12-28T19:29:12","slug":"precisamos-de-mujeres-y-hombres-no-contaminados","status":"publish","type":"post","link":"https:\/\/diariodominicano.com\/?p=657247","title":{"rendered":"Precisamos de mujeres y hombres no contaminados"},"content":{"rendered":"\n<p>Por: Ram\u00f3n Antonio Veras<\/p>\n\n\n\n<p>1.- Decidirse por mirar con atenci\u00f3n a la sociedad dominicana en su conjunto es comprobar la profunda desigualdad que en ella existe.<\/p>\n\n\n\n<p>2.- Desentenderse, no tomar en cuenta la vida material y espiritual de la mayor\u00eda de los nuestros, es darle de lado a la realidad, hacerse el loco.<\/p>\n\n\n\n<p>3.- El cuadro que pinta la materialidad de nuestro pa\u00eds es para interesarse, intervenir, ocuparse y nunca hacerse el distra\u00eddo.<\/p>\n\n\n\n<p>4.- La mujer y el hombre sensibles, preocupados por lo que ocurre a su alrededor, en ning\u00fan momento deben portarse ap\u00e1ticos, indiferentes. Lo correcto es estar apasionados, preparados para encenderse.<\/p>\n\n\n\n<p>&nbsp;5.- En el medio dominicano no cuadra la posici\u00f3n de la persona inclinada a la contemplaci\u00f3n y a la meditaci\u00f3n. Aqu\u00ed no debe haber espacio para el inactivo, el so\u00f1ador.<\/p>\n\n\n\n<p>6.- Las condiciones de pobreza que lesionan a gran parte&nbsp; de los nuestros son para causar o motivar indignaci\u00f3n, accionar y luchar.<\/p>\n\n\n\n<p>7.- En el ambiente dominicano conviene que muchos conciudadanos se sometan a un examen de conciencia para determinar si est\u00e1n procediendo como mandan las circunstancias en lo que se refiere al compromiso social y c\u00edvico.<\/p>\n\n\n\n<p>8.- Con todo pesar hay que escribir diciendo que aqu\u00ed existe una gran cantidad de conciudadanos que con facilidad se adhieren a todo lo que es de su conveniencia, sin pensar en los dem\u00e1s.<\/p>\n\n\n\n<p>9.- El sistema est\u00e1 generando al individuo acomodaticio, a ese que se adapta a como es de inter\u00e9s para los grupos de poder en cada ocasi\u00f3n.<\/p>\n\n\n\n<p>10.- El ordenamiento econ\u00f3mico presente aqu\u00ed es el que nos ha tra\u00eddo al camale\u00f3n, chaquetero y oportunista.<\/p>\n\n\n\n<p>11.- El estado de descomposici\u00f3n, la degradaci\u00f3n de la sociedad dominicana, requiere de mujeres y hombres que no est\u00e9n contaminados por las taras que nos da\u00f1an como comunidad humana.<\/p>\n\n\n\n<p>&nbsp;12.- Un amplio sector de nuestros connacionales, al parecer, ha decidido aceptar vivir en el actual orden con sus manchas, aunque por ellas resulten deshonrados y ensuciados.<\/p>\n\n\n\n<p>13.- Permanecer, quedarse viviendo en la Rep\u00fablica Dominicana de hoy, impone involucrarse con la lucha social a los fines de humanizar y adecentar la vida p\u00fablica.<\/p>\n\n\n\n<p>14.- Aquella persona que se limita a contemplar el drama dominicano, sin hacer nada para cambiarlo, es c\u00f3mplice de todas las injusticias que padece la mayor\u00eda del pueblo dominicano.<\/p>\n\n\n\n<p>15.- Para alcanzar un nuevo r\u00e9gimen econ\u00f3mico, hay que influir o incitar, empujar a los oprimidos para que rompan el dominio que mantienen los opresores causantes de los males que nos da\u00f1an como pa\u00eds.<\/p>\n\n\n\n<p>&nbsp;16.- La quietud de las masas solamente favorece a las clases dominantes. La fuerza de los de abajo descansa en su accionar con el objetivo de hacerse los due\u00f1os del poder del Estado.<\/p>\n","protected":false},"excerpt":{"rendered":"<p>Por: Ram\u00f3n Antonio Veras 1.- Decidirse por mirar con atenci\u00f3n a la sociedad dominicana en su conjunto es comprobar la profunda desigualdad que en ella existe. 2.- Desentenderse, no tomar en cuenta la vida material y espiritual de la mayor\u00eda de los nuestros, es darle de lado a la realidad, hacerse el loco. 3.- El [&hellip;]<\/p>\n","protected":false},"author":7,"featured_media":654589,"comment_status":"closed","ping_status":"closed","sticky":false,"template":"","format":"standard","meta":{"footnotes":""},"categories":[36,19,16],"tags":[426],"class_list":["post-657247","post","type-post","status-publish","format-standard","has-post-thumbnail","hentry","category-hombresmujeresycosas","category-mi-voz","category-opiniones","tag-ramon-antonio-veras"],"_links":{"self":[{"href":"https:\/\/diariodominicano.com\/index.php?rest_route=\/wp\/v2\/posts\/657247","targetHints":{"allow":["GET"]}}],"collection":[{"href":"https:\/\/diariodominicano.com\/index.php?rest_route=\/wp\/v2\/posts"}],"about":[{"href":"https:\/\/diariodominicano.com\/index.php?rest_route=\/wp\/v2\/types\/post"}],"author":[{"embeddable":true,"href":"https:\/\/diariodominicano.com\/index.php?rest_route=\/wp\/v2\/users\/7"}],"replies":[{"embeddable":true,"href":"https:\/\/diariodominicano.com\/index.php?rest_route=%2Fwp%2Fv2%2Fcomments&post=657247"}],"version-history":[{"count":1,"href":"https:\/\/diariodominicano.com\/index.php?rest_route=\/wp\/v2\/posts\/657247\/revisions"}],"predecessor-version":[{"id":657267,"href":"https:\/\/diariodominicano.com\/index.php?rest_route=\/wp\/v2\/posts\/657247\/revisions\/657267"}],"wp:featuredmedia":[{"embeddable":true,"href":"https:\/\/diariodominicano.com\/index.php?rest_route=\/wp\/v2\/media\/654589"}],"wp:attachment":[{"href":"https:\/\/diariodominicano.com\/index.php?rest_route=%2Fwp%2Fv2%2Fmedia&parent=657247"}],"wp:term":[{"taxonomy":"category","embeddable":true,"href":"https:\/\/diariodominicano.com\/index.php?rest_route=%2Fwp%2Fv2%2Fcategories&post=657247"},{"taxonomy":"post_tag","embeddable":true,"href":"https:\/\/diariodominicano.com\/index.php?rest_route=%2Fwp%2Fv2%2Ftags&post=657247"}],"curies":[{"name":"wp","href":"https:\/\/api.w.org\/{rel}","templated":true}]}}