{"id":65724,"date":"2012-05-07T05:03:21","date_gmt":"2012-05-07T05:03:21","guid":{"rendered":"http:\/\/diariodominicano.ddns.net\/?p=65724"},"modified":"2012-05-07T05:03:21","modified_gmt":"2012-05-07T05:03:21","slug":"acto-de-presentacion-de-la-guerra-de-pichirilo-y-tertulia","status":"publish","type":"post","link":"https:\/\/diariodominicano.com\/?p=65724","title":{"rendered":"&#13;Acto de Presentaci\u00f3n  de La Guerra de Pichirilo  y Tertulia"},"content":{"rendered":"<p><body><\/p>\n<p><span class=\"text1noticias\"> SANTO DOMINGO, Rep\u00fablica Dominicana, 6 mayo.- Este martes 8 de mayo se celebrar\u00e1 el acto de presentaci\u00f3n p\u00fablica de la novela \u00b4\u00b4La Guerra de Pichirilo\u00b4\u00b4, de V\u00edctor MANUEL Grimaldi C\u00c9SPEDES. La actividad cultural tendr\u00e1 lugar a partir de las ocho de la noche en el Hotel Santo Domingo.<\/span><\/p>\n<\/p>\n<p><span class=\"text1noticias\">    Hace un mes que la obra literaria se est\u00e1 ofreciendo al p\u00fablico en librer\u00edas, as\u00ed como tuvo buena acogida en la reci\u00e9n celebrada Feria del Libro. \u00b4\u00b4La Guerrra de Pichirilo\u00b4\u00b4 fue impresa en Editora Corripio.<\/span><\/p>\n<\/p>\n<p><span class=\"text1noticias\">   La novela tiene un subt\u00edtulo: \u00b4\u00b4De Montecasino a Santo Domingo\u00b4\u00b4, y trata de aspectos in\u00e9ditos novelados sobre la intervenci\u00f3n militar norteamericana de 1965 y su relaci\u00f3n con la campa\u00f1a desarrollada en Italia por las fuerzas aliadas en la Segunda Guerra Mundial.<\/span><\/p>\n<\/p>\n<p><span class=\"text1noticias\">     Como nombre de autor en la portada aparece el segundo nombre del escritor, MANUEL, y su segundo apellido, C\u00c9SPEDES, si bien en la p\u00e1gina de los cr\u00e9ditos se establece que V\u00edctor Manuel Grimaldi C\u00e9spedes tiene los derechos de autor.<\/span><\/p>\n<\/p>\n<p><span class=\"text1noticias\">   \u00b4\u00b4Los lectores conocen a un periodista llamado V\u00edctor Grimaldi -indica el autor- y ahora se encontrar\u00e1n con un narrador de historias de ficci\u00f3n, Manuel C\u00e9spedes, en esta novela\u00b4\u00b4.<\/span><\/p>\n<p><span class=\"text1noticias\">   Grimaldi C\u00e9spedes ha escrito, entre otros libros: \u00b4\u00b4Sangre en el Barrio del Jefe\u00b4\u00b4(tres ediciones, 2007, 2008 y 2009),\u00b4\u00b4En la F\u00e1brica del Siglo\u00b4\u00b4(dos ediciones, 2001 y 2005), \u00b4\u00b4Golpe y Revoluci\u00f3n\u00b4\u00b4(dos ediciones, 2000 y 2008), \u00b4\u00b4Tumbaron Al Jefe\u00b4\u00b4(tres ediciones, 1999, 2004 y 2009). En 2009 puso a circular dos nuevas obras: \u00b4\u00b4Balaguer Subiendo Al Poder\u00b4\u00b4, y \u00b4\u00b4Juan Bosch y Garc\u00eda M\u00e1rquez, Entrevistas\u00b4\u00b4.<\/span><\/p>\n<\/p>\n<p><span class=\"text1noticias\">   Su primera obra, de 1977, es \u00b4\u00b4Entrevistas, An\u00e1lisis y Reportajes\u00b4\u00b4. En 1985 public\u00f3 tres best sellers: \u00b4\u00b4Los Estados Unidos en el Derrocamiento de Trujillo\u00b4\u00b4, El Diario Secreto de la Intervenci\u00f3n Militar de 1965\u00b4\u00b4 y \u00b4\u00b4El Misterio del Golpe de 1963\u00b4\u00b4.<\/span><\/p>\n<\/p>\n<p><span class=\"text1noticias\">   Otros libros de Grim\u00e1ldi C\u00e9spedes de gran \u00e9xito son: \u00b4\u00b4En la Contralor\u00eda\u00b4\u00b4(1999), \u00b4\u00b4Cambios Mundiales, Desarrollo y Concertaci\u00f3n Social\u00b4\u00b4(1991) y \u00b4\u00b41990, Una Agenda M\u00e1s All\u00e1 de 1994\u00b4\u00b4(1992). Asimismo, \u00b4\u00b4Juan Bosch, El Comienzo de la Historia\u00b4\u00b4(1990) y \u00b4\u00b41965, la Invasi\u00f3n Norteamericana\u00b4\u00b4(2005).<\/span><\/p>\n<\/p>\n<\/p>\n<h6> 2012-05-07 05:03:21 <\/h6>\n<p><!--\n<link rel=\"stylesheet\" href=\"css\/bootstrap.min.css\">\n\n\n<ul class=\"pagination\">\n\t    \n\t\n\n<li >\n\t<a href='?page_no=17401'>Previous<\/a>\n\t<\/li>\n\n\n       \n    \n\n<li><a href='?page_no=1'>1<\/a><\/li>\n\n\n\n<li><a href='?page_no=2'>2<\/a><\/li>\n\n\n\n<li><a>...<\/a><\/li>\n\n\n\n<li><a href='?page_no=17400'>17400<\/a><\/li>\n\n\n\n<li><a href='?page_no=17401'>17401<\/a><\/li>\n\n\n\n<li class='active'><a>17402<\/a><\/li>\n\n\n\n<li><a href='?page_no=17403'>17403<\/a><\/li>\n\n\n\n<li><a href='?page_no=17404'>17404<\/a><\/li>\n\n\n\n<li><a>...<\/a><\/li>\n\n\n\n<li><a href='?page_no=22911'>22911<\/a><\/li>\n\n\n\n<li><a href='?page_no=22912'>22912<\/a><\/li>\n\n    \n\t\n\n<li >\n\t<a href='?page_no=17403'>Next<\/a>\n\t<\/li>\n\n\n    \n\n<li><a href='?page_no=22912'>Last &rsaquo;&rsaquo;<\/a><\/li>\n\n<\/ul>\n\n\n--><br \/>\n<\/body><\/p>\n","protected":false},"excerpt":{"rendered":"<p>SANTO DOMINGO, Rep\u00fablica Dominicana, 6 mayo.- Este martes 8 de mayo se celebrar\u00e1 el acto de presentaci\u00f3n p\u00fablica de la novela \u00b4\u00b4La Guerra de Pichirilo\u00b4\u00b4, de V\u00edctor MANUEL Grimaldi C\u00c9SPEDES. La actividad cultural tendr\u00e1 lugar a partir de las ocho de la noche en el Hotel Santo Domingo. Hace un mes que la obra literaria [&hellip;]<\/p>\n","protected":false},"author":3,"featured_media":0,"comment_status":"open","ping_status":"open","sticky":false,"template":"","format":"standard","meta":{"footnotes":""},"categories":[21],"tags":[],"class_list":["post-65724","post","type-post","status-publish","format-standard","hentry","category-cultura"],"_links":{"self":[{"href":"https:\/\/diariodominicano.com\/index.php?rest_route=\/wp\/v2\/posts\/65724","targetHints":{"allow":["GET"]}}],"collection":[{"href":"https:\/\/diariodominicano.com\/index.php?rest_route=\/wp\/v2\/posts"}],"about":[{"href":"https:\/\/diariodominicano.com\/index.php?rest_route=\/wp\/v2\/types\/post"}],"author":[{"embeddable":true,"href":"https:\/\/diariodominicano.com\/index.php?rest_route=\/wp\/v2\/users\/3"}],"replies":[{"embeddable":true,"href":"https:\/\/diariodominicano.com\/index.php?rest_route=%2Fwp%2Fv2%2Fcomments&post=65724"}],"version-history":[{"count":0,"href":"https:\/\/diariodominicano.com\/index.php?rest_route=\/wp\/v2\/posts\/65724\/revisions"}],"wp:attachment":[{"href":"https:\/\/diariodominicano.com\/index.php?rest_route=%2Fwp%2Fv2%2Fmedia&parent=65724"}],"wp:term":[{"taxonomy":"category","embeddable":true,"href":"https:\/\/diariodominicano.com\/index.php?rest_route=%2Fwp%2Fv2%2Fcategories&post=65724"},{"taxonomy":"post_tag","embeddable":true,"href":"https:\/\/diariodominicano.com\/index.php?rest_route=%2Fwp%2Fv2%2Ftags&post=65724"}],"curies":[{"name":"wp","href":"https:\/\/api.w.org\/{rel}","templated":true}]}}