{"id":65720,"date":"2012-05-07T16:54:04","date_gmt":"2012-05-07T16:54:04","guid":{"rendered":"http:\/\/diariodominicano.ddns.net\/?p=65720"},"modified":"2012-05-07T16:54:04","modified_gmt":"2012-05-07T16:54:04","slug":"clausuran-feria-de-proyectos-union-europea-reconocen-artista-plastica-jean-girigori","status":"publish","type":"post","link":"https:\/\/diariodominicano.com\/?p=65720","title":{"rendered":"Clausuran feria de proyectos Uni\u00f3n Europea Reconocen artista pl\u00e1stica Jean Girigori"},"content":{"rendered":"<p><body><\/p>\n<p><img decoding=\"async\" src=\"img3\/Gilberto Serulle reconoc artista plastica jean Girigori.JPG\" \/>  <\/p>\n<p>SANTIAGO, Rep. Dominicana, 7 mayo, 10:25 am.-  Fue clausurada aqu\u00ed el pasado domingo, la primera feria de proyectos denominada \u00abCiudadan\u00eda y Derechos\u00bb de la Uni\u00f3n Europea y que por varios d\u00edas se desarroll\u00f3 con todo \u00e9xito en el Ayuntamiento local.<\/p>\n<p>Asimismo, en ese acto, fue homenajeada la artista pl\u00e1stica dom\u00ednico-curazole\u00f1a Jean Girigori, a quien el Cabildo local y la Uni\u00f3n Europea les entregaron una placa de reconocimiento por sus valiosos aportes al arte y la cultura dominicana, del Caribe y del mundo.<\/p>\n<p>El Alcalde santiagu\u00e9s, doctor Gilberto Serulle defini\u00f3 a Girigori  como una gran luchadora por las mejores causas no solo de los desamparados de Rep\u00fablica Dominicana, sino del Caribe  y de otras regiones del mundo.<\/p>\n<p>Mientras que Jean Girigori al agradecer el homenaje, manifest\u00f3 que son todos los sectores de la sociedad los que deben unir esfuerzos y voluntades para reducir las grandes desigualdades que perjudican a millones de ni\u00f1os, mujeres y hombres en el mundo.<\/p>\n<p>Dijo que el Alcalde Gilberto Serulle es una persona con \u00abrostro humano\u00bb y que est\u00e1 realizando una gran gesti\u00f3n y que debe ser respaldada masivamente por todos los mun\u00edcipes de Santiago.<\/p>\n<p>Durante el acto, la embajadora de la Uni\u00f3n Europea, Irene Horejs agradeci\u00f3 la gran receptividad ofrecida por el Alcalde Serulle al evento con el que su naci\u00f3n celebr\u00f3 el nuevo aniversario de esa naci\u00f3n.<\/p>\n<p>La actividad culmin\u00f3 con un show art\u00edstico en la explanada frontal del Ayuntamiento de Santiago.<\/p>\n<p>Direcci\u00f3n de Comunicaciones y Relaciones P\u00fablicas                                                   Ayuntamiento de Santiago                                                                                                     Lunes 7 de Mayo del 2012<\/p>\n<h6> 2012-05-07 16:54:04 <\/h6>\n<p><!--\n<link rel=\"stylesheet\" href=\"css\/bootstrap.min.css\">\n\n\n<ul class=\"pagination\">\n\t    \n\t\n\n<li >\n\t<a href='?page_no=17397'>Previous<\/a>\n\t<\/li>\n\n\n       \n    \n\n<li><a href='?page_no=1'>1<\/a><\/li>\n\n\n\n<li><a href='?page_no=2'>2<\/a><\/li>\n\n\n\n<li><a>...<\/a><\/li>\n\n\n\n<li><a href='?page_no=17396'>17396<\/a><\/li>\n\n\n\n<li><a href='?page_no=17397'>17397<\/a><\/li>\n\n\n\n<li class='active'><a>17398<\/a><\/li>\n\n\n\n<li><a href='?page_no=17399'>17399<\/a><\/li>\n\n\n\n<li><a href='?page_no=17400'>17400<\/a><\/li>\n\n\n\n<li><a>...<\/a><\/li>\n\n\n\n<li><a href='?page_no=22911'>22911<\/a><\/li>\n\n\n\n<li><a href='?page_no=22912'>22912<\/a><\/li>\n\n    \n\t\n\n<li >\n\t<a href='?page_no=17399'>Next<\/a>\n\t<\/li>\n\n\n    \n\n<li><a href='?page_no=22912'>Last &rsaquo;&rsaquo;<\/a><\/li>\n\n<\/ul>\n\n\n--><br \/>\n<\/body><\/p>\n","protected":false},"excerpt":{"rendered":"<p>SANTIAGO, Rep. Dominicana, 7 mayo, 10:25 am.- Fue clausurada aqu\u00ed el pasado domingo, la primera feria de proyectos denominada \u00abCiudadan\u00eda y Derechos\u00bb de la Uni\u00f3n Europea y que por varios d\u00edas se desarroll\u00f3 con todo \u00e9xito en el Ayuntamiento local. Asimismo, en ese acto, fue homenajeada la artista pl\u00e1stica dom\u00ednico-curazole\u00f1a Jean Girigori, a quien el [&hellip;]<\/p>\n","protected":false},"author":3,"featured_media":0,"comment_status":"open","ping_status":"open","sticky":false,"template":"","format":"standard","meta":{"footnotes":""},"categories":[21],"tags":[],"class_list":["post-65720","post","type-post","status-publish","format-standard","hentry","category-cultura"],"_links":{"self":[{"href":"https:\/\/diariodominicano.com\/index.php?rest_route=\/wp\/v2\/posts\/65720","targetHints":{"allow":["GET"]}}],"collection":[{"href":"https:\/\/diariodominicano.com\/index.php?rest_route=\/wp\/v2\/posts"}],"about":[{"href":"https:\/\/diariodominicano.com\/index.php?rest_route=\/wp\/v2\/types\/post"}],"author":[{"embeddable":true,"href":"https:\/\/diariodominicano.com\/index.php?rest_route=\/wp\/v2\/users\/3"}],"replies":[{"embeddable":true,"href":"https:\/\/diariodominicano.com\/index.php?rest_route=%2Fwp%2Fv2%2Fcomments&post=65720"}],"version-history":[{"count":0,"href":"https:\/\/diariodominicano.com\/index.php?rest_route=\/wp\/v2\/posts\/65720\/revisions"}],"wp:attachment":[{"href":"https:\/\/diariodominicano.com\/index.php?rest_route=%2Fwp%2Fv2%2Fmedia&parent=65720"}],"wp:term":[{"taxonomy":"category","embeddable":true,"href":"https:\/\/diariodominicano.com\/index.php?rest_route=%2Fwp%2Fv2%2Fcategories&post=65720"},{"taxonomy":"post_tag","embeddable":true,"href":"https:\/\/diariodominicano.com\/index.php?rest_route=%2Fwp%2Fv2%2Ftags&post=65720"}],"curies":[{"name":"wp","href":"https:\/\/api.w.org\/{rel}","templated":true}]}}