{"id":657189,"date":"2025-12-27T23:50:22","date_gmt":"2025-12-28T03:50:22","guid":{"rendered":"https:\/\/diariodominicano.com\/?p=657189"},"modified":"2025-12-27T23:50:24","modified_gmt":"2025-12-28T03:50:24","slug":"prodanza-de-cuba-dedico-a-los-alonso-funcion-especial-de-ballet","status":"publish","type":"post","link":"https:\/\/diariodominicano.com\/?p=657189","title":{"rendered":"ProDanza de Cuba dedic\u00f3 a los Alonso funci\u00f3n especial de ballet"},"content":{"rendered":"\n<p>La Habana, 27 dic (Prensa Latina) El Centro ProDanza de Cuba honr\u00f3 hoy la memoria de los maestros del ballet Alicia, Fernando y Alberto Alonso, con interpretaciones de cl\u00e1sicos en la Funci\u00f3n de Gala Alonso por siempre, en el capitalino teatro Karl Marx.<\/p>\n\n\n\n<ul class=\"wp-block-list\">\n<li><a href=\"https:\/\/www.prensa-latina.cu\/2025\/12\/27\/\"><time>diciembre 27, 2025 | 21:56<\/time><\/a><\/li>\n<\/ul>\n\n\n\n<ul class=\"wp-block-list\">\n<li><a href=\"https:\/\/www.prensa-latina.cu\/2025\/12\/27\/prodanza-de-cuba-dedico-a-los-alonso-funcion-especial-de-ballet\/#\"><\/a><\/li>\n\n\n\n<li><a href=\"https:\/\/www.prensa-latina.cu\/2025\/12\/27\/prodanza-de-cuba-dedico-a-los-alonso-funcion-especial-de-ballet\/#\"><\/a><\/li>\n\n\n\n<li><a href=\"https:\/\/www.prensa-latina.cu\/2025\/12\/27\/prodanza-de-cuba-dedico-a-los-alonso-funcion-especial-de-ballet\/#\"><\/a><\/li>\n\n\n\n<li><a href=\"https:\/\/www.prensa-latina.cu\/2025\/12\/27\/prodanza-de-cuba-dedico-a-los-alonso-funcion-especial-de-ballet\/#\"><\/a><\/li>\n<\/ul>\n\n\n\n<p>Bajo la direcci\u00f3n general de la maestra Laura Alonso, la compa\u00f1\u00eda celebr\u00f3 el cumplea\u00f1os de las tres figuras fundamentales de la danza nacional, pilares de la Escuela Cubana de Ballet y fundadores del Ballet Nacional de Cuba.<\/p>\n\n\n\n<p>Mi t\u00edo Alberto insist\u00eda en que los movimientos sensuales de los latinos, sobre todo de los cubanos, fueran incluidos en la danza; pap\u00e1 estudi\u00f3 las distintas escuelas y regres\u00f3 a Cuba a crear la metodolog\u00eda de la escuela de ballet y mam\u00e1 demostr\u00f3 ese sue\u00f1o, esa idea de los tres, expres\u00f3 Laura Alonso en un video previo a la presentaci\u00f3n.<\/p>\n\n\n\n<p>Durante la velada, los bailarines Thal\u00eda Molina e Isa\u00edas Rodr\u00edguez ejecutaron el pas de deux de Don Quijote, Elena Matos y Alex Pozo protagonizaron el d\u00fao de Giselle, mientras que Lilia Mart\u00ednez y Yerandy Tapanes ofrecieron una emotiva versi\u00f3n de Romeo y Julieta.<\/p>\n\n\n\n<p>Rachel Mendoza e Isa\u00edas Rodr\u00edguez dieron vida al Cisne Negro de El lago de los cisnes, al tiempo que la muerte de su contraparte la encarn\u00f3 Alejandra Rodr\u00edguez; Mendoza protagoniz\u00f3 adem\u00e1s Carmen, junto a Alex Pozo, Liannys Hern\u00e1ndez, Pablo Gonz\u00e1lez y Marlon Hern\u00e1ndez.<\/p>\n\n\n\n<p>El programa cont\u00f3 con coreograf\u00eda de Iv\u00e1n Monreal Alonso, Laura y Alberto Alonso indistintamente, m\u00fasica de Ludwig Minkus (Don Quijote), Serguei Prokofiev (Romeo y Julieta), Piotr Ilich Tchaikovsky (Cisne Negro), Camille Saint-Saens (La muerte del cisne), Adolphe Adam (Giselle) y Rodi\u00f3n Shchedr\u00edn (Carmen).<\/p>\n\n\n\n<p>La funci\u00f3n se desarroll\u00f3 con la gu\u00eda de los ma\u00eetres Lourdes \u00c1lvarez, Moraima Mart\u00ednez, Romelio Fr\u00f3meta, las ensayadoras Elena \u00c1lvarez y Patricia Hern\u00e1ndez, el jefe de escena Mario Manuel Travieso y el regisserato a cargo de Vilma Arias.<\/p>\n\n\n\n<p>Alberto, Fernando y Alicia llevaron el apellido Alonso por todo el mundo, conquistando las m\u00e1s distintas sensibilidades a fuerza de rigor y resultados, abriendo caminos para muchos despu\u00e9s, resalt\u00f3 la directora general.<\/p>\n\n\n\n<p>Este homenaje es para ellos, para todos los que han sido tocados por su obra y para ustedes, queridos espectadores, por estar ah\u00ed y ser la raz\u00f3n de nuestra vida, finaliz\u00f3.<\/p>\n\n\n\n<p>La presentaci\u00f3n especial tendr\u00e1 lugar nuevamente el domingo 28 de diciembre en el capitalino Teatro Karl Marx, a las 17:00 hora local.<\/p>\n\n\n\n<p>lam\/vnl<\/p>\n\n\n\n<ul class=\"wp-block-list\">\n<li>#<a href=\"https:\/\/www.prensa-latina.cu\/etiqueta\/ballet\/\">ballet<\/a>\u00a0#<a href=\"https:\/\/www.prensa-latina.cu\/etiqueta\/cuba\/\">cuba<\/a>\u00a0#<a href=\"https:\/\/www.prensa-latina.cu\/etiqueta\/cultura\/\">cultura<\/a>\u00a0#<a href=\"https:\/\/www.prensa-latina.cu\/etiqueta\/danza\/\">danza<\/a><\/li>\n<\/ul>\n","protected":false},"excerpt":{"rendered":"<p>La Habana, 27 dic (Prensa Latina) El Centro ProDanza de Cuba honr\u00f3 hoy la memoria de los maestros del ballet Alicia, Fernando y Alberto Alonso, con interpretaciones de cl\u00e1sicos en la Funci\u00f3n de Gala Alonso por siempre, en el capitalino teatro Karl Marx. Bajo la direcci\u00f3n general de la maestra Laura Alonso, la compa\u00f1\u00eda celebr\u00f3 [&hellip;]<\/p>\n","protected":false},"author":2,"featured_media":657190,"comment_status":"closed","ping_status":"closed","sticky":false,"template":"","format":"standard","meta":{"footnotes":""},"categories":[21],"tags":[],"class_list":["post-657189","post","type-post","status-publish","format-standard","has-post-thumbnail","hentry","category-cultura"],"_links":{"self":[{"href":"https:\/\/diariodominicano.com\/index.php?rest_route=\/wp\/v2\/posts\/657189","targetHints":{"allow":["GET"]}}],"collection":[{"href":"https:\/\/diariodominicano.com\/index.php?rest_route=\/wp\/v2\/posts"}],"about":[{"href":"https:\/\/diariodominicano.com\/index.php?rest_route=\/wp\/v2\/types\/post"}],"author":[{"embeddable":true,"href":"https:\/\/diariodominicano.com\/index.php?rest_route=\/wp\/v2\/users\/2"}],"replies":[{"embeddable":true,"href":"https:\/\/diariodominicano.com\/index.php?rest_route=%2Fwp%2Fv2%2Fcomments&post=657189"}],"version-history":[{"count":1,"href":"https:\/\/diariodominicano.com\/index.php?rest_route=\/wp\/v2\/posts\/657189\/revisions"}],"predecessor-version":[{"id":657191,"href":"https:\/\/diariodominicano.com\/index.php?rest_route=\/wp\/v2\/posts\/657189\/revisions\/657191"}],"wp:featuredmedia":[{"embeddable":true,"href":"https:\/\/diariodominicano.com\/index.php?rest_route=\/wp\/v2\/media\/657190"}],"wp:attachment":[{"href":"https:\/\/diariodominicano.com\/index.php?rest_route=%2Fwp%2Fv2%2Fmedia&parent=657189"}],"wp:term":[{"taxonomy":"category","embeddable":true,"href":"https:\/\/diariodominicano.com\/index.php?rest_route=%2Fwp%2Fv2%2Fcategories&post=657189"},{"taxonomy":"post_tag","embeddable":true,"href":"https:\/\/diariodominicano.com\/index.php?rest_route=%2Fwp%2Fv2%2Ftags&post=657189"}],"curies":[{"name":"wp","href":"https:\/\/api.w.org\/{rel}","templated":true}]}}