{"id":65718,"date":"2012-05-08T00:13:13","date_gmt":"2012-05-08T00:13:13","guid":{"rendered":"http:\/\/diariodominicano.ddns.net\/?p=65718"},"modified":"2012-05-08T00:13:13","modified_gmt":"2012-05-08T00:13:13","slug":"universidad-central-del-este-participa-en-coloquio-universidad-y-empleo","status":"publish","type":"post","link":"https:\/\/diariodominicano.com\/?p=65718","title":{"rendered":"Universidad Central del Este participa en Coloquio Universidad y Empleo&#13;"},"content":{"rendered":"<p><body><\/p>\n<p><img decoding=\"async\" src=\"img3\/rectores.JPG\" \/>  <\/p>\n<p><span class=\"text1noticias\">Rep. Dom. 7 de Mayo 08:30 P.M.- La Universidad Central del Este (UCE) particip\u00f3 en el Coloquio Universidad y Empleo que auspici\u00f3 la Asociaci\u00f3n Dominicana de Rectores de Universidades en el marco de la XV Feria Internacional del Libro Santo Domingo 2012. <\/span><\/p>\n<\/p>\n<p><span class=\"text1noticias\">La  UCE estuvo representada por su Vicerrector Ejecutivo, licenciado Richard Peguero, quien expuso el tema Inserci\u00f3n del Egresado Universitario en el Mundo Laboral en el cual manifiesta que las nuevas tecnolog\u00edas de la informaci\u00f3n y la comunicaci\u00f3n, est\u00e1n transformando los mercados de bienes y servicios en especial los mercados laborales.<\/span><\/p>\n<\/p>\n<p><span class=\"text1noticias\">Manifest\u00f3 que en este contexto global, cobran especial importancia las universidades en tanto entidades medulares en la construcci\u00f3n y difusi\u00f3n del conocimiento y en la formaci\u00f3n del capital humano que demandan los sectores productivos nacionales sujetos a intensa competencia internacional.<\/span><\/p>\n<\/p>\n<p><span class=\"text1noticias\">Tambi\u00e9n participaron en esta actividad la Unphu, representada por el  doctor Jos\u00e9 Rafael Espaillat, Unapec,  doctora Luz Inmaculada Soriano, Intec, doctor Jos\u00e9 Agust\u00edn de Miguel, Ucne, licenciada Laura Susana Rodr\u00edguez, Unibe, licenciada Cristy Metz, Ute, doctor Nicol\u00e1s Alm\u00e1nzar y doctora Rhina de los Santos y por el Itla, licenciada Liana Mari\u00e9n Polanco.<\/span><\/p>\n<\/p>\n<p><span class=\"text1noticias\">En el coloquio se abordaron situaciones como la importancia del primer empleo, la situaci\u00f3n nacional  al respecto y la valoraci\u00f3n de la experiencia laboral a la hora de que j\u00f3venes obtengan una posici\u00f3n.<\/span><\/p>\n<\/p>\n<p><span class=\"text1noticias\">Las instituciones acad\u00e9micas de estudios superiores, por su quehacer en el conocimiento, se colocan cada vez m\u00e1s como espacios de vinculaci\u00f3n de las futuras generaciones con el mercado laboral, as\u00ed como de las empresas con el talento.<\/span><\/p>\n<\/p>\n<p><span class=\"text1noticias\">El coloquio Universidad y Empleo fue celebrado en la Sala A\u00edda Bonelly del Teatro Nacional y cont\u00f3 con la presencia de autoridades acad\u00e9micas de las universidades cuyos rectores son miembros de la ADRU, as\u00ed como de p\u00fablico participante en la Feria del Libro.(HG)<\/span>.<\/p>\n<h6> 2012-05-08 00:13:13 <\/h6>\n<p><!--\n<link rel=\"stylesheet\" href=\"css\/bootstrap.min.css\">\n\n\n<ul class=\"pagination\">\n\t    \n\t\n\n<li >\n\t<a href='?page_no=17395'>Previous<\/a>\n\t<\/li>\n\n\n       \n    \n\n<li><a href='?page_no=1'>1<\/a><\/li>\n\n\n\n<li><a href='?page_no=2'>2<\/a><\/li>\n\n\n\n<li><a>...<\/a><\/li>\n\n\n\n<li><a href='?page_no=17394'>17394<\/a><\/li>\n\n\n\n<li><a href='?page_no=17395'>17395<\/a><\/li>\n\n\n\n<li class='active'><a>17396<\/a><\/li>\n\n\n\n<li><a href='?page_no=17397'>17397<\/a><\/li>\n\n\n\n<li><a href='?page_no=17398'>17398<\/a><\/li>\n\n\n\n<li><a>...<\/a><\/li>\n\n\n\n<li><a href='?page_no=22911'>22911<\/a><\/li>\n\n\n\n<li><a href='?page_no=22912'>22912<\/a><\/li>\n\n    \n\t\n\n<li >\n\t<a href='?page_no=17397'>Next<\/a>\n\t<\/li>\n\n\n    \n\n<li><a href='?page_no=22912'>Last &rsaquo;&rsaquo;<\/a><\/li>\n\n<\/ul>\n\n\n--><br \/>\n<\/body><\/p>\n","protected":false},"excerpt":{"rendered":"<p>Rep. Dom. 7 de Mayo 08:30 P.M.- La Universidad Central del Este (UCE) particip\u00f3 en el Coloquio Universidad y Empleo que auspici\u00f3 la Asociaci\u00f3n Dominicana de Rectores de Universidades en el marco de la XV Feria Internacional del Libro Santo Domingo 2012. La UCE estuvo representada por su Vicerrector Ejecutivo, licenciado Richard Peguero, quien expuso [&hellip;]<\/p>\n","protected":false},"author":3,"featured_media":0,"comment_status":"open","ping_status":"open","sticky":false,"template":"","format":"standard","meta":{"footnotes":""},"categories":[21],"tags":[],"class_list":["post-65718","post","type-post","status-publish","format-standard","hentry","category-cultura"],"_links":{"self":[{"href":"https:\/\/diariodominicano.com\/index.php?rest_route=\/wp\/v2\/posts\/65718","targetHints":{"allow":["GET"]}}],"collection":[{"href":"https:\/\/diariodominicano.com\/index.php?rest_route=\/wp\/v2\/posts"}],"about":[{"href":"https:\/\/diariodominicano.com\/index.php?rest_route=\/wp\/v2\/types\/post"}],"author":[{"embeddable":true,"href":"https:\/\/diariodominicano.com\/index.php?rest_route=\/wp\/v2\/users\/3"}],"replies":[{"embeddable":true,"href":"https:\/\/diariodominicano.com\/index.php?rest_route=%2Fwp%2Fv2%2Fcomments&post=65718"}],"version-history":[{"count":0,"href":"https:\/\/diariodominicano.com\/index.php?rest_route=\/wp\/v2\/posts\/65718\/revisions"}],"wp:attachment":[{"href":"https:\/\/diariodominicano.com\/index.php?rest_route=%2Fwp%2Fv2%2Fmedia&parent=65718"}],"wp:term":[{"taxonomy":"category","embeddable":true,"href":"https:\/\/diariodominicano.com\/index.php?rest_route=%2Fwp%2Fv2%2Fcategories&post=65718"},{"taxonomy":"post_tag","embeddable":true,"href":"https:\/\/diariodominicano.com\/index.php?rest_route=%2Fwp%2Fv2%2Ftags&post=65718"}],"curies":[{"name":"wp","href":"https:\/\/api.w.org\/{rel}","templated":true}]}}