{"id":65717,"date":"2012-05-08T12:53:48","date_gmt":"2012-05-08T12:53:48","guid":{"rendered":"http:\/\/diariodominicano.ddns.net\/?p=65717"},"modified":"2012-05-08T12:53:48","modified_gmt":"2012-05-08T12:53:48","slug":"ecuatorianos-en-tungurahua-se-alfabetizan-con-metodo-cubano","status":"publish","type":"post","link":"https:\/\/diariodominicano.com\/?p=65717","title":{"rendered":"Ecuatorianos en Tungurahua se alfabetizan con m\u00e9todo cubano"},"content":{"rendered":"<p><body><\/p>\n<p><img decoding=\"async\" src=\"img3\/alfabetizacion.jpg\" \/>  <\/p>\n<p>Por Yuri\u00e9n Portelles<\/p>\n<\/p>\n<p>Quito, 8 may (PL), 8:18 am.-  Unos cinco mil 100 ecuatorianos radicados en la provincia de Tungurahua concluir\u00e1n pr\u00f3ximamente la primera etapa en su proceso de alfabetizaci\u00f3n a trav\u00e9s del m\u00e9todo cubano Yo, s\u00ed puedo.<\/p>\n<\/p>\n<p>  El coordinador de la isla caribe\u00f1a en ese territorio, Wilfredo Campos, se\u00f1al\u00f3 a Prensa Latina que del total de inscritos vencer\u00e1n los contenidos alrededor del 99,55 por ciento en las pr\u00f3ximas dos semanas.<\/p>\n<\/p>\n<p>Campos describi\u00f3 el \u00e9xito de la aplicaci\u00f3n de la estrategia dise\u00f1ada en Cuba para ense\u00f1ar a leer y escribir a poblaciones iletradas en la regi\u00f3n, incluso en diferentes idiomas.<\/p>\n<\/p>\n<p>El educador cubano manifest\u00f3 que la socializaci\u00f3n del programa de alfabetizaci\u00f3n antes de su inicio para explicar sus objetivos permiti\u00f3 aglutinar a los factores de la comunidad en torno a \u00e9ste, lo cual, dijo, contribuy\u00f3 a mantener una asistencia diaria del 96 por ciento.<\/p>\n<\/p>\n<p>\u00abLos docentes que participan en el proyecto son de los cantones y parroquias, donde ellos mismos est\u00e1n alfabetizando, por lo que conocen a las personas, su cultura y ello ayud\u00f3 a la inscripci\u00f3n y la retenci\u00f3n escolar\u00bb, se\u00f1al\u00f3 Campos.<\/p>\n<\/p>\n<p>Describi\u00f3 que un factor decisivo tambi\u00e9n result\u00f3 la participaci\u00f3n de estudiantes incorporados a la impartici\u00f3n de charlas sobre la nutrici\u00f3n, equidad de g\u00e9nero, violencia intrafamiliar, la realizaci\u00f3n de dramatizaciones y la confecci\u00f3n de medios de ense\u00f1anza.<\/p>\n<\/p>\n<p>A su juicio, estas actividades derivaron en la integralidad del programa, a lo cual se suma que fueron pesquisadas m\u00e1s de dos mil personas con necesidades de atenci\u00f3n oftalmol\u00f3gica, incluso de intervenciones quir\u00fargicas, que est\u00e1n siendo atendidas por la misi\u00f3n m\u00e9dica cubana aqu\u00ed.<\/p>\n<\/p>\n<p>El experto indic\u00f3 que por la edad avanzada de un n\u00famero importante de participantes en el proceso de alfabetizaci\u00f3n, muchos de ellos presentan problemas de la visi\u00f3n por lo que han sido remitidos al Hospital Eloy Alfaro, en la zona de Latacunga.<\/p>\n<\/p>\n<p>En esa instalaci\u00f3n se desarrolla la llamada Misi\u00f3n Milagro, mediante la cual especialistas de la isla ofrecen servicios gratuitos a las poblaciones en el campo de la oftalmolog\u00eda, por lo cual se facilit\u00f3 la atenci\u00f3n de dos mil 680 personas, a quienes se les entregan incluso los lentes o se les realizan operaciones.<\/p>\n<\/p>\n<p>Unos 300 alumnos de Yo, s\u00ed puedo pertenecientes a cinco cantones (municipios) de Tungurahua se someter\u00e1n a intervenciones quir\u00fargicas sin costo alguno, mientras en los centros m\u00e9dicos de las parroquias se establecieron coordinaciones para que los alfabetizados puedan resolver otros asuntos de la salud.<\/p>\n<\/p>\n<p>Campos destac\u00f3 la preparaci\u00f3n de los docentes ecuatorianos para impartir el m\u00e9todo cubano y se\u00f1al\u00f3 entre los principales resultados la asimilaci\u00f3n de los lineamientos del programa para su aplicaci\u00f3n y la capacitaci\u00f3n de los t\u00e9cnicos territoriales.<\/p>\n<\/p>\n<p>Respecto a la experiencia de la labor en Ecuador, el coordinador de Tungurahua se\u00f1al\u00f3 que ha sido extraordinaria, al tiempo que destac\u00f3 que los habitantes de este pa\u00eds son patriotas, abnegados y responsables en la tarea que han asumido.<\/p>\n<\/p>\n<p>\u00abLos ecuatorianos nos han permitido ser parte de su historia y nosotros estamos orgullosos por ello\u00bb, concluy\u00f3 el docente.<\/p>\n<\/p>\n<p>La v\u00edspera, la ministra de Educaci\u00f3n de Ecuador, Gloria Vidal, envi\u00f3 un mensaje de salutaci\u00f3n a los participantes en este programa de educaci\u00f3n b\u00e1sica para j\u00f3venes y adultos en marcha en el pa\u00eds.<\/p>\n<\/p>\n<p>El m\u00e9todo Yo, s\u00ed puedo es aplicado en estos momentos en 13 de las 24 provincias del pa\u00eds, con el prop\u00f3sito de reducir el seis por ciento de analfabetismo existente en Ecuador, al ense\u00f1ar las letras a m\u00e1s de 62 mil personas. ocs\/yp<\/p>\n<h6> 2012-05-08 12:53:48 <\/h6>\n<p><!--\n<link rel=\"stylesheet\" href=\"css\/bootstrap.min.css\">\n\n\n<ul class=\"pagination\">\n\t    \n\t\n\n<li >\n\t<a href='?page_no=17394'>Previous<\/a>\n\t<\/li>\n\n\n       \n    \n\n<li><a href='?page_no=1'>1<\/a><\/li>\n\n\n\n<li><a href='?page_no=2'>2<\/a><\/li>\n\n\n\n<li><a>...<\/a><\/li>\n\n\n\n<li><a href='?page_no=17393'>17393<\/a><\/li>\n\n\n\n<li><a href='?page_no=17394'>17394<\/a><\/li>\n\n\n\n<li class='active'><a>17395<\/a><\/li>\n\n\n\n<li><a href='?page_no=17396'>17396<\/a><\/li>\n\n\n\n<li><a href='?page_no=17397'>17397<\/a><\/li>\n\n\n\n<li><a>...<\/a><\/li>\n\n\n\n<li><a href='?page_no=22911'>22911<\/a><\/li>\n\n\n\n<li><a href='?page_no=22912'>22912<\/a><\/li>\n\n    \n\t\n\n<li >\n\t<a href='?page_no=17396'>Next<\/a>\n\t<\/li>\n\n\n    \n\n<li><a href='?page_no=22912'>Last &rsaquo;&rsaquo;<\/a><\/li>\n\n<\/ul>\n\n\n--><br \/>\n<\/body><\/p>\n","protected":false},"excerpt":{"rendered":"<p>Por Yuri\u00e9n Portelles Quito, 8 may (PL), 8:18 am.- Unos cinco mil 100 ecuatorianos radicados en la provincia de Tungurahua concluir\u00e1n pr\u00f3ximamente la primera etapa en su proceso de alfabetizaci\u00f3n a trav\u00e9s del m\u00e9todo cubano Yo, s\u00ed puedo. El coordinador de la isla caribe\u00f1a en ese territorio, Wilfredo Campos, se\u00f1al\u00f3 a Prensa Latina que del [&hellip;]<\/p>\n","protected":false},"author":3,"featured_media":0,"comment_status":"open","ping_status":"open","sticky":false,"template":"","format":"standard","meta":{"footnotes":""},"categories":[21],"tags":[],"class_list":["post-65717","post","type-post","status-publish","format-standard","hentry","category-cultura"],"_links":{"self":[{"href":"https:\/\/diariodominicano.com\/index.php?rest_route=\/wp\/v2\/posts\/65717","targetHints":{"allow":["GET"]}}],"collection":[{"href":"https:\/\/diariodominicano.com\/index.php?rest_route=\/wp\/v2\/posts"}],"about":[{"href":"https:\/\/diariodominicano.com\/index.php?rest_route=\/wp\/v2\/types\/post"}],"author":[{"embeddable":true,"href":"https:\/\/diariodominicano.com\/index.php?rest_route=\/wp\/v2\/users\/3"}],"replies":[{"embeddable":true,"href":"https:\/\/diariodominicano.com\/index.php?rest_route=%2Fwp%2Fv2%2Fcomments&post=65717"}],"version-history":[{"count":0,"href":"https:\/\/diariodominicano.com\/index.php?rest_route=\/wp\/v2\/posts\/65717\/revisions"}],"wp:attachment":[{"href":"https:\/\/diariodominicano.com\/index.php?rest_route=%2Fwp%2Fv2%2Fmedia&parent=65717"}],"wp:term":[{"taxonomy":"category","embeddable":true,"href":"https:\/\/diariodominicano.com\/index.php?rest_route=%2Fwp%2Fv2%2Fcategories&post=65717"},{"taxonomy":"post_tag","embeddable":true,"href":"https:\/\/diariodominicano.com\/index.php?rest_route=%2Fwp%2Fv2%2Ftags&post=65717"}],"curies":[{"name":"wp","href":"https:\/\/api.w.org\/{rel}","templated":true}]}}