{"id":657146,"date":"2025-12-27T18:27:55","date_gmt":"2025-12-27T22:27:55","guid":{"rendered":"https:\/\/diariodominicano.com\/?p=657146"},"modified":"2025-12-27T18:59:35","modified_gmt":"2025-12-27T22:59:35","slug":"ordenan-en-brasil-prision-domiciliaria-de-10-condenados-por-golpismo","status":"publish","type":"post","link":"https:\/\/diariodominicano.com\/?p=657146","title":{"rendered":"Ordenan en Brasil prisi\u00f3n domiciliaria de 10 condenados por golpismo"},"content":{"rendered":"\n<p>Brasilia, 27 dic (Prensa Latina) El ministro Alexandre de Moraes, de la Corte Suprema de Brasil, orden\u00f3 hoy la detenci\u00f3n de 10 condenados por tentativa golpista y convirti\u00f3 sus medidas cautelares en arresto domiciliario tras la fuga del exjefe policial Silvinei Vasques.<\/p>\n\n\n\n<p><a href=\"https:\/\/www.prensa-latina.cu\/2025\/12\/27\/\"><time>diciembre 27, 2025 | 15:03<\/time><\/a> <\/p>\n\n\n\n<p>Mientras sus sentencias segu\u00edan en apelaci\u00f3n, los detenidos cumpl\u00edan disposiciones provisorias sin prisi\u00f3n preventiva.<\/p>\n\n\n\n<p>La Polic\u00eda Federal (PF) realiz\u00f3 sus operaciones en ocho estados y el Distrito Federal, con apoyo del Ej\u00e9rcito debido a que seis de los acusados son militares. Entre los detenidos hay seis miembros de las Fuerzas Armadas y sus rangos van desde subteniente hasta coronel.<\/p>\n\n\n\n<p>Tales acciones tuvieron lugar en R\u00edo de Janeiro, Sao Paulo y Esp\u00edrito Santo. Tambi\u00e9n alcanzaron Paran\u00e1, Goi\u00e1s, Bah\u00eda y Tocantins.<\/p>\n\n\n\n<p>Las autoridades sostienen que participaron en la coordinaci\u00f3n log\u00edstica.<\/p>\n\n\n\n<p>Todos est\u00e1n vinculados a la movilizaci\u00f3n golpista de 2023. Adem\u00e1s del arresto domiciliario, el Supremo Tribunal Federal (STF) impuso nuevas restricciones.<\/p>\n\n\n\n<p>Los acusados no podr\u00e1n usar redes sociales y tampoco podr\u00e1n comunicarse con otros investigados. Sus pasaportes quedaron decomisados por orden judicial.<\/p>\n\n\n\n<p>Uno de los casos m\u00e1s emblem\u00e1ticos es el de Filipe Martins, asesor internacional del expresidente Jair Bolsonaro y quien fue detenido en su domicilio en Ponta Grossa, Paran\u00e1.<\/p>\n\n\n\n<p>La decisi\u00f3n de De Moraes fue tomada tras el reciente intento de fuga de Vasques, exjefe de la Polic\u00eda Federal de Carreteras.<\/p>\n\n\n\n<p>El exdirector, que llevaba tobillera electr\u00f3nica, fue condenado a 24 a\u00f1os y seis meses de c\u00e1rcel por su papel en la trama golpista.<\/p>\n\n\n\n<p>Result\u00f3 detenido en la madrugada de este s\u00e1bado en el aeropuerto internacional Silvio Pettirossi, de Asunci\u00f3n, donde intentaba abordar un vuelo internacional con destino final en El Salvador, utilizando documentaci\u00f3n falsificada de acuerdo con autoridades paraguayas.<\/p>\n\n\n\n<p>Tras su captura fue conducido por agentes paraguayos con el rostro cubierto hasta el punto de entrega en el fronterizo Puente de la Amistad.<\/p>\n\n\n\n<p>Posteriormente fue recibido por efectivos de la PF y trasladado sin capucha en un veh\u00edculo oficial. La operaci\u00f3n se activ\u00f3 cuando la polic\u00eda detect\u00f3 la p\u00e9rdida de se\u00f1al de su dispositivo electr\u00f3nico de rastreo. Un equipo acudi\u00f3 a su domicilio sin encontrarlo.<\/p>\n\n\n\n<p>A partir de ese momento se decret\u00f3 su prisi\u00f3n preventiva por orden de De Moraes.<\/p>\n\n\n\n<p>Su huida llev\u00f3 al STF a revisar los beneficios otorgados y el juez consider\u00f3 necesario impedir nuevos intentos de evasi\u00f3n.<\/p>\n\n\n\n<p>Las autoridades mantienen la b\u00fasqueda activa y no se descartan nuevas \u00f3rdenes judiciales.<\/p>\n\n\n\n<p>El Gobierno afirm\u00f3 que las instituciones permanecen vigilantes.<\/p>\n\n\n\n<p>mem\/ocs<\/p>\n\n\n\n<ul class=\"wp-block-list\">\n<li>#<a href=\"https:\/\/www.prensa-latina.cu\/etiqueta\/brasil\/\">brasil<\/a>&nbsp;#<a href=\"https:\/\/www.prensa-latina.cu\/etiqueta\/condenados\/\">Condenados<\/a>&nbsp;#<a href=\"https:\/\/www.prensa-latina.cu\/etiqueta\/exjefepolicial\/\">exjefepolicial<\/a>&nbsp;#<a href=\"https:\/\/www.prensa-latina.cu\/etiqueta\/fuga\/\">fuga<\/a>&nbsp;#<a href=\"https:\/\/www.prensa-latina.cu\/etiqueta\/supremo\/\">supremo<\/a>&nbsp;#<a href=\"https:\/\/www.prensa-latina.cu\/etiqueta\/tentativagolpista\/\">tentativagolpista<\/a><\/li>\n<\/ul>\n","protected":false},"excerpt":{"rendered":"<p>Brasilia, 27 dic (Prensa Latina) El ministro Alexandre de Moraes, de la Corte Suprema de Brasil, orden\u00f3 hoy la detenci\u00f3n de 10 condenados por tentativa golpista y convirti\u00f3 sus medidas cautelares en arresto domiciliario tras la fuga del exjefe policial Silvinei Vasques. diciembre 27, 2025 | 15:03 Mientras sus sentencias segu\u00edan en apelaci\u00f3n, los detenidos [&hellip;]<\/p>\n","protected":false},"author":2,"featured_media":655261,"comment_status":"closed","ping_status":"closed","sticky":false,"template":"","format":"standard","meta":{"footnotes":""},"categories":[1],"tags":[2998],"class_list":["post-657146","post","type-post","status-publish","format-standard","has-post-thumbnail","hentry","category-editorial","tag-brasil"],"_links":{"self":[{"href":"https:\/\/diariodominicano.com\/index.php?rest_route=\/wp\/v2\/posts\/657146","targetHints":{"allow":["GET"]}}],"collection":[{"href":"https:\/\/diariodominicano.com\/index.php?rest_route=\/wp\/v2\/posts"}],"about":[{"href":"https:\/\/diariodominicano.com\/index.php?rest_route=\/wp\/v2\/types\/post"}],"author":[{"embeddable":true,"href":"https:\/\/diariodominicano.com\/index.php?rest_route=\/wp\/v2\/users\/2"}],"replies":[{"embeddable":true,"href":"https:\/\/diariodominicano.com\/index.php?rest_route=%2Fwp%2Fv2%2Fcomments&post=657146"}],"version-history":[{"count":2,"href":"https:\/\/diariodominicano.com\/index.php?rest_route=\/wp\/v2\/posts\/657146\/revisions"}],"predecessor-version":[{"id":657178,"href":"https:\/\/diariodominicano.com\/index.php?rest_route=\/wp\/v2\/posts\/657146\/revisions\/657178"}],"wp:featuredmedia":[{"embeddable":true,"href":"https:\/\/diariodominicano.com\/index.php?rest_route=\/wp\/v2\/media\/655261"}],"wp:attachment":[{"href":"https:\/\/diariodominicano.com\/index.php?rest_route=%2Fwp%2Fv2%2Fmedia&parent=657146"}],"wp:term":[{"taxonomy":"category","embeddable":true,"href":"https:\/\/diariodominicano.com\/index.php?rest_route=%2Fwp%2Fv2%2Fcategories&post=657146"},{"taxonomy":"post_tag","embeddable":true,"href":"https:\/\/diariodominicano.com\/index.php?rest_route=%2Fwp%2Fv2%2Ftags&post=657146"}],"curies":[{"name":"wp","href":"https:\/\/api.w.org\/{rel}","templated":true}]}}