{"id":657141,"date":"2025-12-27T18:21:59","date_gmt":"2025-12-27T22:21:59","guid":{"rendered":"https:\/\/diariodominicano.com\/?p=657141"},"modified":"2025-12-27T18:52:39","modified_gmt":"2025-12-27T22:52:39","slug":"paraguay-entrego-a-brasil-profugo-exjefe-policial-golpista","status":"publish","type":"post","link":"https:\/\/diariodominicano.com\/?p=657141","title":{"rendered":"Paraguay entreg\u00f3 a Brasil pr\u00f3fugo exjefe policial golpista"},"content":{"rendered":"\n<p>Brasilia, 27 dic (Prensa Latina) El pr\u00f3fugo exjefe policial Silvinei Vasques, condenado por tentativa golpista, est\u00e1 hoy en Brasil bajo custodia federal, tras ser entregado por Paraguay luego de su detenci\u00f3n cuando intentaba huir hacia El Salvador.<\/p>\n\n\n\n<p><a href=\"https:\/\/www.prensa-latina.cu\/2025\/12\/27\/\"><time>diciembre 27, 2025 | 06:20<\/time><\/a> <\/p>\n\n\n\n<p>Fuentes oficiales confirmaron que Vasques, exdirector de la Polic\u00eda Federal de Carreteras (PRF), fue cedido por autoridades paraguayas en el Puente de la Amistad.<\/p>\n\n\n\n<p>El exdirector de la PRF result\u00f3 detenido en la madrugada en el aeropuerto internacional Silvio Pettirossi, de Asunci\u00f3n, donde intentaba abordar un vuelo internacional con destino final en El Salvador, utilizando documentaci\u00f3n falsificada, de acuerdo con autoridades paraguayas.<\/p>\n\n\n\n<p>Tras su captura fue conducido por agentes paraguayos con el rostro cubierto hasta el punto de entrega. Posteriormente fue recibido por efectivos de la Polic\u00eda Federal (PF) de Brasil y trasladado sin capucha en un veh\u00edculo oficial.<\/p>\n\n\n\n<p>La operaci\u00f3n se activ\u00f3 cuando la PF detect\u00f3 la p\u00e9rdida de se\u00f1al de la tobillera electr\u00f3nica que Vasques deb\u00eda portar. Un equipo acudi\u00f3 a su domicilio sin encontrarlo.<\/p>\n\n\n\n<p>A partir de ese momento se decret\u00f3 su prisi\u00f3n preventiva por orden del ministro Alexandre de Moraes, del Supremo Tribunal Federal.<\/p>\n\n\n\n<p>Vasques hab\u00eda sido condenado el 16 de diciembre a 24 a\u00f1os y seis meses de prisi\u00f3n. La sentencia lo responsabiliza por delitos vinculados a la trama golpista, incluidos intento de abolici\u00f3n del Estado de Derecho y organizaci\u00f3n criminal armada.<\/p>\n\n\n\n<p>Seg\u00fan una denuncia presentada por la Fiscal\u00eda General, dio \u00f3rdenes ilegales a agentes de la PRF para que realizaran bloqueos de carreteras y obstaculizaran la circulaci\u00f3n de los votantes el 30 de octubre de 2022, durante la segunda vuelta electoral.<\/p>\n\n\n\n<p>A pesar de que a\u00fan exist\u00edan plazos legales para apelar, la fuga fue considerada una violaci\u00f3n grave de las medidas cautelares.<\/p>\n\n\n\n<p>La Polic\u00eda Nacional Paraguaya actu\u00f3 tras recibir una alerta del Comando Tripartito, mecanismo de cooperaci\u00f3n entre Brasil, Argentina y Paraguay.<\/p>\n\n\n\n<p>En Brasil se espera que el exjefe de la PRF sea trasladado a prisi\u00f3n en Brasilia.<\/p>\n\n\n\n<p>La decisi\u00f3n de De Moraes sostiene que la tentativa de fuga justifica la conversi\u00f3n del arresto domiciliario en prisi\u00f3n preventiva.<\/p>\n\n\n\n<p>De esta forma se convierte as\u00ed en el tercer condenado por la trama golpista que intenta evadir la Justicia.<\/p>\n\n\n\n<p>Su detenci\u00f3n refuerza la actuaci\u00f3n coordinada entre fuerzas de seguridad regionales.<\/p>\n\n\n\n<p>El caso a\u00f1ade presi\u00f3n pol\u00edtica y judicial sobre los acusados vinculados al intento de ruptura institucional, ocurrido en Brasil en enero de 2023.<\/p>\n\n\n\n<p>mem\/ocs<\/p>\n\n\n\n<ul class=\"wp-block-list\">\n<li>#<a href=\"https:\/\/www.prensa-latina.cu\/etiqueta\/brasil\/\">brasil<\/a>&nbsp;#<a href=\"https:\/\/www.prensa-latina.cu\/etiqueta\/condenado\/\">condenado<\/a>&nbsp;#<a href=\"https:\/\/www.prensa-latina.cu\/etiqueta\/entrega\/\">entrega<\/a>&nbsp;#<a href=\"https:\/\/www.prensa-latina.cu\/etiqueta\/exjefepolicial\/\">exjefepolicial<\/a>&nbsp;#<a href=\"https:\/\/www.prensa-latina.cu\/etiqueta\/paraguay\/\">paraguay<\/a>&nbsp;#<a href=\"https:\/\/www.prensa-latina.cu\/etiqueta\/tentativagolpista\/\">tentativagolpista<\/a><\/li>\n<\/ul>\n","protected":false},"excerpt":{"rendered":"<p>Brasilia, 27 dic (Prensa Latina) El pr\u00f3fugo exjefe policial Silvinei Vasques, condenado por tentativa golpista, est\u00e1 hoy en Brasil bajo custodia federal, tras ser entregado por Paraguay luego de su detenci\u00f3n cuando intentaba huir hacia El Salvador. diciembre 27, 2025 | 06:20 Fuentes oficiales confirmaron que Vasques, exdirector de la Polic\u00eda Federal de Carreteras (PRF), [&hellip;]<\/p>\n","protected":false},"author":2,"featured_media":657143,"comment_status":"closed","ping_status":"closed","sticky":false,"template":"","format":"standard","meta":{"footnotes":""},"categories":[23,29],"tags":[2998],"class_list":["post-657141","post","type-post","status-publish","format-standard","has-post-thumbnail","hentry","category-internacional","category-policiasucesos","tag-brasil"],"_links":{"self":[{"href":"https:\/\/diariodominicano.com\/index.php?rest_route=\/wp\/v2\/posts\/657141","targetHints":{"allow":["GET"]}}],"collection":[{"href":"https:\/\/diariodominicano.com\/index.php?rest_route=\/wp\/v2\/posts"}],"about":[{"href":"https:\/\/diariodominicano.com\/index.php?rest_route=\/wp\/v2\/types\/post"}],"author":[{"embeddable":true,"href":"https:\/\/diariodominicano.com\/index.php?rest_route=\/wp\/v2\/users\/2"}],"replies":[{"embeddable":true,"href":"https:\/\/diariodominicano.com\/index.php?rest_route=%2Fwp%2Fv2%2Fcomments&post=657141"}],"version-history":[{"count":2,"href":"https:\/\/diariodominicano.com\/index.php?rest_route=\/wp\/v2\/posts\/657141\/revisions"}],"predecessor-version":[{"id":657172,"href":"https:\/\/diariodominicano.com\/index.php?rest_route=\/wp\/v2\/posts\/657141\/revisions\/657172"}],"wp:featuredmedia":[{"embeddable":true,"href":"https:\/\/diariodominicano.com\/index.php?rest_route=\/wp\/v2\/media\/657143"}],"wp:attachment":[{"href":"https:\/\/diariodominicano.com\/index.php?rest_route=%2Fwp%2Fv2%2Fmedia&parent=657141"}],"wp:term":[{"taxonomy":"category","embeddable":true,"href":"https:\/\/diariodominicano.com\/index.php?rest_route=%2Fwp%2Fv2%2Fcategories&post=657141"},{"taxonomy":"post_tag","embeddable":true,"href":"https:\/\/diariodominicano.com\/index.php?rest_route=%2Fwp%2Fv2%2Ftags&post=657141"}],"curies":[{"name":"wp","href":"https:\/\/api.w.org\/{rel}","templated":true}]}}