{"id":65714,"date":"2012-05-09T17:07:52","date_gmt":"2012-05-09T17:07:52","guid":{"rendered":"http:\/\/diariodominicano.ddns.net\/?p=65714"},"modified":"2012-05-09T17:07:52","modified_gmt":"2012-05-09T17:07:52","slug":"bienal-de-arte-convertira-la-habana-en-museo-a-cielo-abierto","status":"publish","type":"post","link":"https:\/\/diariodominicano.com\/?p=65714","title":{"rendered":"Bienal de arte convertir\u00e1 La Habana en museo a cielo abierto"},"content":{"rendered":"<p><body><\/p>\n<p><span class=\"text1noticias\">La Habana, Cuba 9 mayo (1:06 pm).- Ciento ochenta artistas pl\u00e1sticos de 43 pa\u00edses y miles de aficionados al arte, entre ellos m\u00e1s de 1.000 estadounidenses, convertir\u00e1n a La Habana en una urbe llena de color, instalaciones, performance y pinturas a partir de esta semana.<\/span><\/p>\n<\/p>\n<p><span class=\"text1noticias\">La XI Bienal de La Habana abrir\u00e1 sus puertas oficialmente el viernes y tendr\u00e1 una buena cantidad de proyectos callejeros que van desde la colocaci\u00f3n de tit\u00e1nicas hormigas trepando por edificios emblem\u00e1ticos, hasta intervenciones en el Malec\u00f3n, grafittis y la presentaci\u00f3n de chef estadounidenses \u00abcocinando\u00bb en vivo y directo con colegas cubanos.<\/span><\/p>\n<p><span class=\"text1noticias\"> <\/span><\/p>\n<p><span class=\"text1noticias\">\u00abEl arte es instrumento para la indagaci\u00f3n y el cuestionamiento&#8230; no es s\u00f3lo pasatiempo de las \u00e9lites\u00bb, dijo uno de los directivos del evento, Rub\u00e9n Fern\u00e1ndez, quien destac\u00f3 el deseo de los organizadores de tener muestras tradicionales en las galer\u00edas de la ciudad, pero tambi\u00e9n mucha actividad en las calles.<\/span><\/p>\n<p><span class=\"text1noticias\"> <\/span><\/p>\n<p><span class=\"text1noticias\">En esta edici\u00f3n, que transcurrir\u00e1 hasta el 11 de junio, el lema ser\u00e1 \u00abPr\u00e1cticas art\u00edsticas e inserci\u00f3n social\u00bb.<\/span><\/p>\n<p><span class=\"text1noticias\"> <\/span><\/p>\n<p><span class=\"text1noticias\">Creada en 1984 la Bienal, que en algunas ocasiones se convirti\u00f3 debido a la falta de recursos o dificultades organizativas en trienal, es uno de los principales foros de encuentro entre creadores del tercer mundo, por lo que paulatinamente ha ido llamando la atenci\u00f3n de los expertos de Estados Unidos, primer mercado mundial de arte \u00e1vido de descubrir otras po\u00e9ticas visuales.<\/span><\/p>\n<p><span class=\"text1noticias\"> <\/span><\/p>\n<p><span class=\"text1noticias\">\u00abEn Estados Unidos hay una gran expectativa\u00bb con la Bienal, indic\u00f3 Jorge del Valle, director del Consejo de las Artes Pl\u00e1sticas de Cuba.<\/span><\/p>\n<p><span class=\"text1noticias\"> <\/span><\/p>\n<p><span class=\"text1noticias\">Del Valle indic\u00f3 que al menos 1.300 personas procedentes de Estados Unidos, entre expertos, curadores, cr\u00edticos o aficionados y coleccionistas de artes, est\u00e1n solicitando acreditaci\u00f3n para participar de la Bienal. La isla no mantiene relaciones diplom\u00e1ticas con el pa\u00eds, con el que lleva una rivalidad pol\u00edtica de m\u00e1s de cinco d\u00e9cadas.<\/span><\/p>\n<p><span class=\"text1noticias\"> <\/span><\/p>\n<p><span class=\"text1noticias\">Tambi\u00e9n se destac\u00f3 la presencia de latinoamericanos y caribe\u00f1os, con todos los pa\u00edses de la regi\u00f3n menos Uruguay representados; as\u00ed como la asistencia de m\u00e1s de una docena de africanos menos conocidos.<\/span><\/p>\n<p><span class=\"text1noticias\"> <\/span><\/p>\n<p><span class=\"text1noticias\">\u00abEs un esfuerzo enorme hacer la Bienal&#8230; que tanta gente se sume es porque pasa algo, genera una mirada al arte, una visibilidad de los que no ten\u00edan voz\u00bb, indic\u00f3 Del Valle al explicar adem\u00e1s que el encuentro \u00abno renuncia a la vocaci\u00f3n social del arte\u00bb y se inserta en las calles y las barriadas populares.<\/span><\/p>\n<p><span class=\"text1noticias\"> <\/span><\/p>\n<p><span class=\"text1noticias\">Entre los invitados est\u00e1n el pol\u00e9mico performero austr\u00edaco Herman Nitsch, la argentina M\u00f3nica Mill\u00e1n, el mexicano Gabriel Orozco, el estadounidense Andr\u00e9s Serrano, el proyecto rusoestadounidense de Ilya y Emilia Kabakov y desde India T.V Santhosh, entre otros.<\/span><\/p>\n<p><span class=\"text1noticias\"> <\/span><\/p>\n<p><span class=\"text1noticias\">Por la parte anfitriona estar\u00e1n Roberto Fabelo, \u00abLos Carpinteros\u00bb, Sandra Ramos, Juan Roberto Diago, Manuel Mendive y Carlos Garaicoa.<\/span><\/p>\n<p><span class=\"text1noticias\"> <\/span><\/p>\n<p><span class=\"text1noticias\">Algunos de los proyectos locales mostrar\u00e1n la realidad que vive Cuba, como uno titulado \u00abLa caza del \u00e9xito\u00bb, una muestra del Centro de Desarrollo de las Artes Visuales que trabajar\u00e1 seg\u00fan su curador Nelson Herrera la nueva est\u00e9tica popular cubana desde los carteles de los trabajadores independientes del Estado ?una pol\u00edtica recientemente lanzada por las autoridades para la iniciativa privada? hasta algunos de los objetos decorativos dom\u00e9sticos que van construyendo a los isle\u00f1os de hoy.Ad.<\/span>&#8211;<\/p>\n<\/p>\n<h6> 2012-05-09 17:07:52 <\/h6>\n<p><!--\n<link rel=\"stylesheet\" href=\"css\/bootstrap.min.css\">\n\n\n<ul class=\"pagination\">\n\t    \n\t\n\n<li >\n\t<a href='?page_no=17391'>Previous<\/a>\n\t<\/li>\n\n\n       \n    \n\n<li><a href='?page_no=1'>1<\/a><\/li>\n\n\n\n<li><a href='?page_no=2'>2<\/a><\/li>\n\n\n\n<li><a>...<\/a><\/li>\n\n\n\n<li><a href='?page_no=17390'>17390<\/a><\/li>\n\n\n\n<li><a href='?page_no=17391'>17391<\/a><\/li>\n\n\n\n<li class='active'><a>17392<\/a><\/li>\n\n\n\n<li><a href='?page_no=17393'>17393<\/a><\/li>\n\n\n\n<li><a href='?page_no=17394'>17394<\/a><\/li>\n\n\n\n<li><a>...<\/a><\/li>\n\n\n\n<li><a href='?page_no=22911'>22911<\/a><\/li>\n\n\n\n<li><a href='?page_no=22912'>22912<\/a><\/li>\n\n    \n\t\n\n<li >\n\t<a href='?page_no=17393'>Next<\/a>\n\t<\/li>\n\n\n    \n\n<li><a href='?page_no=22912'>Last &rsaquo;&rsaquo;<\/a><\/li>\n\n<\/ul>\n\n\n--><br \/>\n<\/body><\/p>\n","protected":false},"excerpt":{"rendered":"<p>La Habana, Cuba 9 mayo (1:06 pm).- Ciento ochenta artistas pl\u00e1sticos de 43 pa\u00edses y miles de aficionados al arte, entre ellos m\u00e1s de 1.000 estadounidenses, convertir\u00e1n a La Habana en una urbe llena de color, instalaciones, performance y pinturas a partir de esta semana. La XI Bienal de La Habana abrir\u00e1 sus puertas oficialmente [&hellip;]<\/p>\n","protected":false},"author":3,"featured_media":0,"comment_status":"open","ping_status":"open","sticky":false,"template":"","format":"standard","meta":{"footnotes":""},"categories":[21],"tags":[],"class_list":["post-65714","post","type-post","status-publish","format-standard","hentry","category-cultura"],"_links":{"self":[{"href":"https:\/\/diariodominicano.com\/index.php?rest_route=\/wp\/v2\/posts\/65714","targetHints":{"allow":["GET"]}}],"collection":[{"href":"https:\/\/diariodominicano.com\/index.php?rest_route=\/wp\/v2\/posts"}],"about":[{"href":"https:\/\/diariodominicano.com\/index.php?rest_route=\/wp\/v2\/types\/post"}],"author":[{"embeddable":true,"href":"https:\/\/diariodominicano.com\/index.php?rest_route=\/wp\/v2\/users\/3"}],"replies":[{"embeddable":true,"href":"https:\/\/diariodominicano.com\/index.php?rest_route=%2Fwp%2Fv2%2Fcomments&post=65714"}],"version-history":[{"count":0,"href":"https:\/\/diariodominicano.com\/index.php?rest_route=\/wp\/v2\/posts\/65714\/revisions"}],"wp:attachment":[{"href":"https:\/\/diariodominicano.com\/index.php?rest_route=%2Fwp%2Fv2%2Fmedia&parent=65714"}],"wp:term":[{"taxonomy":"category","embeddable":true,"href":"https:\/\/diariodominicano.com\/index.php?rest_route=%2Fwp%2Fv2%2Fcategories&post=65714"},{"taxonomy":"post_tag","embeddable":true,"href":"https:\/\/diariodominicano.com\/index.php?rest_route=%2Fwp%2Fv2%2Ftags&post=65714"}],"curies":[{"name":"wp","href":"https:\/\/api.w.org\/{rel}","templated":true}]}}