{"id":657073,"date":"2025-12-27T16:18:10","date_gmt":"2025-12-27T20:18:10","guid":{"rendered":"https:\/\/diariodominicano.com\/?p=657073"},"modified":"2025-12-27T18:50:33","modified_gmt":"2025-12-27T22:50:33","slug":"la-direccion-general-de-migracion-informa-que-el-servicio-de-e-ticket-ya-fue-restablecido","status":"publish","type":"post","link":"https:\/\/diariodominicano.com\/?p=657073","title":{"rendered":"La Direcci\u00f3n General de Migraci\u00f3n informa que el servicio de E-ticket ya fue restablecido"},"content":{"rendered":"\n<p>diariodominicano.com<\/p>\n\n\n\n<p>Santo Domingo, 27 de diciembre, 2025.-\u00a0<strong>La Direcci\u00f3n General de Migraci\u00f3n<\/strong>\u00a0(DGM) inform\u00f3 a todos sus usuarios que, tras una\u00a0<strong>falla t\u00e9cnica temporal\u00a0<\/strong>en la p\u00e1gina de acceso al llenado del\u00a0<strong>E-ticket<\/strong>, el servicio ya\u00a0<strong>fue restablecido<\/strong>\u00a0gracias al\u00a0<strong>arduo trabajo<\/strong>\u00a0del equipo de tecnolog\u00eda de la instituci\u00f3n.\u00a0<\/p>\n\n\n\n<p>La&nbsp;<strong>DGM<\/strong>&nbsp;lament\u00f3 los inconvenientes causados por esta falla y&nbsp;<strong>agradece la comprensi\u00f3n y paciencia&nbsp;<\/strong>de sus usuarios.&nbsp;<\/p>\n\n\n\n<p>Indic\u00f3 que, durante el proceso de restablecimiento del servicio, se autoriz\u00f3 transitoriamente a las l\u00edneas a\u00e9reas a abordar a los pasajeros de entrada y salida al pa\u00eds sin el llenado del documento, con el fin de&nbsp;<strong>minimizar el impacto<\/strong>&nbsp;en los usuarios.&nbsp;<\/p>\n\n\n\n<p>La instituci\u00f3n se compromete a seguir trabajando para brindar un&nbsp;<strong>mejor servicio<\/strong>&nbsp;al usuario y a mejorar continuamente sus procesos.&nbsp;<\/p>\n\n\n\n<p>Migraci\u00f3n indic\u00f3 que ser\u00e1 remitido un informe t\u00e9cnico al&nbsp;<strong>presidente de la Rep\u00fablica, Luis Abinader,<\/strong>&nbsp;para conocimiento del caso.<\/p>\n\n\n\n<p><a href=\"https:\/\/presidencia.gob.do\/taxonomy\/term\/58\">DIPP<\/a><\/p>\n","protected":false},"excerpt":{"rendered":"<p>diariodominicano.com Santo Domingo, 27 de diciembre, 2025.-\u00a0La Direcci\u00f3n General de Migraci\u00f3n\u00a0(DGM) inform\u00f3 a todos sus usuarios que, tras una\u00a0falla t\u00e9cnica temporal\u00a0en la p\u00e1gina de acceso al llenado del\u00a0E-ticket, el servicio ya\u00a0fue restablecido\u00a0gracias al\u00a0arduo trabajo\u00a0del equipo de tecnolog\u00eda de la instituci\u00f3n.\u00a0 La&nbsp;DGM&nbsp;lament\u00f3 los inconvenientes causados por esta falla y&nbsp;agradece la comprensi\u00f3n y paciencia&nbsp;de sus usuarios.&nbsp; Indic\u00f3 [&hellip;]<\/p>\n","protected":false},"author":5,"featured_media":657081,"comment_status":"closed","ping_status":"closed","sticky":false,"template":"","format":"standard","meta":{"footnotes":""},"categories":[20,27],"tags":[3584],"class_list":["post-657073","post","type-post","status-publish","format-standard","has-post-thumbnail","hentry","category-dominicana-hoy","category-portada","tag-direccion-general-de-migracion-dgm"],"_links":{"self":[{"href":"https:\/\/diariodominicano.com\/index.php?rest_route=\/wp\/v2\/posts\/657073","targetHints":{"allow":["GET"]}}],"collection":[{"href":"https:\/\/diariodominicano.com\/index.php?rest_route=\/wp\/v2\/posts"}],"about":[{"href":"https:\/\/diariodominicano.com\/index.php?rest_route=\/wp\/v2\/types\/post"}],"author":[{"embeddable":true,"href":"https:\/\/diariodominicano.com\/index.php?rest_route=\/wp\/v2\/users\/5"}],"replies":[{"embeddable":true,"href":"https:\/\/diariodominicano.com\/index.php?rest_route=%2Fwp%2Fv2%2Fcomments&post=657073"}],"version-history":[{"count":1,"href":"https:\/\/diariodominicano.com\/index.php?rest_route=\/wp\/v2\/posts\/657073\/revisions"}],"predecessor-version":[{"id":657082,"href":"https:\/\/diariodominicano.com\/index.php?rest_route=\/wp\/v2\/posts\/657073\/revisions\/657082"}],"wp:featuredmedia":[{"embeddable":true,"href":"https:\/\/diariodominicano.com\/index.php?rest_route=\/wp\/v2\/media\/657081"}],"wp:attachment":[{"href":"https:\/\/diariodominicano.com\/index.php?rest_route=%2Fwp%2Fv2%2Fmedia&parent=657073"}],"wp:term":[{"taxonomy":"category","embeddable":true,"href":"https:\/\/diariodominicano.com\/index.php?rest_route=%2Fwp%2Fv2%2Fcategories&post=657073"},{"taxonomy":"post_tag","embeddable":true,"href":"https:\/\/diariodominicano.com\/index.php?rest_route=%2Fwp%2Fv2%2Ftags&post=657073"}],"curies":[{"name":"wp","href":"https:\/\/api.w.org\/{rel}","templated":true}]}}