{"id":656993,"date":"2025-12-27T01:29:18","date_gmt":"2025-12-27T05:29:18","guid":{"rendered":"https:\/\/diariodominicano.com\/?p=656993"},"modified":"2025-12-27T02:13:11","modified_gmt":"2025-12-27T06:13:11","slug":"pld-anuncia-respaldo-al-doctor-jorge-asjana-a-la-rectoria-de-uasd","status":"publish","type":"post","link":"https:\/\/diariodominicano.com\/?p=656993","title":{"rendered":"PLD anuncia respaldo al Doctor  Jorge Asjana a la rector\u00eda de UASD"},"content":{"rendered":"\n<p><em>Jorge Asjana David recibi\u00f3 el respaldo del Partido de la Liberaci\u00f3n Dominicana como candidato a la rector\u00eda de la UASD, inform\u00f3  Danilo Medina, presidente del PLD \u00a0<\/em><\/p>\n\n\n\n<figure class=\"wp-block-image size-full\"><img loading=\"lazy\" decoding=\"async\" width=\"1024\" height=\"636\" src=\"https:\/\/diariodominicano.com\/wp-content\/uploads\/2025\/12\/anilo-apoya-Asjana-Reunion-03.jpeg\" alt=\"\" class=\"wp-image-657001\" srcset=\"https:\/\/diariodominicano.com\/wp-content\/uploads\/2025\/12\/anilo-apoya-Asjana-Reunion-03.jpeg 1024w, https:\/\/diariodominicano.com\/wp-content\/uploads\/2025\/12\/anilo-apoya-Asjana-Reunion-03-300x186.jpeg 300w, https:\/\/diariodominicano.com\/wp-content\/uploads\/2025\/12\/anilo-apoya-Asjana-Reunion-03-768x477.jpeg 768w, https:\/\/diariodominicano.com\/wp-content\/uploads\/2025\/12\/anilo-apoya-Asjana-Reunion-03-816x507.jpeg 816w\" sizes=\"auto, (max-width: 1024px) 100vw, 1024px\" \/><\/figure>\n\n\n\n<p>El Doctor Jorge Asjana David, candidato a la rector\u00eda de la Universidad Aut\u00f3noma de Santo Domingo (UASD), recibi\u00f3 el viernes el respaldo del Partido de la Liberaci\u00f3n Dominicana (PLD), sus docentes en la sede central y los centros  en  provincias de Rep\u00fablica Dominicana.<\/p>\n\n\n\n<p>El abierto respaldo del PLD al doctor Asjana David fue expresado por el ex presidente de la Rep\u00fablica, Danilo Medina, presidente del Partido de la Liberaci\u00f3n Dominicana, en un encuentro realizado este d\u00eda en el sal\u00f3n profesor Juan Bosch de la Oficina Presidencial peledeista, coordinado por la Secretar\u00eda de Educaci\u00f3n Superior Ciencia y Tecnolog\u00eda del PLD y la Alianza Universitaria Profesor Juan Bosch.<\/p>\n\n\n\n<figure class=\"wp-block-image size-full\"><img loading=\"lazy\" decoding=\"async\" width=\"1024\" height=\"702\" src=\"https:\/\/diariodominicano.com\/wp-content\/uploads\/2025\/12\/Danilo-Medina-con-Asjana-Reunio-02.jpeg\" alt=\"\" class=\"wp-image-657006\" srcset=\"https:\/\/diariodominicano.com\/wp-content\/uploads\/2025\/12\/Danilo-Medina-con-Asjana-Reunio-02.jpeg 1024w, https:\/\/diariodominicano.com\/wp-content\/uploads\/2025\/12\/Danilo-Medina-con-Asjana-Reunio-02-300x206.jpeg 300w, https:\/\/diariodominicano.com\/wp-content\/uploads\/2025\/12\/Danilo-Medina-con-Asjana-Reunio-02-768x527.jpeg 768w, https:\/\/diariodominicano.com\/wp-content\/uploads\/2025\/12\/Danilo-Medina-con-Asjana-Reunio-02-816x559.jpeg 816w\" sizes=\"auto, (max-width: 1024px) 100vw, 1024px\" \/><\/figure>\n\n\n\n<p>\u201cEn nombre del Partido de la Liberaci\u00f3n Dominicana le manifestamos al Doctor Jorge Asjana David que esta organizaci\u00f3n le est\u00e1 respaldando y que es un apoyo consciente y de verdad\u201d, dijo&nbsp;<strong>Danilo Medina<\/strong>&nbsp;al finalizar el encuentro que cont\u00f3 con la asistencia de profesores universitarios y dirigentes del PLD.<\/p>\n\n\n\n<p>Explic\u00f3 que ha consultado a los dirigentes del PLD que son docentes y se tiene la firme convicci\u00f3n de apoyar la candidatura de Asjana, porque es la que coincide con los planteamientos y valores peledeistas.&nbsp;<\/p>\n\n\n\n<p>La actividad se desarroll\u00f3 con la introducci\u00f3n realizada por Edwin Ricardo, titular de la Secretar\u00eda de Educaci\u00f3n Superior Ciencia y Tecnolog\u00eda del PLD, quien hizo la presentaci\u00f3n de los subsecretarios y la representaci\u00f3n de los maestros y maestras peledeistas presentes en el encuentro.<\/p>\n\n\n\n<p>El Doctor Asjana David expuso de manera sint\u00e9tica su visi\u00f3n de universidad y lo que se propone desarrollar desde la rector\u00eda de la academia de altos estudios<\/p>\n\n\n\n<p>Una tanda de preguntas y sugerencias presentaron las docentes presentes anotadas por el candidato a la rector\u00eda de UASD y que fue motivo de nuevos comentarios suyos y respuestas a las interrogantes que le presentaron<\/p>\n\n\n\n<p>Zoraima Cuello, vicepresidenta del Partido de la Liberaci\u00f3n Dominicana, en respuesta a preguntas formuladas, dio a conocer el rechazo de esa organizaci\u00f3n pol\u00edtica al proyecto que procura fusionar los ministerios educativos, adelantando que el PLD ofrecer\u00e1 los detalles de esa posici\u00f3n oficial en enero del pr\u00f3ximo a\u00f1o en sus encuentros con la prensa.<\/p>\n\n\n\n<p>Acompa\u00f1aron a Danilo Medina en la reuni\u00f3n Johnny Pujols, secretario general, la vicepresidenta del PLD Zoraima Cuello y los miembros del Comit\u00e9 Pol\u00edtico, Andr\u00e9s Navarro, Rub\u00e9n Bichara, Karen Ricardo y H\u00e9ctor Olivo.<\/p>\n\n\n\n<p>El ex rector de la UASD, Iv\u00e1n Gull\u00f3n, miembro del Comit\u00e9 Central del PLD, acompa\u00f1\u00f3 al Doctor Asjana en el encuentro, as\u00ed como el reconocido m\u00e9dico Bienvenido Pe\u00f1a.<\/p>\n\n\n\n<p>Dentro de los miembros del Comit\u00e9 Central del PLD participantes se cita a Enid Gil, Elpidio B\u00e1ez, Luis de Le\u00f3n, H\u00e9ctor Medina Disla, Luis Alberto N\u00fa\u00f1ez, John Garrido Aquilina Alcequiez, Jos\u00e9 Daniel Mart\u00ednez, Winston Marte, Yulibelis Wandelpool, Joselito Feliz, German Nova, Alexis V\u00e1squez y Jaime S\u00e1nchez, al igual que &nbsp;&nbsp;&nbsp;las y los subsecretarios &nbsp;&nbsp;de la Secretar\u00eda de Educaci\u00f3n Superior del PLD.<\/p>\n\n\n\n<p>Las elecciones est\u00e1n programadas para el tercer mi\u00e9rcoles de junio de 2026; como los anteriores procesos es organizada y supervisada por la &nbsp;Comisi\u00f3n Central Electoral (CCE) de la UASD.<\/p>\n\n\n\n<p><strong>SECRETAR\u00cdA DE COMUNICACIONES<\/strong><\/p>\n\n\n\n<p><strong>26 DICIEMBRE 2025 &nbsp;&nbsp;&nbsp;&nbsp;&nbsp;<\/strong><\/p>\n","protected":false},"excerpt":{"rendered":"<p>Jorge Asjana David recibi\u00f3 el respaldo del Partido de la Liberaci\u00f3n Dominicana como candidato a la rector\u00eda de la UASD, inform\u00f3 Danilo Medina, presidente del PLD \u00a0 El Doctor Jorge Asjana David, candidato a la rector\u00eda de la Universidad Aut\u00f3noma de Santo Domingo (UASD), recibi\u00f3 el viernes el respaldo del Partido de la Liberaci\u00f3n Dominicana [&hellip;]<\/p>\n","protected":false},"author":2,"featured_media":656995,"comment_status":"closed","ping_status":"closed","sticky":false,"template":"","format":"standard","meta":{"footnotes":""},"categories":[20,27],"tags":[175],"class_list":["post-656993","post","type-post","status-publish","format-standard","has-post-thumbnail","hentry","category-dominicana-hoy","category-portada","tag-pld"],"_links":{"self":[{"href":"https:\/\/diariodominicano.com\/index.php?rest_route=\/wp\/v2\/posts\/656993","targetHints":{"allow":["GET"]}}],"collection":[{"href":"https:\/\/diariodominicano.com\/index.php?rest_route=\/wp\/v2\/posts"}],"about":[{"href":"https:\/\/diariodominicano.com\/index.php?rest_route=\/wp\/v2\/types\/post"}],"author":[{"embeddable":true,"href":"https:\/\/diariodominicano.com\/index.php?rest_route=\/wp\/v2\/users\/2"}],"replies":[{"embeddable":true,"href":"https:\/\/diariodominicano.com\/index.php?rest_route=%2Fwp%2Fv2%2Fcomments&post=656993"}],"version-history":[{"count":3,"href":"https:\/\/diariodominicano.com\/index.php?rest_route=\/wp\/v2\/posts\/656993\/revisions"}],"predecessor-version":[{"id":657007,"href":"https:\/\/diariodominicano.com\/index.php?rest_route=\/wp\/v2\/posts\/656993\/revisions\/657007"}],"wp:featuredmedia":[{"embeddable":true,"href":"https:\/\/diariodominicano.com\/index.php?rest_route=\/wp\/v2\/media\/656995"}],"wp:attachment":[{"href":"https:\/\/diariodominicano.com\/index.php?rest_route=%2Fwp%2Fv2%2Fmedia&parent=656993"}],"wp:term":[{"taxonomy":"category","embeddable":true,"href":"https:\/\/diariodominicano.com\/index.php?rest_route=%2Fwp%2Fv2%2Fcategories&post=656993"},{"taxonomy":"post_tag","embeddable":true,"href":"https:\/\/diariodominicano.com\/index.php?rest_route=%2Fwp%2Fv2%2Ftags&post=656993"}],"curies":[{"name":"wp","href":"https:\/\/api.w.org\/{rel}","templated":true}]}}