{"id":656971,"date":"2025-12-27T00:39:19","date_gmt":"2025-12-27T04:39:19","guid":{"rendered":"https:\/\/diariodominicano.com\/?p=656971"},"modified":"2025-12-27T01:53:58","modified_gmt":"2025-12-27T05:53:58","slug":"exvicepresidente-glas-denuncia-malos-tratos-en-carcel-de-ecuador","status":"publish","type":"post","link":"https:\/\/diariodominicano.com\/?p=656971","title":{"rendered":"Exvicepresidente Glas denuncia malos tratos en c\u00e1rcel de Ecuador"},"content":{"rendered":"\n<p>Quito, 26 dic (Prensa Latina) El exvicepresidente de Ecuador Jorge Glas denunci\u00f3 hoy en una audiencia judicial tratos crueles, inhumanos y degradantes en la prisi\u00f3n donde se encuentra detenido y afirm\u00f3 que esas condiciones provocaron deterioro de su salud.<\/p>\n\n\n\n<ul class=\"wp-block-list\">\n<li><a href=\"https:\/\/www.prensa-latina.cu\/2025\/12\/26\/\"><time>diciembre 26, 2025 | 14:36<\/time><\/a><\/li>\n<\/ul>\n\n\n\n<ul class=\"wp-block-list\">\n<li><a href=\"https:\/\/www.prensa-latina.cu\/2025\/12\/26\/exvicepresidente-glas-denuncia-malos-tratos-en-carcel-de-ecuador\/#\"><\/a><\/li>\n\n\n\n<li><a href=\"https:\/\/www.prensa-latina.cu\/2025\/12\/26\/exvicepresidente-glas-denuncia-malos-tratos-en-carcel-de-ecuador\/#\"><\/a><\/li>\n\n\n\n<li><a href=\"https:\/\/www.prensa-latina.cu\/2025\/12\/26\/exvicepresidente-glas-denuncia-malos-tratos-en-carcel-de-ecuador\/#\"><\/a><\/li>\n\n\n\n<li><a href=\"https:\/\/www.prensa-latina.cu\/2025\/12\/26\/exvicepresidente-glas-denuncia-malos-tratos-en-carcel-de-ecuador\/#\"><\/a><\/li>\n<\/ul>\n\n\n\n<p>Este viernes, el exvicemandatario compareci\u00f3 v\u00eda telem\u00e1tica desde la C\u00e1rcel del Encuentro, en la provincia de Santa Elena, donde se encuentra desde el pasado 10 de noviembre, en la audiencia de h\u00e1beas corpus solicitada por su defensa para pedir su traslado a un hospital.<\/p>\n\n\n\n<p>Para su abogada Sonia Vera, el hecho de que las autoridades no lo hayan llevado a la diligencia viola el principio de \u201ccuerpo presente\u201d del habeas corpus, que permite al juez ejercer control directo sobre la situaci\u00f3n real de la persona privada de libertad.<\/p>\n\n\n\n<p>\u201cLa comparecencia telem\u00e1tica no es la regla, sino una excepci\u00f3n que debe ser expresamente justificada por el Estado y ser compatible con el control judicial efectivo\u201d, apunt\u00f3 Vera.<\/p>\n\n\n\n<p>Durante su comparecencia, Glas afirm\u00f3 que su traslado a la C\u00e1rcel del Encuentro, a\u00fan en construcci\u00f3n, obedeci\u00f3 a un \u201cshow medi\u00e1tico-pol\u00edtico\u201d y asever\u00f3 que ha sufrido tratos degradantes, que desmejoraron su salud.<\/p>\n\n\n\n<p>\u201cHay que destruir la falacia de las atenciones m\u00e9dicas, que solamente consisten en venir a tomar la presi\u00f3n y medir el ox\u00edmetro en la sangre\u201d, agreg\u00f3 el exfuncionario.<\/p>\n\n\n\n<p>Entre sus padecimientos se\u00f1al\u00f3 la espondilitis anquilosante juvenil, hipertensi\u00f3n, colitis, gastritis, estre\u00f1imiento cr\u00f3nico, trastorno generalizado de ansiedad, depresi\u00f3n grave y profunda, entre otras enfermedades.<\/p>\n\n\n\n<p>Mencion\u00f3, que sufre una tortura psicol\u00f3gica sistem\u00e1tica que incluye ruidos industriales y agresiones verbales.<\/p>\n\n\n\n<p>Detall\u00f3 que en el centro se enciende un extractor de aire cuyo sonido es similar al de una f\u00e1brica y est\u00e1 activo hasta 16 horas seguidas.<\/p>\n\n\n\n<p>\u00abTengo los nervios destrozados\u00bb, confes\u00f3 y relat\u00f3 que durante las madrugadas el personal de custodia golpea las puertas, grita insultos y obliga a otros internos a ba\u00f1arse a las 03:00 de la madrugada.<\/p>\n\n\n\n<p>Por su parte, Andr\u00e9s Villegas, abogado del exvicepresidente, denunci\u00f3 la existencia de una c\u00e1mara de audio y video instalada permanentemente dentro de la celda de Glas, lo cual, a su criterio, vulnera la privacidad y contradice est\u00e1ndares internacionales de derechos humanos.<\/p>\n\n\n\n<p>Villegas advirti\u00f3 que la permanencia de Glas en el penal, bajo las actuales condiciones de salud, representa un riesgo inminente para su vida.<\/p>\n\n\n\n<p>Finalmente, el juez Jean Daniel Valverde, de la Unidad Judicial Penal de La Libertad, provincia de Santa Elena, suspendi\u00f3 la audiencia, que continuar\u00e1 este s\u00e1bado 27 de diciembre para garantizar la comparecencia de representantes del Ministerio de Salud P\u00fablica.<\/p>\n\n\n\n<p>\u201cEsto importa porque las medidas cautelares ordenadas en el proceso son sobre vida, integridad y salud, y el Ministerio de Salud es parte obligada a responder y ejecutar acciones (incluido el traslado hospitalario si existe necesidad m\u00e9dica justificada)\u201d, indic\u00f3 Vera.<\/p>\n\n\n\n<p>Glas, considerado uno de los s\u00edmbolos de la persecuci\u00f3n judicial o \u201clawfare\u201d en Ecuador, estuvo en la embajada de M\u00e9xico en Quito desde diciembre de 2023 hasta el 5 de abril de 2024.<\/p>\n\n\n\n<p>Ese d\u00eda, polic\u00edas entraron violentamente y sin autorizaci\u00f3n en la legaci\u00f3n diplom\u00e1tica y lo aprehendieron pese a contar con asilo por parte del entonces Gobierno de Andr\u00e9s Manuel L\u00f3pez Obrador.<\/p>\n\n\n\n<p>arc\/avr<\/p>\n\n\n\n<ul class=\"wp-block-list\">\n<li>#<a href=\"https:\/\/www.prensa-latina.cu\/etiqueta\/ecuador\/\">Ecuador<\/a>\u00a0#<a href=\"https:\/\/www.prensa-latina.cu\/etiqueta\/justicia\/\">justicia<\/a>\u00a0#<a href=\"https:\/\/www.prensa-latina.cu\/etiqueta\/salud\/\">salud<\/a><\/li>\n<\/ul>\n","protected":false},"excerpt":{"rendered":"<p>Quito, 26 dic (Prensa Latina) El exvicepresidente de Ecuador Jorge Glas denunci\u00f3 hoy en una audiencia judicial tratos crueles, inhumanos y degradantes en la prisi\u00f3n donde se encuentra detenido y afirm\u00f3 que esas condiciones provocaron deterioro de su salud. Este viernes, el exvicemandatario compareci\u00f3 v\u00eda telem\u00e1tica desde la C\u00e1rcel del Encuentro, en la provincia de [&hellip;]<\/p>\n","protected":false},"author":2,"featured_media":656972,"comment_status":"closed","ping_status":"closed","sticky":false,"template":"","format":"standard","meta":{"footnotes":""},"categories":[23,24,22,27],"tags":[1239],"class_list":["post-656971","post","type-post","status-publish","format-standard","has-post-thumbnail","hentry","category-internacional","category-justicia-y-derecho","category-politica","category-portada","tag-ecuador"],"_links":{"self":[{"href":"https:\/\/diariodominicano.com\/index.php?rest_route=\/wp\/v2\/posts\/656971","targetHints":{"allow":["GET"]}}],"collection":[{"href":"https:\/\/diariodominicano.com\/index.php?rest_route=\/wp\/v2\/posts"}],"about":[{"href":"https:\/\/diariodominicano.com\/index.php?rest_route=\/wp\/v2\/types\/post"}],"author":[{"embeddable":true,"href":"https:\/\/diariodominicano.com\/index.php?rest_route=\/wp\/v2\/users\/2"}],"replies":[{"embeddable":true,"href":"https:\/\/diariodominicano.com\/index.php?rest_route=%2Fwp%2Fv2%2Fcomments&post=656971"}],"version-history":[{"count":1,"href":"https:\/\/diariodominicano.com\/index.php?rest_route=\/wp\/v2\/posts\/656971\/revisions"}],"predecessor-version":[{"id":656973,"href":"https:\/\/diariodominicano.com\/index.php?rest_route=\/wp\/v2\/posts\/656971\/revisions\/656973"}],"wp:featuredmedia":[{"embeddable":true,"href":"https:\/\/diariodominicano.com\/index.php?rest_route=\/wp\/v2\/media\/656972"}],"wp:attachment":[{"href":"https:\/\/diariodominicano.com\/index.php?rest_route=%2Fwp%2Fv2%2Fmedia&parent=656971"}],"wp:term":[{"taxonomy":"category","embeddable":true,"href":"https:\/\/diariodominicano.com\/index.php?rest_route=%2Fwp%2Fv2%2Fcategories&post=656971"},{"taxonomy":"post_tag","embeddable":true,"href":"https:\/\/diariodominicano.com\/index.php?rest_route=%2Fwp%2Fv2%2Ftags&post=656971"}],"curies":[{"name":"wp","href":"https:\/\/api.w.org\/{rel}","templated":true}]}}