{"id":656968,"date":"2025-12-27T00:35:22","date_gmt":"2025-12-27T04:35:22","guid":{"rendered":"https:\/\/diariodominicano.com\/?p=656968"},"modified":"2025-12-27T01:53:47","modified_gmt":"2025-12-27T05:53:47","slug":"peru-asociacion-de-periodistas-condena-asesinatos-de-comunicadores","status":"publish","type":"post","link":"https:\/\/diariodominicano.com\/?p=656968","title":{"rendered":"Per\u00fa: Asociaci\u00f3n de Periodistas condena asesinatos de comunicadores"},"content":{"rendered":"\n<p>Lima, 26 dic (Prensa Latina) La Asociaci\u00f3n Nacional de Periodistas del Per\u00fa (ANP) exigi\u00f3 hoy una sanci\u00f3n ejemplar a los autores del asesinato del periodista Mitzar Castillejos, fallecido en la localidad de Aguayt\u00eda, regi\u00f3n sur-amaz\u00f3nica de Ucayali.<\/p>\n\n\n\n<ul class=\"wp-block-list\">\n<li><a href=\"https:\/\/www.prensa-latina.cu\/2025\/12\/26\/\"><time>diciembre 26, 2025 | 20:46<\/time><\/a><\/li>\n<\/ul>\n\n\n\n<ul class=\"wp-block-list\">\n<li><a href=\"https:\/\/www.prensa-latina.cu\/2025\/12\/26\/peru-asociacion-de-periodistas-condena-asesinatos-de-comunicadores\/#\"><\/a><\/li>\n\n\n\n<li><a href=\"https:\/\/www.prensa-latina.cu\/2025\/12\/26\/peru-asociacion-de-periodistas-condena-asesinatos-de-comunicadores\/#\"><\/a><\/li>\n\n\n\n<li><a href=\"https:\/\/www.prensa-latina.cu\/2025\/12\/26\/peru-asociacion-de-periodistas-condena-asesinatos-de-comunicadores\/#\"><\/a><\/li>\n\n\n\n<li><a href=\"https:\/\/www.prensa-latina.cu\/2025\/12\/26\/peru-asociacion-de-periodistas-condena-asesinatos-de-comunicadores\/#\"><\/a><\/li>\n<\/ul>\n\n\n\n<p>La organizaci\u00f3n conden\u00f3 el crimen y demand\u00f3 a la Fiscal\u00eda de Derechos Humanos y la Polic\u00eda Nacional que investiguen con celeridad para que no quede impune el crimen cometido el 12 de diciembre cuando sicarios abatieron a balazos a Castillejos.<\/p>\n\n\n\n<p>El reportero fue atacado a mansalva cuando sal\u00eda de de su casa rumbo a la estaci\u00f3n radial Plus de Aguayt\u00eda, a conducir como todos los d\u00edas el noticiero y hoy falleci\u00f3 por la gravedad de las heridas.<\/p>\n\n\n\n<p>La ANP indic\u00f3 que el periodista denunci\u00f3 reiteradamente presuntas irregularidades en la administraci\u00f3n de los fondos de la municipalidad de la provincia de Padre Abad, capital de la provincia de Aguayt\u00eda.<\/p>\n\n\n\n<p>El asesinato fue el segundo de un periodista en el mes, pues previamente fue ultimado tambi\u00e9n por sicarios, el comunicador Fernando Nu\u00f1ez, de la localidad de Guadalupe, de la provincia norte\u00f1a de Pacasmayo.<\/p>\n\n\n\n<p>N\u00fa\u00f1ez fue ultimado a balazos en un atentado y muri\u00f3 por la gravedad de las heridas sufridas, tras dos semanas de agon\u00eda, afirm\u00f3 la ANP en un comunicado.<\/p>\n\n\n\n<p>El crimen elev\u00f3 a cuatro el n\u00famero de periodistas asesinados este a\u00f1o por sicarios utilizados para neutralizar su labor de denuncia de casos de corrupci\u00f3n y otros delitos.<\/p>\n\n\n\n<p>La ANP ha exigido que las investigaciones de ambos cr\u00edmenes se priorice la pista vinculada al trabajo profesional de la v\u00edctima, lo que debe ser la l\u00ednea de investigaci\u00f3n principal en casos como el de N\u00fa\u00f1ez.<\/p>\n\n\n\n<p>oda\/mrs<\/p>\n\n\n\n<ul class=\"wp-block-list\">\n<li>#<a href=\"https:\/\/www.prensa-latina.cu\/etiqueta\/asesinatos\/\">asesinatos<\/a>\u00a0#<a href=\"https:\/\/www.prensa-latina.cu\/etiqueta\/periodistas\/\">periodistas<\/a><\/li>\n<\/ul>\n","protected":false},"excerpt":{"rendered":"<p>Lima, 26 dic (Prensa Latina) La Asociaci\u00f3n Nacional de Periodistas del Per\u00fa (ANP) exigi\u00f3 hoy una sanci\u00f3n ejemplar a los autores del asesinato del periodista Mitzar Castillejos, fallecido en la localidad de Aguayt\u00eda, regi\u00f3n sur-amaz\u00f3nica de Ucayali. La organizaci\u00f3n conden\u00f3 el crimen y demand\u00f3 a la Fiscal\u00eda de Derechos Humanos y la Polic\u00eda Nacional que [&hellip;]<\/p>\n","protected":false},"author":2,"featured_media":656969,"comment_status":"closed","ping_status":"closed","sticky":false,"template":"","format":"standard","meta":{"footnotes":""},"categories":[1],"tags":[3572],"class_list":["post-656968","post","type-post","status-publish","format-standard","has-post-thumbnail","hentry","category-editorial","tag-peru"],"_links":{"self":[{"href":"https:\/\/diariodominicano.com\/index.php?rest_route=\/wp\/v2\/posts\/656968","targetHints":{"allow":["GET"]}}],"collection":[{"href":"https:\/\/diariodominicano.com\/index.php?rest_route=\/wp\/v2\/posts"}],"about":[{"href":"https:\/\/diariodominicano.com\/index.php?rest_route=\/wp\/v2\/types\/post"}],"author":[{"embeddable":true,"href":"https:\/\/diariodominicano.com\/index.php?rest_route=\/wp\/v2\/users\/2"}],"replies":[{"embeddable":true,"href":"https:\/\/diariodominicano.com\/index.php?rest_route=%2Fwp%2Fv2%2Fcomments&post=656968"}],"version-history":[{"count":1,"href":"https:\/\/diariodominicano.com\/index.php?rest_route=\/wp\/v2\/posts\/656968\/revisions"}],"predecessor-version":[{"id":656970,"href":"https:\/\/diariodominicano.com\/index.php?rest_route=\/wp\/v2\/posts\/656968\/revisions\/656970"}],"wp:featuredmedia":[{"embeddable":true,"href":"https:\/\/diariodominicano.com\/index.php?rest_route=\/wp\/v2\/media\/656969"}],"wp:attachment":[{"href":"https:\/\/diariodominicano.com\/index.php?rest_route=%2Fwp%2Fv2%2Fmedia&parent=656968"}],"wp:term":[{"taxonomy":"category","embeddable":true,"href":"https:\/\/diariodominicano.com\/index.php?rest_route=%2Fwp%2Fv2%2Fcategories&post=656968"},{"taxonomy":"post_tag","embeddable":true,"href":"https:\/\/diariodominicano.com\/index.php?rest_route=%2Fwp%2Fv2%2Ftags&post=656968"}],"curies":[{"name":"wp","href":"https:\/\/api.w.org\/{rel}","templated":true}]}}