{"id":656917,"date":"2025-12-26T12:04:32","date_gmt":"2025-12-26T16:04:32","guid":{"rendered":"https:\/\/diariodominicano.com\/?p=656917"},"modified":"2025-12-26T12:12:18","modified_gmt":"2025-12-26T16:12:18","slug":"aqui-el-movimiento-de-masas-castrado","status":"publish","type":"post","link":"https:\/\/diariodominicano.com\/?p=656917","title":{"rendered":"Aqu\u00ed, el movimiento de masas castrado"},"content":{"rendered":"\n<p>Ram\u00f3n Antonio Veras<\/p>\n\n\n\n<p>1.- No dan se\u00f1ales de vida; al parecer se las trag\u00f3 la tierra; desaparecieron del mapa; no llaman la atenci\u00f3n; no se hacen notar, ni qu\u00e9 decir.<\/p>\n\n\n\n<p>2.- Con las expresiones anteriores quiero referirme a organizaciones de masas que en el pasado tuvieron mucha notoriedad en nuestro pa\u00eds.<\/p>\n\n\n\n<p>3.- Cuando hago menci\u00f3n de movimientos de masas, quiero hablar o escribir sobre amplia uni\u00f3n de personas pertenecientes o no a distintos grupos sociales y pol\u00edticos que realizan diversas iniciativas y gestiones encaminadas a lograr determinadas reivindicaciones.<\/p>\n\n\n\n<p>4.- Los integrantes de los grupos que accionan por alcanzar fines espec\u00edficos est\u00e1n en el movimiento obrero, sindical, estudiantil, feminista, juvenil, etc\u00e9tera, y son de distintas clases y capas sociales.<\/p>\n\n\n\n<p>5.- Los grupos humanos antes indicados est\u00e1n llamados a mover, sacudir y contribuir con sus puntos de vista a formar conciencia social.<\/p>\n\n\n\n<p>6.- El conjunto de derechos y libertades conquistados por muchos a\u00f1os de lucha por los pueblos son la obra de movimientos sociales en los cuales sobresalen las masas populares.<\/p>\n\n\n\n<p>7.- Luego de la desaparici\u00f3n f\u00edsica de Trujillo, en el pa\u00eds surgieron organizaciones de los distintos segmentos de la sociedad de la \u00e9poca.<\/p>\n\n\n\n<p>8.- La obra de cada organismo constituido o fortalecido luego del 30 de mayo de 1961 est\u00e1 ah\u00ed, como testigo de lo que fue su accionar social.<\/p>\n\n\n\n<p>9.- El pueblo dominicano en el pasado cont\u00f3 con verdaderos instrumentos de lucha para enfrentar violaciones o situaciones de Estado que lesionaban derechos, libertades o afectaban la soberan\u00eda nacional.<\/p>\n\n\n\n<p>10.- Motiva inquietud, genera desaz\u00f3n y es causa de asombro tener conocimiento de que en estos momentos no se deja sentir una comunidad de mujeres y hombres organizados para la protesta colectiva.<\/p>\n\n\n\n<p>11.- En el medio social dominicano hay m\u00e1s que justos motivos para quejarse, reclamar y armar broncas de contenido pol\u00edtico y social.<\/p>\n\n\n\n<p>12.- Lo que estamos viendo es a personas que lucen conformes, resignadas, condicionadas para aprobar y aplaudir para no chocar con el orden establecido y sus aparatos represivos.<\/p>\n\n\n\n<p>13.- Ahora, cuando el gobierno dominicano, complaciente con el se\u00f1or Donald Trump, ha convertido el territorio nacional en centro de base militar norteamericana, no se escucha la voz de una organizaci\u00f3n expresando indignaci\u00f3n.<\/p>\n\n\n\n<p>14.- No sale una organizaci\u00f3n estudiantil, secundaria o universitaria, del movimiento obrero y sindical, de j\u00f3venes y mujeres, objetando, oponi\u00e9ndose, llevando la contraria a que el pa\u00eds sea punto de partida para agresiones colonialistas.<\/p>\n\n\n\n<p>15.- En la Rep\u00fablica Dominicana, el movimiento de masas de hoy da demostraci\u00f3n de estar castrado, como que le inyectaron una vacuna para eliminarle fortaleza, \u00e1nimo y deseo de accionar para estar en el combate.<\/p>\n\n\n\n<p>16.- D\u00f3nde est\u00e1 la Federaci\u00f3n de Estudiantes Dominicanos y la de mujeres; Unachosin, Sitracode, Poasi y otras organizaciones semejantes que en tiempos pasados supieron interpretar el sentir de su clase y la de su pueblo.<\/p>\n","protected":false},"excerpt":{"rendered":"<p>Ram\u00f3n Antonio Veras 1.- No dan se\u00f1ales de vida; al parecer se las trag\u00f3 la tierra; desaparecieron del mapa; no llaman la atenci\u00f3n; no se hacen notar, ni qu\u00e9 decir. 2.- Con las expresiones anteriores quiero referirme a organizaciones de masas que en el pasado tuvieron mucha notoriedad en nuestro pa\u00eds. 3.- Cuando hago menci\u00f3n [&hellip;]<\/p>\n","protected":false},"author":7,"featured_media":654589,"comment_status":"closed","ping_status":"closed","sticky":false,"template":"","format":"standard","meta":{"footnotes":""},"categories":[19],"tags":[426],"class_list":["post-656917","post","type-post","status-publish","format-standard","has-post-thumbnail","hentry","category-mi-voz","tag-ramon-antonio-veras"],"_links":{"self":[{"href":"https:\/\/diariodominicano.com\/index.php?rest_route=\/wp\/v2\/posts\/656917","targetHints":{"allow":["GET"]}}],"collection":[{"href":"https:\/\/diariodominicano.com\/index.php?rest_route=\/wp\/v2\/posts"}],"about":[{"href":"https:\/\/diariodominicano.com\/index.php?rest_route=\/wp\/v2\/types\/post"}],"author":[{"embeddable":true,"href":"https:\/\/diariodominicano.com\/index.php?rest_route=\/wp\/v2\/users\/7"}],"replies":[{"embeddable":true,"href":"https:\/\/diariodominicano.com\/index.php?rest_route=%2Fwp%2Fv2%2Fcomments&post=656917"}],"version-history":[{"count":1,"href":"https:\/\/diariodominicano.com\/index.php?rest_route=\/wp\/v2\/posts\/656917\/revisions"}],"predecessor-version":[{"id":656921,"href":"https:\/\/diariodominicano.com\/index.php?rest_route=\/wp\/v2\/posts\/656917\/revisions\/656921"}],"wp:featuredmedia":[{"embeddable":true,"href":"https:\/\/diariodominicano.com\/index.php?rest_route=\/wp\/v2\/media\/654589"}],"wp:attachment":[{"href":"https:\/\/diariodominicano.com\/index.php?rest_route=%2Fwp%2Fv2%2Fmedia&parent=656917"}],"wp:term":[{"taxonomy":"category","embeddable":true,"href":"https:\/\/diariodominicano.com\/index.php?rest_route=%2Fwp%2Fv2%2Fcategories&post=656917"},{"taxonomy":"post_tag","embeddable":true,"href":"https:\/\/diariodominicano.com\/index.php?rest_route=%2Fwp%2Fv2%2Ftags&post=656917"}],"curies":[{"name":"wp","href":"https:\/\/api.w.org\/{rel}","templated":true}]}}