{"id":656911,"date":"2025-12-26T10:59:17","date_gmt":"2025-12-26T14:59:17","guid":{"rendered":"https:\/\/diariodominicano.com\/?p=656911"},"modified":"2025-12-27T01:18:52","modified_gmt":"2025-12-27T05:18:52","slug":"explosion-en-mezquita-deja-5-muertos-y-21-heridos-en-ciudad-central-siria-de-homs","status":"publish","type":"post","link":"https:\/\/diariodominicano.com\/?p=656911","title":{"rendered":"Explosi\u00f3n en mezquita deja 5 muertos y 21 heridos en ciudad central siria de Homs"},"content":{"rendered":"\n<p><em>spanish.news.cn<\/em>|<em>&nbsp;2025-12-26 19:40:15<\/em>|<\/p>\n\n\n\n<p>DAMASCO, 26 dic (Xinhua) &#8212; Al menos 5 personas murieron y otras 21 resultaron heridas por la explosi\u00f3n en una mezquita del barrio de Wadi al-Dhahab, en Homs, ciudad del centro de Siria, durante la oraci\u00f3n del viernes, informaron las autoridades sanitarias sirias.<\/p>\n\n\n\n<p>Najib al-Naasan, director de Servicios de Derivaci\u00f3n, Ambulancias y Emergencias del Ministerio de Salud del pa\u00eds, declar\u00f3 a la agencia estatal de noticias SANA que la cifra de v\u00edctimas era preliminar. Afirm\u00f3 que la explosi\u00f3n se produjo al interior de la mezquita Imam Ali bin Abi Talib. Y a\u00f1adi\u00f3 que los equipos de emergencia trasladaron a los heridos hasta hospitales cercanos.<\/p>\n\n\n\n<p>Los equipos de seguridad y m\u00e9dicos acordonaron la zona mientras dieron comienzo las investigaciones. Las autoridades afirmaron haber reforzado las medidas de seguridad en los alrededores.<\/p>\n\n\n\n<p>El Observatorio Sirio de Derechos Humanos, con sede en Reino Unido, tambi\u00e9n inform\u00f3 sobre la explosi\u00f3n dentro de la mezquita, aunque se\u00f1al\u00f3 que todav\u00eda no estaba claro si era un atentado suicida.<\/p>\n","protected":false},"excerpt":{"rendered":"<p>spanish.news.cn|&nbsp;2025-12-26 19:40:15| DAMASCO, 26 dic (Xinhua) &#8212; Al menos 5 personas murieron y otras 21 resultaron heridas por la explosi\u00f3n en una mezquita del barrio de Wadi al-Dhahab, en Homs, ciudad del centro de Siria, durante la oraci\u00f3n del viernes, informaron las autoridades sanitarias sirias. Najib al-Naasan, director de Servicios de Derivaci\u00f3n, Ambulancias y Emergencias [&hellip;]<\/p>\n","protected":false},"author":2,"featured_media":656990,"comment_status":"closed","ping_status":"closed","sticky":false,"template":"","format":"standard","meta":{"footnotes":""},"categories":[23],"tags":[3859],"class_list":["post-656911","post","type-post","status-publish","format-standard","has-post-thumbnail","hentry","category-internacional","tag-siria"],"_links":{"self":[{"href":"https:\/\/diariodominicano.com\/index.php?rest_route=\/wp\/v2\/posts\/656911","targetHints":{"allow":["GET"]}}],"collection":[{"href":"https:\/\/diariodominicano.com\/index.php?rest_route=\/wp\/v2\/posts"}],"about":[{"href":"https:\/\/diariodominicano.com\/index.php?rest_route=\/wp\/v2\/types\/post"}],"author":[{"embeddable":true,"href":"https:\/\/diariodominicano.com\/index.php?rest_route=\/wp\/v2\/users\/2"}],"replies":[{"embeddable":true,"href":"https:\/\/diariodominicano.com\/index.php?rest_route=%2Fwp%2Fv2%2Fcomments&post=656911"}],"version-history":[{"count":1,"href":"https:\/\/diariodominicano.com\/index.php?rest_route=\/wp\/v2\/posts\/656911\/revisions"}],"predecessor-version":[{"id":656912,"href":"https:\/\/diariodominicano.com\/index.php?rest_route=\/wp\/v2\/posts\/656911\/revisions\/656912"}],"wp:featuredmedia":[{"embeddable":true,"href":"https:\/\/diariodominicano.com\/index.php?rest_route=\/wp\/v2\/media\/656990"}],"wp:attachment":[{"href":"https:\/\/diariodominicano.com\/index.php?rest_route=%2Fwp%2Fv2%2Fmedia&parent=656911"}],"wp:term":[{"taxonomy":"category","embeddable":true,"href":"https:\/\/diariodominicano.com\/index.php?rest_route=%2Fwp%2Fv2%2Fcategories&post=656911"},{"taxonomy":"post_tag","embeddable":true,"href":"https:\/\/diariodominicano.com\/index.php?rest_route=%2Fwp%2Fv2%2Ftags&post=656911"}],"curies":[{"name":"wp","href":"https:\/\/api.w.org\/{rel}","templated":true}]}}