{"id":656864,"date":"2025-12-26T01:22:37","date_gmt":"2025-12-26T05:22:37","guid":{"rendered":"https:\/\/diariodominicano.com\/?p=656864"},"modified":"2025-12-26T01:33:52","modified_gmt":"2025-12-26T05:33:52","slug":"lula-celebra-logros-internacionales-en-mensaje-navideno-en-brasil","status":"publish","type":"post","link":"https:\/\/diariodominicano.com\/?p=656864","title":{"rendered":"Lula celebra logros internacionales en mensaje navide\u00f1o en Brasil"},"content":{"rendered":"\n<p>Brasilia, 25 dic (Prensa Latina) El presidente Luiz In\u00e1cio Lula da Silva afirm\u00f3 hoy que Brasil recuper\u00f3 respeto y admiraci\u00f3n a nivel internacional en 2025, al destacar la marca de nueve millones de turistas extranjeros y el \u00e9xito de la COP30.<\/p>\n\n\n\n<ul class=\"wp-block-list\">\n<li><a href=\"https:\/\/www.prensa-latina.cu\/2025\/12\/25\/\"><time>diciembre 25, 2025 | 19:05<\/time><\/a><\/li>\n<\/ul>\n\n\n\n<ul class=\"wp-block-list\">\n<li><a href=\"https:\/\/www.prensa-latina.cu\/2025\/12\/25\/lula-celebra-logros-internacionales-en-mensaje-navideno-en-brasil\/#\"><\/a><\/li>\n\n\n\n<li><a href=\"https:\/\/www.prensa-latina.cu\/2025\/12\/25\/lula-celebra-logros-internacionales-en-mensaje-navideno-en-brasil\/#\"><\/a><\/li>\n\n\n\n<li><a href=\"https:\/\/www.prensa-latina.cu\/2025\/12\/25\/lula-celebra-logros-internacionales-en-mensaje-navideno-en-brasil\/#\"><\/a><\/li>\n\n\n\n<li><a href=\"https:\/\/www.prensa-latina.cu\/2025\/12\/25\/lula-celebra-logros-internacionales-en-mensaje-navideno-en-brasil\/#\"><\/a><\/li>\n<\/ul>\n\n\n\n<p>En su mensaje navide\u00f1o, Lula resalt\u00f3 que la XXX Conferencia de Naciones Unidas sobre el Clima (COP30) consolid\u00f3 al pa\u00eds como l\u00edder mundial en la agenda ambiental subrayando la importancia de pol\u00edticas sostenibles y cooperaci\u00f3n internacional para enfrentar el cambio clim\u00e1tico.<\/p>\n\n\n\n<p><\/p>\n\n\n\n<p>Record\u00f3 adem\u00e1s la reciente confrontaci\u00f3n con el aumento de aranceles sobre productos brasile\u00f1os, impuesto por Estados Unidos, y se\u00f1al\u00f3 que el Gobierno actu\u00f3 con di\u00e1logo protegiendo empresas y empleos, y logrando la apertura de m\u00e1s de 500 nuevos mercados.<\/p>\n\n\n\n<p>Lula subray\u00f3 que la estrategia permiti\u00f3 no solo defender la econom\u00eda nacional, sino tambi\u00e9n fortalecer la posici\u00f3n del gigante sudamericano en el comercio global ante tensiones internacionales.<\/p>\n\n\n\n<p>En materia laboral, el mandatario abord\u00f3 la discusi\u00f3n sobre la jornada de trabajo y defendi\u00f3 la eliminaci\u00f3n del horario 6\u00d71 sin reducci\u00f3n salarial se\u00f1alando que no es justo que una persona trabaje seis d\u00edas consecutivos con solo un d\u00eda de descanso.<\/p>\n\n\n\n<p>\u00abResulta una demanda popular que necesita hacerse realidad\u00bb, certific\u00f3 reforzando la importancia de la protecci\u00f3n de los derechos de los trabajadores y el equilibrio entre productividad y bienestar.<\/p>\n\n\n\n<p>El jefe de Estado destac\u00f3 que estas iniciativas reflejan un modelo de gobernanza basado en di\u00e1logo responsabilidad y b\u00fasqueda de consensos que beneficien a la mayor\u00eda de la poblaci\u00f3n.<\/p>\n\n\n\n<p>Respecto al turismo, Lula record\u00f3 que la llegada de nueve millones de visitantes internacionales no solo impulsa la econom\u00eda, sino que proyecta la imagen de Brasil como un pa\u00eds abierto, atractivo y seguro.<\/p>\n\n\n\n<p>Vincul\u00f3 los logros for\u00e1neos con la promoci\u00f3n del desarrollo local subrayando que la COP30 en Bel\u00e9m, capital del norte\u00f1o estado de Par\u00e1, permiti\u00f3 visibilizar la Amazonia y fortalecer la cooperaci\u00f3n con otros pa\u00edses en conservaci\u00f3n ambiental.<\/p>\n\n\n\n<p>Acentu\u00f3 que los avances econ\u00f3micos y comerciales son el resultado de pol\u00edticas sostenidas y del compromiso del Estado con la protecci\u00f3n de empleos, la apertura de mercados y el fortalecimiento de sectores estrat\u00e9gicos.<\/p>\n\n\n\n<p>El gobernante insisti\u00f3 en que Brasil contin\u00faa en un camino de liderazgo responsable y participaci\u00f3n activa en la definici\u00f3n de normas y acuerdos internacionales que impactan en el comercio, el clima y el desarrollo sostenible.<\/p>\n\n\n\n<p>Tambi\u00e9n el presidente envi\u00f3 un mensaje de uni\u00f3n y pertenencia a los ciudadanos afirmando que el pa\u00eds es de todos y que los logros son fruto del esfuerzo colectivo.<\/p>\n\n\n\n<p>\u00abBrasil es de ustedes\u00bb, expres\u00f3 deseando a todas las familias brasile\u00f1as una Feliz Navidad y un A\u00f1o Nuevo lleno de paz, prosperidad y nuevos logros.<\/p>\n\n\n\n<p>mem\/ocs<\/p>\n\n\n\n<ul class=\"wp-block-list\">\n<li>#<a href=\"https:\/\/www.prensa-latina.cu\/etiqueta\/brasil\/\">brasil<\/a>\u00a0#<a href=\"https:\/\/www.prensa-latina.cu\/etiqueta\/cop30\/\">cop30<\/a>\u00a0#<a href=\"https:\/\/www.prensa-latina.cu\/etiqueta\/jornadalaboral\/\">jornadalaboral<\/a>\u00a0#<a href=\"https:\/\/www.prensa-latina.cu\/etiqueta\/logrosinternacionales\/\">logrosinternacionales<\/a>\u00a0#<a href=\"https:\/\/www.prensa-latina.cu\/etiqueta\/lula\/\">lula<\/a>\u00a0#<a href=\"https:\/\/www.prensa-latina.cu\/etiqueta\/mensajenavideno\/\">mensajenavide\u00f1o<\/a>\u00a0#<a href=\"https:\/\/www.prensa-latina.cu\/etiqueta\/turistas\/\">turistas<\/a><\/li>\n<\/ul>\n","protected":false},"excerpt":{"rendered":"<p>Brasilia, 25 dic (Prensa Latina) El presidente Luiz In\u00e1cio Lula da Silva afirm\u00f3 hoy que Brasil recuper\u00f3 respeto y admiraci\u00f3n a nivel internacional en 2025, al destacar la marca de nueve millones de turistas extranjeros y el \u00e9xito de la COP30. En su mensaje navide\u00f1o, Lula resalt\u00f3 que la XXX Conferencia de Naciones Unidas sobre [&hellip;]<\/p>\n","protected":false},"author":2,"featured_media":656867,"comment_status":"closed","ping_status":"closed","sticky":false,"template":"","format":"standard","meta":{"footnotes":""},"categories":[23],"tags":[2998,1870],"class_list":["post-656864","post","type-post","status-publish","format-standard","has-post-thumbnail","hentry","category-internacional","tag-brasil","tag-lula"],"_links":{"self":[{"href":"https:\/\/diariodominicano.com\/index.php?rest_route=\/wp\/v2\/posts\/656864","targetHints":{"allow":["GET"]}}],"collection":[{"href":"https:\/\/diariodominicano.com\/index.php?rest_route=\/wp\/v2\/posts"}],"about":[{"href":"https:\/\/diariodominicano.com\/index.php?rest_route=\/wp\/v2\/types\/post"}],"author":[{"embeddable":true,"href":"https:\/\/diariodominicano.com\/index.php?rest_route=\/wp\/v2\/users\/2"}],"replies":[{"embeddable":true,"href":"https:\/\/diariodominicano.com\/index.php?rest_route=%2Fwp%2Fv2%2Fcomments&post=656864"}],"version-history":[{"count":2,"href":"https:\/\/diariodominicano.com\/index.php?rest_route=\/wp\/v2\/posts\/656864\/revisions"}],"predecessor-version":[{"id":656871,"href":"https:\/\/diariodominicano.com\/index.php?rest_route=\/wp\/v2\/posts\/656864\/revisions\/656871"}],"wp:featuredmedia":[{"embeddable":true,"href":"https:\/\/diariodominicano.com\/index.php?rest_route=\/wp\/v2\/media\/656867"}],"wp:attachment":[{"href":"https:\/\/diariodominicano.com\/index.php?rest_route=%2Fwp%2Fv2%2Fmedia&parent=656864"}],"wp:term":[{"taxonomy":"category","embeddable":true,"href":"https:\/\/diariodominicano.com\/index.php?rest_route=%2Fwp%2Fv2%2Fcategories&post=656864"},{"taxonomy":"post_tag","embeddable":true,"href":"https:\/\/diariodominicano.com\/index.php?rest_route=%2Fwp%2Fv2%2Ftags&post=656864"}],"curies":[{"name":"wp","href":"https:\/\/api.w.org\/{rel}","templated":true}]}}