{"id":656855,"date":"2025-12-26T01:15:32","date_gmt":"2025-12-26T05:15:32","guid":{"rendered":"https:\/\/diariodominicano.com\/?p=656855"},"modified":"2025-12-26T01:34:24","modified_gmt":"2025-12-26T05:34:24","slug":"presidente-abinader-llama-a-los-dominicanos-a-estar-unidos-al-amor-y-la-solidaridad-en-esta-navidad-y-ano-nuevo","status":"publish","type":"post","link":"https:\/\/diariodominicano.com\/?p=656855","title":{"rendered":"Presidente Abinader llama a los dominicanos a estar unidos, al amor y la solidaridad en esta Navidad y A\u00f1o Nuevo"},"content":{"rendered":"\n<h3 class=\"wp-block-heading\">Exhorta a la poblaci\u00f3n a cuidarse de la ambici\u00f3n desmedida por la riqueza, durante mensaje de Navidad junto con su esposa, la primera dama Raquel Arbaje.<\/h3>\n\n\n\n<p>24 de Diciembre 2025 |<\/p>\n\n\n\n<p>Santo Domingo, RD.- El presidente de la Rep\u00fablica,\u00a0<strong>Luis Abinader<\/strong>, y su esposa, la\u00a0<strong>primera dama Raquel Arbaje,<\/strong>\u00a0enviaron un emotivo mensaje de Navidad a la naci\u00f3n dominicana, destacando la importancia de la\u00a0<strong>unidad, la solidaridad y los valores fundamentales<\/strong>\u00a0que gu\u00edan al pa\u00eds, pero tambi\u00e9n, los peligros de la ambici\u00f3n y el amor desmedido\u00a0<strong>por las riquezas.\u00a0<\/strong><\/p>\n\n\n\n<p><\/p>\n\n\n\n<p>En un audiovisual, el mandatario reflexion\u00f3 sobre el real significado de la Navidad, enfatizando que<em>&nbsp;\u201ces un tiempo para reafirmar los valores que aprendimos en nuestros hogares: el respeto, la honestidad y la humildad\u201d.&nbsp;<\/em><\/p>\n\n\n\n<p>Destac\u00f3, adem\u00e1s, que la Navidad debe ser<em>&nbsp;\u201ccomo aquella noche sencilla y silenciosa en la que naci\u00f3 Jes\u00fas, sin ostentaci\u00f3n ni grandezas\u201d.<\/em><\/p>\n\n\n\n<p>La primera dama Raquel Arbaje se uni\u00f3 al mensaje, expresando que \u201c<em>estoy aqu\u00ed, no solo como su compa\u00f1era de vida, sino como aliada en la causa de servir y transformar positivamente nuestra naci\u00f3n\u201d.&nbsp;<\/em><\/p>\n\n\n\n<p>Llam\u00f3 a los dominicanos a mirarse de forma sincera,&nbsp;<strong>a<\/strong>&nbsp;<strong>aprender, a reivindicar y a reencontrarse&nbsp;<\/strong>con lo mejor de s\u00ed mismos como seres humanos y como pa\u00eds.<\/p>\n\n\n\n<p>El gobernante invit\u00f3 a los dominicanos a compartir&nbsp;<em>\u201cel amor de sus familias, el abrazo de los verdaderos amigos y la fe que nos sostiene\u201d,<\/em>&nbsp;y destac\u00f3 que&nbsp;<em>\u201cla felicidad no nace del tener, sino del amar; no del exceso<\/em>, sino de la paz que habita en el coraz\u00f3n\u201d.<\/p>\n\n\n\n<p>El mensaje de la pareja presidencial continu\u00f3 con un llamado a la&nbsp;<em>unidad y la esperanza,<\/em>&nbsp;con la plegaria de que&nbsp;<em>\u201cesta Navidad nos una en el amor, que renueve la esperanza en cada familia dominicana y que el Ni\u00f1o Dios llene nuestros hogares de luz, de paz y de bendiciones\u201d.<\/em><\/p>\n\n\n\n<p>Con las frases&nbsp;<strong>\u201c\u00a1Dios bendiga a la Rep\u00fablica Dominicana!\u201d<\/strong>&nbsp;y<strong>&nbsp;\u201c\u00a1Feliz Navidad y un a\u00f1o nuevo cargado de esperanzas!\u201d,<\/strong>&nbsp;concluye el mensaje de la pareja&nbsp; presidencial.<\/p>\n\n\n\n<p>Con informaci\u00f3n de la Presidencia de la Rep\u00fablica.<\/p>\n","protected":false},"excerpt":{"rendered":"<p>Exhorta a la poblaci\u00f3n a cuidarse de la ambici\u00f3n desmedida por la riqueza, durante mensaje de Navidad junto con su esposa, la primera dama Raquel Arbaje. 24 de Diciembre 2025 | Santo Domingo, RD.- El presidente de la Rep\u00fablica,\u00a0Luis Abinader, y su esposa, la\u00a0primera dama Raquel Arbaje,\u00a0enviaron un emotivo mensaje de Navidad a la naci\u00f3n [&hellip;]<\/p>\n","protected":false},"author":2,"featured_media":643245,"comment_status":"closed","ping_status":"closed","sticky":false,"template":"","format":"standard","meta":{"footnotes":""},"categories":[20,27],"tags":[1854],"class_list":["post-656855","post","type-post","status-publish","format-standard","has-post-thumbnail","hentry","category-dominicana-hoy","category-portada","tag-presidente-abinader"],"_links":{"self":[{"href":"https:\/\/diariodominicano.com\/index.php?rest_route=\/wp\/v2\/posts\/656855","targetHints":{"allow":["GET"]}}],"collection":[{"href":"https:\/\/diariodominicano.com\/index.php?rest_route=\/wp\/v2\/posts"}],"about":[{"href":"https:\/\/diariodominicano.com\/index.php?rest_route=\/wp\/v2\/types\/post"}],"author":[{"embeddable":true,"href":"https:\/\/diariodominicano.com\/index.php?rest_route=\/wp\/v2\/users\/2"}],"replies":[{"embeddable":true,"href":"https:\/\/diariodominicano.com\/index.php?rest_route=%2Fwp%2Fv2%2Fcomments&post=656855"}],"version-history":[{"count":2,"href":"https:\/\/diariodominicano.com\/index.php?rest_route=\/wp\/v2\/posts\/656855\/revisions"}],"predecessor-version":[{"id":656861,"href":"https:\/\/diariodominicano.com\/index.php?rest_route=\/wp\/v2\/posts\/656855\/revisions\/656861"}],"wp:featuredmedia":[{"embeddable":true,"href":"https:\/\/diariodominicano.com\/index.php?rest_route=\/wp\/v2\/media\/643245"}],"wp:attachment":[{"href":"https:\/\/diariodominicano.com\/index.php?rest_route=%2Fwp%2Fv2%2Fmedia&parent=656855"}],"wp:term":[{"taxonomy":"category","embeddable":true,"href":"https:\/\/diariodominicano.com\/index.php?rest_route=%2Fwp%2Fv2%2Fcategories&post=656855"},{"taxonomy":"post_tag","embeddable":true,"href":"https:\/\/diariodominicano.com\/index.php?rest_route=%2Fwp%2Fv2%2Ftags&post=656855"}],"curies":[{"name":"wp","href":"https:\/\/api.w.org\/{rel}","templated":true}]}}