{"id":656809,"date":"2025-12-25T19:38:20","date_gmt":"2025-12-25T23:38:20","guid":{"rendered":"https:\/\/diariodominicano.com\/?p=656809"},"modified":"2026-01-06T00:33:12","modified_gmt":"2026-01-06T04:33:12","slug":"cirugia-del-expresidente-brasileno-bolsonaro-termina-en-brasilia-sin-complicaciones","status":"publish","type":"post","link":"https:\/\/diariodominicano.com\/?p=656809","title":{"rendered":"Cirug\u00eda de expresidente brasile\u00f1o Bolsonaro termina en Brasilia sin complicaciones"},"content":{"rendered":"\n<p>spanish.news.cn| 2025-12-26 |<\/p>\n\n\n\n<p>BRASILIA, 25 dic (Xinhua) &#8212; La cirug\u00eda para la correcci\u00f3n de una hernia inguinal bilateral a la que fue sometido el expresidente brasile\u00f1o, Jair Bolsonaro (2019-2022), termin\u00f3 hoy jueves, d\u00eda de Navidad, en el hospital DF Star de la ciudad de Brasilia.<\/p>\n\n\n\n<p>La conclusi\u00f3n de la cirug\u00eda del exmandatario, que no present\u00f3 complicaciones, fue divulgada por la exprimera dama, Michelle Bolsonaro, en una publicaci\u00f3n en redes sociales.<\/p>\n\n\n\n<p>El procedimiento tuvo una duraci\u00f3n de cerca de tres horas y media y se espera que el exmandatario, de 70 a\u00f1os, permanezca en la unidad m\u00e9dica de cinco a siete d\u00edas.<\/p>\n\n\n\n<p>Bolsonaro fue internado el mi\u00e9rcoles para la realizaci\u00f3n de ex\u00e1menes y preparaci\u00f3n antes de la cirug\u00eda, luego de que la hospitalizaci\u00f3n fue autorizada por el juez Alexandre de Moraes, del Supremo Tribunal Federal (STF).<\/p>\n\n\n\n<p>La cirug\u00eda se consideraba electiva, pero fue indicada para evitar el agravamiento del cuadro y posibles complicaciones.<\/p>\n\n\n\n<p>La hernia inguinal ocurre cuando parte del intestino se proyecta por puntos fr\u00e1giles de la pared abdominal en la regi\u00f3n de la ingle y en el caso bilateral, el problema se manifiesta en ambos lados.<\/p>\n\n\n\n<p>El postoperatorio incluye un control riguroso del dolor, fisioterapia para la movilizaci\u00f3n temprana y cuidados orientados a la prevenci\u00f3n de complicaciones, como trombosis venosa profunda y problemas respiratorios.<\/p>\n\n\n\n<p>Bolsonaro est\u00e1 acompa\u00f1ado por la ex primera dama, Michelle Bolsonaro, aunque sus hijos Fl\u00e1vio y Carlos tambi\u00e9n estuvieron en el hospital poco antes del inicio del procedimiento.<\/p>\n\n\n\n<p>El expresidente cumple una condena de 27 a\u00f1os y tres meses de prisi\u00f3n, tras ser condenado por el STF en septiembre pasado por tentativa de golpe de Estado.<\/p>\n\n\n\n<p>Por determinaci\u00f3n del juez Moraes, la habitaci\u00f3n del expresidente debe ser vigilada las 24 horas del d\u00eda por dos agentes de la Polic\u00eda Federal, durante el per\u00edodo de internaci\u00f3n.<\/p>\n\n\n\n<p><\/p>\n","protected":false},"excerpt":{"rendered":"<p>spanish.news.cn| 2025-12-26 | BRASILIA, 25 dic (Xinhua) &#8212; La cirug\u00eda para la correcci\u00f3n de una hernia inguinal bilateral a la que fue sometido el expresidente brasile\u00f1o, Jair Bolsonaro (2019-2022), termin\u00f3 hoy jueves, d\u00eda de Navidad, en el hospital DF Star de la ciudad de Brasilia. La conclusi\u00f3n de la cirug\u00eda del exmandatario, que no present\u00f3 [&hellip;]<\/p>\n","protected":false},"author":5,"featured_media":656812,"comment_status":"closed","ping_status":"closed","sticky":false,"template":"","format":"standard","meta":{"footnotes":""},"categories":[23,27],"tags":[2998],"class_list":["post-656809","post","type-post","status-publish","format-standard","has-post-thumbnail","hentry","category-internacional","category-portada","tag-brasil"],"_links":{"self":[{"href":"https:\/\/diariodominicano.com\/index.php?rest_route=\/wp\/v2\/posts\/656809","targetHints":{"allow":["GET"]}}],"collection":[{"href":"https:\/\/diariodominicano.com\/index.php?rest_route=\/wp\/v2\/posts"}],"about":[{"href":"https:\/\/diariodominicano.com\/index.php?rest_route=\/wp\/v2\/types\/post"}],"author":[{"embeddable":true,"href":"https:\/\/diariodominicano.com\/index.php?rest_route=\/wp\/v2\/users\/5"}],"replies":[{"embeddable":true,"href":"https:\/\/diariodominicano.com\/index.php?rest_route=%2Fwp%2Fv2%2Fcomments&post=656809"}],"version-history":[{"count":2,"href":"https:\/\/diariodominicano.com\/index.php?rest_route=\/wp\/v2\/posts\/656809\/revisions"}],"predecessor-version":[{"id":656854,"href":"https:\/\/diariodominicano.com\/index.php?rest_route=\/wp\/v2\/posts\/656809\/revisions\/656854"}],"wp:featuredmedia":[{"embeddable":true,"href":"https:\/\/diariodominicano.com\/index.php?rest_route=\/wp\/v2\/media\/656812"}],"wp:attachment":[{"href":"https:\/\/diariodominicano.com\/index.php?rest_route=%2Fwp%2Fv2%2Fmedia&parent=656809"}],"wp:term":[{"taxonomy":"category","embeddable":true,"href":"https:\/\/diariodominicano.com\/index.php?rest_route=%2Fwp%2Fv2%2Fcategories&post=656809"},{"taxonomy":"post_tag","embeddable":true,"href":"https:\/\/diariodominicano.com\/index.php?rest_route=%2Fwp%2Fv2%2Ftags&post=656809"}],"curies":[{"name":"wp","href":"https:\/\/api.w.org\/{rel}","templated":true}]}}