{"id":656728,"date":"2025-12-25T15:42:32","date_gmt":"2025-12-25T19:42:32","guid":{"rendered":"https:\/\/diariodominicano.com\/?p=656728"},"modified":"2025-12-25T19:13:33","modified_gmt":"2025-12-25T23:13:33","slug":"partido-libre-de-honduras-reprueba-proclamacion-de-presidente-electo","status":"publish","type":"post","link":"https:\/\/diariodominicano.com\/?p=656728","title":{"rendered":"Partido Libre de Honduras reprueba proclamaci\u00f3n de presidente electo"},"content":{"rendered":"\n<p>Tegucigalpa, 25 dic (Prensa Latina) El gobernante Partido Libertad y Refundaci\u00f3n (Libre) de Honduras arremeti\u00f3 hoy contra la proclamaci\u00f3n del candidato de la derecha Nasry Asfura, del Partido Nacional, como presidente electo de este pa\u00eds centroamericano para el periodo 2026-2030.<\/p>\n\n\n\n<p><a href=\"https:\/\/www.prensa-latina.cu\/2025\/12\/25\/\"><time>diciembre 25, 2025 | 14:27<\/time><\/a> <\/p>\n\n\n\n<p>A trav\u00e9s de una publicaci\u00f3n en la red social X, el exmandatario hondure\u00f1o Manuel Zelaya (2006-2009) afirm\u00f3 que la declaratoria oficial de Asfura por las dos magistradas del bipartidismo -partidos Nacional y Liberal- del Consejo Nacional Electoral (CNE) es una ruptura del orden democr\u00e1tico.<\/p>\n\n\n\n<p>Seg\u00fan m\u00faltiples denuncias, las consejeras liberal Ana Hall y nacionalista Cossette L\u00f3pez firmaron una resoluci\u00f3n sin concluir el escrutinio total de las actas, sin resolver impugnaciones y sin atender las solicitudes de recuento a nivel presidencial, manifest\u00f3 Zelaya.<\/p>\n\n\n\n<p>\u201cEsto nadie lo acepta: viola la soberan\u00eda popular y se percibe como uno de los mayores atropellos contra el orden constitucional\u201d, subray\u00f3 el tambi\u00e9n coordinador general de Libre.<\/p>\n\n\n\n<p>Precis\u00f3 que el accionar de ambas funcionarias responde a los grupos econ\u00f3micos, pol\u00edticos y criminales contrarios a la joven agrupaci\u00f3n progresista, nacida dos a\u00f1os despu\u00e9s del golpe de Estado de 2009 en su contra.<\/p>\n\n\n\n<p>Esas estructuras de poder no buscan un presidente que represente al pueblo, sino un \u201cgerente\u201d que proteja los privilegios de las \u00e9lites en Honduras, enfatiz\u00f3 el otrora gobernante.<\/p>\n\n\n\n<p>\u201cResistimos un golpe de Estado, resistimos exilio, persecuci\u00f3n, c\u00e1rcel y asesinatos. Y hoy, frente a este golpe de Estado electoral, tambi\u00e9n lo vamos a resistir\u201d, escribi\u00f3 el l\u00edder izquierdista.<\/p>\n\n\n\n<p>En un mensaje al presidente de Estados Unidos, Donald Trump, quien dio su apoyo p\u00fablico a Asfura, el exmandatario advirti\u00f3 que en Honduras nadie se rinde ni entrega la patria a los intereses de grupos extranjeros.<\/p>\n\n\n\n<p>\u201cHonduras ser\u00e1 libre, soberana e independiente, cuando su destino vuelva a estar en manos del pueblo\u201d, concluy\u00f3 Zelaya.<\/p>\n\n\n\n<p>Por su parte, la candidata presidencial de Libre, Rixi Moncada, denunci\u00f3 en la propia red social que el CNE \u201casesin\u00f3 nuestra incipiente democracia\u201d al proclamar presidente electo a Asfura, una decisi\u00f3n que calific\u00f3 de \u201cfraude y una imposici\u00f3n extranjera\u201d.<\/p>\n\n\n\n<p>Para Moncada, el \u00e1rbitro de los comicios, \u201catendiendo las instrucciones del imperio\u201d, declar\u00f3 un nuevo gobernante mediante un fraude electoral avalado por empresarios hondure\u00f1os con la intervenci\u00f3n de Trump.<\/p>\n\n\n\n<p>Acus\u00f3 a las consejeras L\u00f3pez y Hall de firmar una vergonzosa p\u00e1gina de traici\u00f3n.<\/p>\n\n\n\n<p>\u201cComo Judas por 30 monedas entregaron al pa\u00eds al precio del d\u00f3lar, usaron el miedo, la coacci\u00f3n y la injerencia para imponer un golpe electoral\u201d, puntualiz\u00f3 Moncada.<\/p>\n\n\n\n<p>El plan se ha consumado, pero conf\u00edo en que la verdad es inmutable y eterna, sostuvo la presidenciable, quien reiter\u00f3 su denuncia sobre \u201clas dolosas trampas\u201d del sistema de transmisi\u00f3n de resultados preliminares y las \u201cmiles de actas manoseadas que dejaron sombras donde deb\u00eda haber luz\u201d, sentenci\u00f3.<\/p>\n\n\n\n<p>arc\/edu<\/p>\n\n\n\n<ul class=\"wp-block-list\">\n<li>#<a href=\"https:\/\/www.prensa-latina.cu\/etiqueta\/critica\/\">critica<\/a>&nbsp;#<a href=\"https:\/\/www.prensa-latina.cu\/etiqueta\/denuncia\/\">denuncia<\/a>&nbsp;#<a href=\"https:\/\/www.prensa-latina.cu\/etiqueta\/elecciones\/\">elecciones<\/a>&nbsp;#<a href=\"https:\/\/www.prensa-latina.cu\/etiqueta\/fraude\/\">fraude<\/a>&nbsp;#<a href=\"https:\/\/www.prensa-latina.cu\/etiqueta\/honduras\/\">Honduras<\/a><\/li>\n<\/ul>\n\n\n\n<p>MINUTO A MINUTO<\/p>\n\n\n\n<ul class=\"wp-block-list\">\n<li>14:29<\/li>\n<\/ul>\n\n\n\n<p><a href=\"https:\/\/www.prensa-latina.cu\/2025\/12\/25\/cachorros-aprietan-la-carrera-por-boleto-directo-a-la-liga-elite\/\">Cachorros aprietan la carrera por boleto directo a la Liga \u00c9lite<\/a><\/p>\n\n\n\n<ul class=\"wp-block-list\">\n<li>14:27<\/li>\n<\/ul>\n\n\n\n<p><a href=\"https:\/\/www.prensa-latina.cu\/2025\/12\/25\/partido-libre-de-honduras-reprueba-proclamacion-de-presidente-electo\/\">Partido Libre de Honduras reprueba proclamaci\u00f3n de presidente electo<\/a><\/p>\n\n\n\n<ul class=\"wp-block-list\">\n<li>14:26<\/li>\n<\/ul>\n\n\n\n<p><a href=\"https:\/\/www.prensa-latina.cu\/2025\/12\/25\/policia-de-guatemala-capturo-mas-de-100-personas-en-ultimas-24-horas\/\">Polic\u00eda de Guatemala captur\u00f3 m\u00e1s de 100 personas en \u00faltimas 24 horas<\/a><\/p>\n\n\n\n<ul class=\"wp-block-list\">\n<li>14:07<\/li>\n<\/ul>\n\n\n\n<p><a href=\"https:\/\/www.prensa-latina.cu\/2025\/12\/25\/beisbol-venezolano-batalla-campal-por-los-cupos-a-la-postemporada\/\">B\u00e9isbol venezolano: batalla campal por los cupos a la postemporada<\/a><\/p>\n\n\n\n<ul class=\"wp-block-list\">\n<li>13:54<\/li>\n<\/ul>\n\n\n\n<p><a href=\"https:\/\/www.prensa-latina.cu\/2025\/12\/25\/solidarios-exigen-en-miami-frenar-una-guerra-de-eeuu-contra-venezuela\/\">Solidarios exigen en Miami frenar una guerra de EEUU contra Venezuela<\/a><\/p>\n\n\n\n<ul class=\"wp-block-list\">\n<li>13:43<\/li>\n<\/ul>\n\n\n\n<p><a href=\"https:\/\/www.prensa-latina.cu\/2025\/12\/25\/beisbol5-la-revolucion-silenciosa-del-deporte-cubano\/\">B\u00e9isbol5: la revoluci\u00f3n silenciosa del deporte cubano<\/a><\/p>\n\n\n\n<p>relacionadas<\/p>\n\n\n\n<figure class=\"wp-block-image\"><img decoding=\"async\" src=\"https:\/\/www.prensa-latina.cu\/wp-content\/uploads\/2024\/03\/cancilleria-uruguaya-1.jpg\" alt=\"\" class=\"wp-image-779534\"\/><\/figure>\n\n\n\n<h4 class=\"wp-block-heading\"><a href=\"https:\/\/www.prensa-latina.cu\/2025\/12\/25\/uruguay-felicita-a-nasry-asfura-como-presidente-electo-de-honduras\/\">Uruguay felicita a Nasry Asfura como presidente electo de Honduras<\/a><\/h4>\n\n\n\n<ul class=\"wp-block-list\">\n<li>diciembre 25, 2025<\/li>\n\n\n\n<li>12:22<\/li>\n<\/ul>\n\n\n\n<figure class=\"wp-block-image\"><img decoding=\"async\" src=\"https:\/\/www.prensa-latina.cu\/wp-content\/uploads\/2025\/12\/cancilleria-chile-1.jpg\" alt=\"\" class=\"wp-image-1684733\"\/><\/figure>\n\n\n\n<h4 class=\"wp-block-heading\"><a href=\"https:\/\/www.prensa-latina.cu\/2025\/12\/25\/chile-reconoce-elecciones-de-honduras-pese-a-denuncias-de-fraude\/\">Chile reconoce elecciones de Honduras, pese a denuncias de fraude<\/a><\/h4>\n\n\n\n<ul class=\"wp-block-list\">\n<li>diciembre 25, 2025<\/li>\n\n\n\n<li>11:59<\/li>\n<\/ul>\n\n\n\n<figure class=\"wp-block-image\"><img decoding=\"async\" src=\"https:\/\/www.prensa-latina.cu\/wp-content\/uploads\/2025\/04\/Guatemala-Minrex-1.jpg\" alt=\"\" class=\"wp-image-1549424\"\/><\/figure>\n\n\n\n<h4 class=\"wp-block-heading\"><a href=\"https:\/\/www.prensa-latina.cu\/2025\/12\/24\/guatemala-felicito-a-asfura-presidente-electo-de-honduras\/\">Guatemala felicit\u00f3 a Asfura, presidente electo de Honduras<\/a><\/h4>\n\n\n\n<ul class=\"wp-block-list\">\n<li>diciembre 24, 2025<\/li>\n\n\n\n<li>21:39<\/li>\n<\/ul>\n\n\n\n<figure class=\"wp-block-image\"><img decoding=\"async\" src=\"https:\/\/www.prensa-latina.cu\/wp-content\/uploads\/2025\/12\/Salvador-Nasralla-1.jpg\" alt=\"\" class=\"wp-image-1677587\"\/><\/figure>\n\n\n\n<h4 class=\"wp-block-heading\"><a href=\"https:\/\/www.prensa-latina.cu\/2025\/12\/24\/candidato-liberal-rechaza-declaratoria-de-elecciones-en-honduras\/\">Candidato liberal rechaza declaratoria de elecciones en Honduras<\/a><\/h4>\n\n\n\n<ul class=\"wp-block-list\">\n<li>diciembre 24, 2025<\/li>\n\n\n\n<li>20:04<\/li>\n<\/ul>\n","protected":false},"excerpt":{"rendered":"<p>Tegucigalpa, 25 dic (Prensa Latina) El gobernante Partido Libertad y Refundaci\u00f3n (Libre) de Honduras arremeti\u00f3 hoy contra la proclamaci\u00f3n del candidato de la derecha Nasry Asfura, del Partido Nacional, como presidente electo de este pa\u00eds centroamericano para el periodo 2026-2030. diciembre 25, 2025 | 14:27 A trav\u00e9s de una publicaci\u00f3n en la red social X, [&hellip;]<\/p>\n","protected":false},"author":2,"featured_media":656729,"comment_status":"closed","ping_status":"closed","sticky":false,"template":"","format":"standard","meta":{"footnotes":""},"categories":[23,22],"tags":[3563],"class_list":["post-656728","post","type-post","status-publish","format-standard","has-post-thumbnail","hentry","category-internacional","category-politica","tag-honduras"],"_links":{"self":[{"href":"https:\/\/diariodominicano.com\/index.php?rest_route=\/wp\/v2\/posts\/656728","targetHints":{"allow":["GET"]}}],"collection":[{"href":"https:\/\/diariodominicano.com\/index.php?rest_route=\/wp\/v2\/posts"}],"about":[{"href":"https:\/\/diariodominicano.com\/index.php?rest_route=\/wp\/v2\/types\/post"}],"author":[{"embeddable":true,"href":"https:\/\/diariodominicano.com\/index.php?rest_route=\/wp\/v2\/users\/2"}],"replies":[{"embeddable":true,"href":"https:\/\/diariodominicano.com\/index.php?rest_route=%2Fwp%2Fv2%2Fcomments&post=656728"}],"version-history":[{"count":2,"href":"https:\/\/diariodominicano.com\/index.php?rest_route=\/wp\/v2\/posts\/656728\/revisions"}],"predecessor-version":[{"id":656802,"href":"https:\/\/diariodominicano.com\/index.php?rest_route=\/wp\/v2\/posts\/656728\/revisions\/656802"}],"wp:featuredmedia":[{"embeddable":true,"href":"https:\/\/diariodominicano.com\/index.php?rest_route=\/wp\/v2\/media\/656729"}],"wp:attachment":[{"href":"https:\/\/diariodominicano.com\/index.php?rest_route=%2Fwp%2Fv2%2Fmedia&parent=656728"}],"wp:term":[{"taxonomy":"category","embeddable":true,"href":"https:\/\/diariodominicano.com\/index.php?rest_route=%2Fwp%2Fv2%2Fcategories&post=656728"},{"taxonomy":"post_tag","embeddable":true,"href":"https:\/\/diariodominicano.com\/index.php?rest_route=%2Fwp%2Fv2%2Ftags&post=656728"}],"curies":[{"name":"wp","href":"https:\/\/api.w.org\/{rel}","templated":true}]}}