{"id":656680,"date":"2025-12-25T10:41:23","date_gmt":"2025-12-25T14:41:23","guid":{"rendered":"https:\/\/diariodominicano.com\/?p=656680"},"modified":"2025-12-25T18:24:17","modified_gmt":"2025-12-25T22:24:17","slug":"un-millon-y-medio-de-gazaties-perdieron-sus-hogares-por-agresion-2","status":"publish","type":"post","link":"https:\/\/diariodominicano.com\/?p=656680","title":{"rendered":"Un mill\u00f3n y medio de gazat\u00edes perdieron sus hogares por agresi\u00f3n"},"content":{"rendered":"\n<ul class=\"wp-block-list\">\n<li>diciembre 25, 2025<\/li>\n\n\n\n<li>CST02:49 (GMT) -0500<\/li>\n<\/ul>\n\n\n\n<p>Ramala, 25 dic (Prensa Latina) Un mill\u00f3n y medio de ciudadanos perdieron sus hogares como resultado de la continua agresi\u00f3n israel\u00ed contra Gaza, lo cual exacerb\u00f3 la crisis humanitaria y provoc\u00f3 un masivo desplazamiento interno, advirti\u00f3 hoy la Red de ONG palestinas.<\/p>\n\n\n\n<p>Amjad Al-Shawa, director de la organizaci\u00f3n en el enclave costero, alert\u00f3 que cientos de familias carecen de refugio adecuado en medio de la ca\u00edda de las temperaturas y las lluvias invernales.<\/p>\n\n\n\n<p>Las prioridades de la respuesta humanitaria se centran en apoyar a los hogares encabezados por mujeres, los ancianos, las personas con discapacidad y los amputados, adem\u00e1s de los hu\u00e9rfanos, subray\u00f3.<\/p>\n\n\n\n<p>Al-Shawa acus\u00f3 a Israel de destruir la mayor\u00eda de las sedes de las organizaciones de la sociedad civil palestina durante la guerra iniciada en octubre de 2023.<\/p>\n\n\n\n<p>Tambi\u00e9n critic\u00f3 la disminuci\u00f3n de la financiaci\u00f3n humanitaria asignada a Gaza, lo cual afect\u00f3 las capacidades de las ONG de brindar ayuda.<\/p>\n\n\n\n<p>Esta semana, la Sociedad de Ayuda M\u00e9dica de la Franja de Gaza alert\u00f3 sobre el empeoramiento de las condiciones de salud de los pacientes con enfermedades cr\u00f3nicas all\u00ed ante la grave escasez de medicamentos.<\/p>\n\n\n\n<p>El director del organismo, Muhammad Abu Afash, destac\u00f3 que cientos de pacientes enfrentan graves riesgos de salud como resultado de la interrupci\u00f3n del tratamiento.<\/p>\n\n\n\n<p>Unos mil 200 murieron debido a la falta de medicamentos necesarios, lament\u00f3 Abu Afash.<\/p>\n\n\n\n<p>Tambi\u00e9n las autoridades de la Franja acusaron a Israel de limitar la entrada de medicinas y suministros vitales para salvar vidas como parte de una pol\u00edtica de estrangulamiento contra el territorio.<\/p>\n\n\n\n<p>Desde la entrada en vigor del alto el fuego, el 10 de octubre, ese pa\u00eds solo permite la entrada de materias primas o suministros de emergencia de forma limitada, afirm\u00f3 Ismail al-Thawabta, jefe de la Oficina de Medios del Gobierno en el enclave.<\/p>\n\n\n\n<p>El funcionario conden\u00f3 la negativa a autorizar el ingreso de equipamiento especializado, instrumentos quir\u00fargicos avanzados, dispositivos ortop\u00e9dicos y medicamentos para enfermedades cr\u00f3nicas y cancerosas.<\/p>\n\n\n\n<p>\u201cRecientemente hemos sido testigos de una paralizaci\u00f3n total o parcial de las operaciones quir\u00fargicas en varios hospitales debido al agotamiento de insumos b\u00e1sicos e instrumental quir\u00fargico\u201d, apunt\u00f3.<\/p>\n\n\n\n<p>Por su parte, el Ministerio de Salud en el territorio acus\u00f3 al vecino pa\u00eds de librar una guerra de exterminio.<\/p>\n\n\n\n<p>Este nuevo crimen pone en grave peligro la vida de decenas de miles de personas enfermas y heridas, advirti\u00f3 Alaa Halas, director del Departamento de Atenci\u00f3n y Farmacia de esa la cartera.<\/p>\n\n\n\n<p>Unas 10 mil operaciones quir\u00fargicas est\u00e1n amenazadas de ser detenidas por las consecuencias de la escasez de suministros y medicamentos necesarios para realizarlas, se\u00f1al\u00f3.<\/p>\n\n\n\n<p>jcm\/rob<\/p>\n\n\n\n<ul class=\"wp-block-list\">\n<li>#<a href=\"https:\/\/www.prensa-latina.cu\/etiqueta\/gaza\/\">gaza<\/a>&nbsp;#<a href=\"https:\/\/www.prensa-latina.cu\/etiqueta\/israel\/\">Israel<\/a>&nbsp;#<a href=\"https:\/\/www.prensa-latina.cu\/etiqueta\/ong\/\">ONG<\/a>&nbsp;#<a href=\"https:\/\/www.prensa-latina.cu\/etiqueta\/palestina\/\">PALESTINA<\/a>&nbsp;#<a href=\"https:\/\/www.prensa-latina.cu\/etiqueta\/salud\/\">salud<\/a><\/li>\n<\/ul>\n","protected":false},"excerpt":{"rendered":"<p>Ramala, 25 dic (Prensa Latina) Un mill\u00f3n y medio de ciudadanos perdieron sus hogares como resultado de la continua agresi\u00f3n israel\u00ed contra Gaza, lo cual exacerb\u00f3 la crisis humanitaria y provoc\u00f3 un masivo desplazamiento interno, advirti\u00f3 hoy la Red de ONG palestinas. Amjad Al-Shawa, director de la organizaci\u00f3n en el enclave costero, alert\u00f3 que cientos [&hellip;]<\/p>\n","protected":false},"author":2,"featured_media":656682,"comment_status":"closed","ping_status":"closed","sticky":false,"template":"","format":"standard","meta":{"footnotes":""},"categories":[23],"tags":[903,2909,3556],"class_list":["post-656680","post","type-post","status-publish","format-standard","has-post-thumbnail","hentry","category-internacional","tag-gaza","tag-israel","tag-prensa-latina"],"_links":{"self":[{"href":"https:\/\/diariodominicano.com\/index.php?rest_route=\/wp\/v2\/posts\/656680","targetHints":{"allow":["GET"]}}],"collection":[{"href":"https:\/\/diariodominicano.com\/index.php?rest_route=\/wp\/v2\/posts"}],"about":[{"href":"https:\/\/diariodominicano.com\/index.php?rest_route=\/wp\/v2\/types\/post"}],"author":[{"embeddable":true,"href":"https:\/\/diariodominicano.com\/index.php?rest_route=\/wp\/v2\/users\/2"}],"replies":[{"embeddable":true,"href":"https:\/\/diariodominicano.com\/index.php?rest_route=%2Fwp%2Fv2%2Fcomments&post=656680"}],"version-history":[{"count":3,"href":"https:\/\/diariodominicano.com\/index.php?rest_route=\/wp\/v2\/posts\/656680\/revisions"}],"predecessor-version":[{"id":656767,"href":"https:\/\/diariodominicano.com\/index.php?rest_route=\/wp\/v2\/posts\/656680\/revisions\/656767"}],"wp:featuredmedia":[{"embeddable":true,"href":"https:\/\/diariodominicano.com\/index.php?rest_route=\/wp\/v2\/media\/656682"}],"wp:attachment":[{"href":"https:\/\/diariodominicano.com\/index.php?rest_route=%2Fwp%2Fv2%2Fmedia&parent=656680"}],"wp:term":[{"taxonomy":"category","embeddable":true,"href":"https:\/\/diariodominicano.com\/index.php?rest_route=%2Fwp%2Fv2%2Fcategories&post=656680"},{"taxonomy":"post_tag","embeddable":true,"href":"https:\/\/diariodominicano.com\/index.php?rest_route=%2Fwp%2Fv2%2Ftags&post=656680"}],"curies":[{"name":"wp","href":"https:\/\/api.w.org\/{rel}","templated":true}]}}