{"id":65661,"date":"2012-05-16T19:33:10","date_gmt":"2012-05-16T19:33:10","guid":{"rendered":"http:\/\/diariodominicano.ddns.net\/?p=65661"},"modified":"2012-05-16T19:33:10","modified_gmt":"2012-05-16T19:33:10","slug":"bailarina-cubanoamericana-nueva-directora-del-mcb","status":"publish","type":"post","link":"https:\/\/diariodominicano.com\/?p=65661","title":{"rendered":"Bailarina cubanoamericana nueva directora del MCB"},"content":{"rendered":"<p><body><\/p>\n<p>Nueva York. 16 mayo (3:32 pm)._La cubanoamericana Lourdes L\u00f3pez, de 54 a\u00f1os, ex bailarina principal del New York City Ballet, triunf\u00f3 sobre unos 35 candidatos, y la otra finalista, Jennifer Kronenberg, en la b\u00fasqueda para directora art\u00edstica del Miami City Ballet.<\/p>\n<\/p>\n<p>L\u00f3pez, nacida en Cuba y educada en Miami y en la actualidad directora de la compa\u00f1\u00eda Morphoses Dance en Nueva York, sustituir\u00e1 a Edward Villella, creador y director art\u00edstico del MCB, en mayo de 2013.<\/p>\n<\/p>\n<p>\u00abEstoy tan emocionada, porque vamos a tener a una muchacha de Miami, que fue protegida de George Balanchine [en el NYCB], y que se conoce ese repertorio de adelante para atr\u00e1s, y el de muchos core\u00f3grafos importantes\u00bb, dijo la fundadora del MCB, Toby Lerner Ansin, una de las fideicomisarias de la compa\u00f1\u00eda. Su experiencia con Balanchine es vital, ya que el MCB se inclin\u00f3 por ese repertorio durante m\u00e1s de 25 a\u00f1os bajo la gu\u00eda de Villella, quien fue el bailar\u00edn estrella del NYCB.<\/p>\n<\/p>\n<p>\u00abY ella es perfecta para este momento y esta comunidad, que ser\u00e1 cada vez m\u00e1s hispana\u00bb, acot\u00f3 Ansin.<\/p>\n<\/p>\n<p>Ella no s\u00f3lo fue entrenada por Balanchine en el NYCB desde 1974 cuando comenz\u00f3 all\u00ed, y hasta 1983, en que \u00e9l falleci\u00f3, sino que despu\u00e9s de jubilarse como bailarina fue elegida como directora ejecutiva del George Balanchine Foundation en el 2002. En esta posici\u00f3n supervis\u00f3 las celebraciones del Centenario de Balanchine en el 2004.<\/p>\n<\/p>\n<p>Adem\u00e1s de su experiencia, L\u00f3pez es parte de la colonia de exiliados cubanos en Miami, por lo que ahora regresa al lugar de su ni\u00f1ez. \u00abNac\u00ed en La Habana y me trajeron de nueve meses\u00bb, dijo ayer L\u00f3pez, desde Nueva York, en perfecto espa\u00f1ol. \u00abMi padre ?pipo?, F\u00e9lix L\u00f3pez, era militar del ej\u00e9rcito de Batista; se escap\u00f3 en abril de 1959, porque estaba en una lista [para fusilamientos], con un pasaporte falso. Mi mam\u00e1, ?mima?, Marta Dulzaides, vino dos meses despu\u00e9s, con visa de turista, y las tres hijas, Barbarita, Teresita y yo, salimos meses m\u00e1s tarde, en agosto, con mi abuela\u00bb.<\/p>\n<\/p>\n<p>L\u00f3pez estudi\u00f3 ballet en Miami desde los cinco a\u00f1os. A los 10, recibi\u00f3 una beca para continuar su preparaci\u00f3n en Nueva York, y a los 16 comenz\u00f3 su carrera.<\/p>\n<\/p>\n<p>Volvi\u00f3 a Cuba por primera vez en 1997, a los 39 a\u00f1os, cuando era reportera cultural para el canal WNBC. \u00abPero antes le ped\u00ed permiso a mis padres\u00bb, asever\u00f3. All\u00ed entrevist\u00f3 a Alicia Alonso, y \u00e9sta la invit\u00f3 a bailar una pieza en La Habana ocho meses m\u00e1s tarde. Al ver las carencias de materiales b\u00e1sicos que ten\u00edan los bailarines del Ballet Nacional de Cuba para desarrollar su arte, se inspir\u00f3 para fundar el Cuban Artists Fund, una organizaci\u00f3n sin fines de lucro para ayudar a cubanos de la isla y del exilio en todas las artes. La acompa\u00f1a en este proyecto Ben Rodr\u00edguez Cube\u00f1as, director del programa cubanoamericano del Rockefeller Brothers Fund.<\/p>\n<\/p>\n<p>Sobre estos eventos, la Chairman de la Junta de Gobernadores del MCB, Ana Codina, afirm\u00f3: \u00abComo hija de exiliados cubanos ?mi padre [Armando Codina] fue Pedro Pan? yo no hubiese apoyado a una candidata que fuese progobierno de Fidel Castro, estoy muy clara de que le tiene mucho cari\u00f1o al pueblo cubano, y que ha hecho intercambios culturales, pero claramente es una persona antiCastro, y eso es lo importante\u00bb.<\/p>\n<\/p>\n<p>\u00abMi informaci\u00f3n es que todos los viajes que hizo eran legales, eran culturales\u00bb, sigui\u00f3 diciendo Codina, \u00abestar con el pueblo es una cosa y con el gobierno es otra, la gente tiene que ver la diferencia\u00bb. Como Ansin, Codina se emociona, porque la candidata ha bailado directamente con Balanchine, y \u00abpodr\u00e1 seguir lo que Edward ha empezado en esta comunidad, en la tradici\u00f3n de nosotros\u00bb. La calific\u00f3 de \u00abse\u00f1ora muy pulida, con mucha gracia y muy inteligente\u00bb.<\/p>\n<\/p>\n<p>\u00abLa verdad que es encantadora, tiene la presencia y la experiencia para esa posici\u00f3n\u00bb, agreg\u00f3 Codina.<\/p>\n<\/p>\n<p>Adem\u00e1s, habla muy bien el espa\u00f1ol y el ingl\u00e9s. \u00abPero encima de que es tan calificada, da la casualidad de que es cubanoamericana; para Miami ella es un gran beneficio\u00bb, apunt\u00f3 Codina.<\/p>\n<\/p>\n<p>La visi\u00f3n de L\u00f3pez para el MCB coordinar\u00e1 muy bien con lo que aparentemente desean los bailarines de la compa\u00f1\u00eda. \u00abQue tenga lo que debe tener una gran compa\u00f1\u00eda de ballet: unos bailarines que se sientan retados y enriquecidos como artistas, atendidos como seres humanos y bailando nuevos ballets como el de Liam [Scarlett]\u00bb, precis\u00f3 la futura directora refiri\u00e9ndose al joven core\u00f3grafo ingl\u00e9s que cre\u00f3 el ballet V\u00edscera para el MCB.<\/p>\n<\/p>\n<p>\u00abEs importante que la compa\u00f1\u00eda siga con su programaci\u00f3n, con los mejores cl\u00e1sicos, los modernos y los contempor\u00e1neos. Y que adem\u00e1s baile en Suram\u00e9rica y haga temporadas anuales en Nueva York\u00bb,JB<\/p>\n<h6> 2012-05-16 19:33:10 <\/h6>\n<p><!--\n<link rel=\"stylesheet\" href=\"css\/bootstrap.min.css\">\n\n\n<ul class=\"pagination\">\n\t    \n\t\n\n<li >\n\t<a href='?page_no=17338'>Previous<\/a>\n\t<\/li>\n\n\n       \n    \n\n<li><a href='?page_no=1'>1<\/a><\/li>\n\n\n\n<li><a href='?page_no=2'>2<\/a><\/li>\n\n\n\n<li><a>...<\/a><\/li>\n\n\n\n<li><a href='?page_no=17337'>17337<\/a><\/li>\n\n\n\n<li><a href='?page_no=17338'>17338<\/a><\/li>\n\n\n\n<li class='active'><a>17339<\/a><\/li>\n\n\n\n<li><a href='?page_no=17340'>17340<\/a><\/li>\n\n\n\n<li><a href='?page_no=17341'>17341<\/a><\/li>\n\n\n\n<li><a>...<\/a><\/li>\n\n\n\n<li><a href='?page_no=22911'>22911<\/a><\/li>\n\n\n\n<li><a href='?page_no=22912'>22912<\/a><\/li>\n\n    \n\t\n\n<li >\n\t<a href='?page_no=17340'>Next<\/a>\n\t<\/li>\n\n\n    \n\n<li><a href='?page_no=22912'>Last &rsaquo;&rsaquo;<\/a><\/li>\n\n<\/ul>\n\n\n--><br \/>\n<\/body><\/p>\n","protected":false},"excerpt":{"rendered":"<p>Nueva York. 16 mayo (3:32 pm)._La cubanoamericana Lourdes L\u00f3pez, de 54 a\u00f1os, ex bailarina principal del New York City Ballet, triunf\u00f3 sobre unos 35 candidatos, y la otra finalista, Jennifer Kronenberg, en la b\u00fasqueda para directora art\u00edstica del Miami City Ballet. L\u00f3pez, nacida en Cuba y educada en Miami y en la actualidad directora de [&hellip;]<\/p>\n","protected":false},"author":3,"featured_media":0,"comment_status":"open","ping_status":"open","sticky":false,"template":"","format":"standard","meta":{"footnotes":""},"categories":[21],"tags":[],"class_list":["post-65661","post","type-post","status-publish","format-standard","hentry","category-cultura"],"_links":{"self":[{"href":"https:\/\/diariodominicano.com\/index.php?rest_route=\/wp\/v2\/posts\/65661","targetHints":{"allow":["GET"]}}],"collection":[{"href":"https:\/\/diariodominicano.com\/index.php?rest_route=\/wp\/v2\/posts"}],"about":[{"href":"https:\/\/diariodominicano.com\/index.php?rest_route=\/wp\/v2\/types\/post"}],"author":[{"embeddable":true,"href":"https:\/\/diariodominicano.com\/index.php?rest_route=\/wp\/v2\/users\/3"}],"replies":[{"embeddable":true,"href":"https:\/\/diariodominicano.com\/index.php?rest_route=%2Fwp%2Fv2%2Fcomments&post=65661"}],"version-history":[{"count":0,"href":"https:\/\/diariodominicano.com\/index.php?rest_route=\/wp\/v2\/posts\/65661\/revisions"}],"wp:attachment":[{"href":"https:\/\/diariodominicano.com\/index.php?rest_route=%2Fwp%2Fv2%2Fmedia&parent=65661"}],"wp:term":[{"taxonomy":"category","embeddable":true,"href":"https:\/\/diariodominicano.com\/index.php?rest_route=%2Fwp%2Fv2%2Fcategories&post=65661"},{"taxonomy":"post_tag","embeddable":true,"href":"https:\/\/diariodominicano.com\/index.php?rest_route=%2Fwp%2Fv2%2Ftags&post=65661"}],"curies":[{"name":"wp","href":"https:\/\/api.w.org\/{rel}","templated":true}]}}