{"id":656590,"date":"2025-12-24T02:40:56","date_gmt":"2025-12-24T06:40:56","guid":{"rendered":"https:\/\/diariodominicano.com\/?p=656590"},"modified":"2025-12-24T02:42:10","modified_gmt":"2025-12-24T06:42:10","slug":"sns-informa-hospitales-estan-preparados-para-asistir-posibles-emergencias-durante-festividades","status":"publish","type":"post","link":"https:\/\/diariodominicano.com\/?p=656590","title":{"rendered":"Servicio Nacional de Salud informa hospitales est\u00e1n preparados para asistir posibles emergencias durante festividades"},"content":{"rendered":"\n<h3 class=\"wp-block-heading\">23 de Diciembre 2025 |<\/h3>\n\n\n\n<p>Santo Domingo, RD.\u2013 El director del Servicio Nacional de Salud (<strong>SNS),<\/strong>\u00a0doctor\u00a0<strong>Mario Lama,<\/strong>\u00a0inform\u00f3 que los\u00a0<strong>centros de la Red P\u00fablica de Servicios de Salud<\/strong>\u00a0est\u00e1n\u00a0<strong>preparados<\/strong>\u00a0para garantizar la\u00a0<strong>atenci\u00f3n m\u00e9dica oportuna y continua\u00a0<\/strong>a la poblaci\u00f3n durante el operativo de\u00a0<strong>Nochebuena y Navidad 2025 \u201cConciencia por la Vida\u201d.<\/strong><\/p>\n\n\n\n<p>El doctor Mario Lama dispuso una serie de medidas dirigidas a fortalecer la&nbsp;<strong>capacidad de respuesta<\/strong>&nbsp;de los establecimientos de salud ante el&nbsp;<strong>incremento de demandas asistenciales&nbsp;<\/strong>que suelen presentarse durante las festividades. El operativo&nbsp;<strong>inicia este martes 23 de diciembre de 2025 a las 2:00 de la tarde.&nbsp;<\/strong><\/p>\n\n\n\n<p>Entre las disposiciones, se instruy\u00f3 a las direcciones regionales y hospitalarias a organizar el personal de manera que&nbsp;<strong>los servicios de emergencias permanezcan cubiertos las 24 horas del d\u00eda,<\/strong>&nbsp; activar los planes y comit\u00e9s de&nbsp;<strong>Emergencias y Desastres<\/strong>, el plan de alta demanda asistencial y el plan de respuesta ante&nbsp;<strong>intoxicaci\u00f3n por metanol<\/strong>.<\/p>\n\n\n\n<p><strong>Yocasta Lara<\/strong>, directora de Centros Hospitalarios del SNS, expres\u00f3 que se estableci\u00f3 el fortalecimiento de las acciones de prevenci\u00f3n y preparaci\u00f3n sanitaria, la instalaci\u00f3n de salas de situaci\u00f3n en los Servicios Regionales de Salud y la garant\u00eda de&nbsp;<strong>asistencia de emergencia m\u00e9dica adecuada y oportuna&nbsp;<\/strong>en todo el territorio nacional.<\/p>\n\n\n\n<p>Tambi\u00e9n se dispuso reforzar&nbsp;<strong>la notificaci\u00f3n y vigilancia epidemiol\u00f3gica<\/strong>&nbsp;mediante la plataforma&nbsp;<strong>Sitrep<\/strong>, con el reporte oportuno de variables como intoxicaciones alcoh\u00f3licas en adultos y menores, intoxicaciones alimentarias, accidentes de tr\u00e1nsito y muertes asociadas a estas causas, a fin de facilitar la evaluaci\u00f3n de la situaci\u00f3n y la toma de decisiones.<\/p>\n\n\n\n<figure class=\"wp-block-image\"><img decoding=\"async\" src=\"https:\/\/presidencia.gob.do\/sites\/default\/files\/inline-images\/1000275545.jpg\" alt=\"\"\/><\/figure>\n\n\n\n<p>De igual forma, Lara explic\u00f3 que se instruy\u00f3 a las direcciones hospitalarias a asegurar la&nbsp;<strong>disponibilidad de medicamentos e insumos, abastecimiento de agua y combustible,<\/strong>&nbsp;correcto funcionamiento de las&nbsp;<strong>plantas el\u00e9ctricas<\/strong>,&nbsp;<strong>seguridad<\/strong>&nbsp;permanente en las \u00e1reas de emergencias y la adecuada&nbsp;<strong>limpieza<\/strong>&nbsp;de los espacios de atenci\u00f3n.<\/p>\n\n\n\n<p>La directora de Hospitales del SNS reiter\u00f3 que todos los servicios de urgencias y emergencias estar\u00e1n&nbsp;<strong>disponibles las 24 horas del d\u00eda durante el per\u00edodo del operativo.&nbsp;<\/strong>Igualmente, exhort\u00f3 a la poblaci\u00f3n a hacer un&nbsp;<strong>uso responsable de estos servicios<\/strong>, contribuyendo as\u00ed a una respuesta m\u00e1s eficiente del sistema de salud durante las festividades.<\/p>\n\n\n\n<p>Finalmente, al desear una feliz<strong>\u00a0Navidad a toda la poblaci\u00f3n<\/strong>, el titular del SNS hizo un llamado a disfrutar las fiestas en\u00a0<strong>armon\u00eda<\/strong>\u00a0junto a familiares y seres queridos, ser\u00a0<strong>prudentes con la ingesta de alimentos y bebidas<\/strong>\u00a0y, especialmente, a no\u00a0<strong>conducir bajo los efectos del alcohol,<\/strong>\u00a0respetando las leyes de tr\u00e1nsito.<\/p>\n\n\n\n<p>Con informaci\u00f3n de la Presidencia de la Rep\u00fablica.<\/p>\n","protected":false},"excerpt":{"rendered":"<p>23 de Diciembre 2025 | Santo Domingo, RD.\u2013 El director del Servicio Nacional de Salud (SNS),\u00a0doctor\u00a0Mario Lama,\u00a0inform\u00f3 que los\u00a0centros de la Red P\u00fablica de Servicios de Salud\u00a0est\u00e1n\u00a0preparados\u00a0para garantizar la\u00a0atenci\u00f3n m\u00e9dica oportuna y continua\u00a0a la poblaci\u00f3n durante el operativo de\u00a0Nochebuena y Navidad 2025 \u201cConciencia por la Vida\u201d. El doctor Mario Lama dispuso una serie de medidas [&hellip;]<\/p>\n","protected":false},"author":2,"featured_media":656597,"comment_status":"closed","ping_status":"closed","sticky":true,"template":"","format":"standard","meta":{"footnotes":""},"categories":[20,27],"tags":[],"class_list":["post-656590","post","type-post","status-publish","format-standard","has-post-thumbnail","hentry","category-dominicana-hoy","category-portada"],"_links":{"self":[{"href":"https:\/\/diariodominicano.com\/index.php?rest_route=\/wp\/v2\/posts\/656590","targetHints":{"allow":["GET"]}}],"collection":[{"href":"https:\/\/diariodominicano.com\/index.php?rest_route=\/wp\/v2\/posts"}],"about":[{"href":"https:\/\/diariodominicano.com\/index.php?rest_route=\/wp\/v2\/types\/post"}],"author":[{"embeddable":true,"href":"https:\/\/diariodominicano.com\/index.php?rest_route=\/wp\/v2\/users\/2"}],"replies":[{"embeddable":true,"href":"https:\/\/diariodominicano.com\/index.php?rest_route=%2Fwp%2Fv2%2Fcomments&post=656590"}],"version-history":[{"count":2,"href":"https:\/\/diariodominicano.com\/index.php?rest_route=\/wp\/v2\/posts\/656590\/revisions"}],"predecessor-version":[{"id":656613,"href":"https:\/\/diariodominicano.com\/index.php?rest_route=\/wp\/v2\/posts\/656590\/revisions\/656613"}],"wp:featuredmedia":[{"embeddable":true,"href":"https:\/\/diariodominicano.com\/index.php?rest_route=\/wp\/v2\/media\/656597"}],"wp:attachment":[{"href":"https:\/\/diariodominicano.com\/index.php?rest_route=%2Fwp%2Fv2%2Fmedia&parent=656590"}],"wp:term":[{"taxonomy":"category","embeddable":true,"href":"https:\/\/diariodominicano.com\/index.php?rest_route=%2Fwp%2Fv2%2Fcategories&post=656590"},{"taxonomy":"post_tag","embeddable":true,"href":"https:\/\/diariodominicano.com\/index.php?rest_route=%2Fwp%2Fv2%2Ftags&post=656590"}],"curies":[{"name":"wp","href":"https:\/\/api.w.org\/{rel}","templated":true}]}}