{"id":65659,"date":"2012-05-17T16:50:10","date_gmt":"2012-05-17T16:50:10","guid":{"rendered":"http:\/\/diariodominicano.ddns.net\/?p=65659"},"modified":"2012-05-17T16:50:10","modified_gmt":"2012-05-17T16:50:10","slug":"artista-plastico-portugues-honra-a-cuba-a-traves-del-colibri","status":"publish","type":"post","link":"https:\/\/diariodominicano.com\/?p=65659","title":{"rendered":"Artista pl\u00e1stico portugu\u00e9s honra a Cuba a trav\u00e9s del Colibr\u00ed"},"content":{"rendered":"<p><body><\/p>\n<p><img decoding=\"async\" src=\"img3\/cult bienal colibri.jpg\" \/>  <\/p>\n<p>Por Nubia Piqueras Grosso<\/p>\n<\/p>\n<p>La Habana, 17 may (PL), 12:49 pm.-  Seis esculturas elaboradas a partir de cemento y polvo de piedra, y 14 obras pict\u00f3ricas entre dibujos y dise\u00f1os, integran la exposici\u00f3n Formas de Colibr\u00ed, del artista portugu\u00e9s Pedro Figueiredo, presente en la Bienal habanera. <\/p>\n<\/p>\n<p>Inaugurada en el capitalino Museo Nacional de Artes Decorativas, la muestra constituye una forma de honrar al pueblo cubano, en tanto el Colibr\u00ed es una referencia po\u00e9tica a una de las expresiones m\u00e1s emblem\u00e1ticas y simb\u00f3licas de la isla.<\/p>\n<\/p>\n<p>En declaraciones a Prensa Latina, la curadora por la parte cubana, Lisandra Quintana, apunt\u00f3 que la idea de mostrar la obra de este joven creador surgi\u00f3 de manera casual durante una conversaci\u00f3n que sostuvo con su representante, el galerista Jos\u00e9 Sacramento, en Portugal.<\/p>\n<\/p>\n<p>En aquella oportunidad, precis\u00f3, me llam\u00f3 mucho la atenci\u00f3n el estilo de sus esculturas, cuyas dimensiones encajan perfectamente en los espaciosos salones de este museo, por ello le propusimos exponer aqu\u00ed.<\/p>\n<\/p>\n<p>De visita por primera vez en Cuba, Figueiredo pertenece a una generaci\u00f3n de artistas contempor\u00e1neos que ha roto con los c\u00e1nones tradicionales del arte para desarrollar un estilo, descrito por los cr\u00edticos como una forma innovadora de acercarse a la nueva figuraci\u00f3n surrealista.<\/p>\n<\/p>\n<p>Polifac\u00e9tico en su quehacer, en tanto ha trabajado todas las aristas de las artes visuales, las piezas que exhibe en la XI Bienal de La Habana fueron realizadas \u00edntegramente en la isla en colaboraci\u00f3n con los estudiantes de la Academia de San Alejandro -particularmente los de escultura-, ubicada al oeste de la capital cubana.<\/p>\n<\/p>\n<p>Con esta acci\u00f3n, calificada por Figueiredo de grata al igual que su estancia en la naci\u00f3n caribe\u00f1a, se pretende establecer una plataforma para el intercambio cultural entre esta instituci\u00f3n docente y la Escuela de Artes Pl\u00e1sticas en la Universidad de Arte de Coimbra, en Portugal, donde se gradu\u00f3 y actualmente trabaja como profesor.<\/p>\n<\/p>\n<p>Tambi\u00e9n trascendi\u00f3 que las obras realizadas en Cuba ser\u00e1n donadas al gobierno de la isla como agradecimiento al apoyo brindado por sus autoridades, y por el privilegio que representa para \u00e9l mostrar su arte aqu\u00ed, dijo.<\/p>\n<\/p>\n<p>Las piezas formar\u00e1n parte de colecciones institucionales del pa\u00eds antillano.<\/p>\n<\/p>\n<p>En la \u00faltima d\u00e9cada, Figueiredo ha expuesto en m\u00e1s de 60 muestras individuales y colectivas, entre las que sobresalen L\u00cdMITES DE LA DES-figuraci\u00f3n, con una positiva cr\u00edtica de especialistas y coleccionistas de arte.<\/p>\n<\/p>\n<p>Tras su presentaci\u00f3n en Cuba, el joven pintor y escultor expondr\u00e1 algunos de sus trabajos en una galer\u00eda de Madrid, Espa\u00f1a, y en edificios p\u00fablicos en construcci\u00f3n en Angola y Mozambique.<\/p>\n<h6> 2012-05-17 16:50:10 <\/h6>\n<p><!--\n<link rel=\"stylesheet\" href=\"css\/bootstrap.min.css\">\n\n\n<ul class=\"pagination\">\n\t    \n\t\n\n<li >\n\t<a href='?page_no=17336'>Previous<\/a>\n\t<\/li>\n\n\n       \n    \n\n<li><a href='?page_no=1'>1<\/a><\/li>\n\n\n\n<li><a href='?page_no=2'>2<\/a><\/li>\n\n\n\n<li><a>...<\/a><\/li>\n\n\n\n<li><a href='?page_no=17335'>17335<\/a><\/li>\n\n\n\n<li><a href='?page_no=17336'>17336<\/a><\/li>\n\n\n\n<li class='active'><a>17337<\/a><\/li>\n\n\n\n<li><a href='?page_no=17338'>17338<\/a><\/li>\n\n\n\n<li><a href='?page_no=17339'>17339<\/a><\/li>\n\n\n\n<li><a>...<\/a><\/li>\n\n\n\n<li><a href='?page_no=22911'>22911<\/a><\/li>\n\n\n\n<li><a href='?page_no=22912'>22912<\/a><\/li>\n\n    \n\t\n\n<li >\n\t<a href='?page_no=17338'>Next<\/a>\n\t<\/li>\n\n\n    \n\n<li><a href='?page_no=22912'>Last &rsaquo;&rsaquo;<\/a><\/li>\n\n<\/ul>\n\n\n--><br \/>\n<\/body><\/p>\n","protected":false},"excerpt":{"rendered":"<p>Por Nubia Piqueras Grosso La Habana, 17 may (PL), 12:49 pm.- Seis esculturas elaboradas a partir de cemento y polvo de piedra, y 14 obras pict\u00f3ricas entre dibujos y dise\u00f1os, integran la exposici\u00f3n Formas de Colibr\u00ed, del artista portugu\u00e9s Pedro Figueiredo, presente en la Bienal habanera. Inaugurada en el capitalino Museo Nacional de Artes Decorativas, [&hellip;]<\/p>\n","protected":false},"author":3,"featured_media":0,"comment_status":"open","ping_status":"open","sticky":false,"template":"","format":"standard","meta":{"footnotes":""},"categories":[21],"tags":[],"class_list":["post-65659","post","type-post","status-publish","format-standard","hentry","category-cultura"],"_links":{"self":[{"href":"https:\/\/diariodominicano.com\/index.php?rest_route=\/wp\/v2\/posts\/65659","targetHints":{"allow":["GET"]}}],"collection":[{"href":"https:\/\/diariodominicano.com\/index.php?rest_route=\/wp\/v2\/posts"}],"about":[{"href":"https:\/\/diariodominicano.com\/index.php?rest_route=\/wp\/v2\/types\/post"}],"author":[{"embeddable":true,"href":"https:\/\/diariodominicano.com\/index.php?rest_route=\/wp\/v2\/users\/3"}],"replies":[{"embeddable":true,"href":"https:\/\/diariodominicano.com\/index.php?rest_route=%2Fwp%2Fv2%2Fcomments&post=65659"}],"version-history":[{"count":0,"href":"https:\/\/diariodominicano.com\/index.php?rest_route=\/wp\/v2\/posts\/65659\/revisions"}],"wp:attachment":[{"href":"https:\/\/diariodominicano.com\/index.php?rest_route=%2Fwp%2Fv2%2Fmedia&parent=65659"}],"wp:term":[{"taxonomy":"category","embeddable":true,"href":"https:\/\/diariodominicano.com\/index.php?rest_route=%2Fwp%2Fv2%2Fcategories&post=65659"},{"taxonomy":"post_tag","embeddable":true,"href":"https:\/\/diariodominicano.com\/index.php?rest_route=%2Fwp%2Fv2%2Ftags&post=65659"}],"curies":[{"name":"wp","href":"https:\/\/api.w.org\/{rel}","templated":true}]}}