{"id":656542,"date":"2025-12-24T01:32:45","date_gmt":"2025-12-24T05:32:45","guid":{"rendered":"https:\/\/diariodominicano.com\/?p=656542"},"modified":"2025-12-24T01:33:49","modified_gmt":"2025-12-24T05:33:49","slug":"juan-salas-director-de-la-defensa-civil-activo-operativo-nacional-desde-la-region-este-pide-prudencia-en-navidad","status":"publish","type":"post","link":"https:\/\/diariodominicano.com\/?p=656542","title":{"rendered":"Juan Salas, director de la Defensa Civil, activ\u00f3 operativo nacional desde la regi\u00f3n Este; pide prudencia en Navidad"},"content":{"rendered":"\n<p>La instituci\u00f3n es parte de las entidades que participan en el operativo \u201cConciencia por la Vida\u201d, Navidad y A\u00f1o Nuevo 2025-2026.<\/p>\n\n\n\n<p><strong><em>Martes 23 de diciembre de 2025<\/em><\/strong><\/p>\n\n\n\n<p><strong>Santo Domingo, RD,. &#8211;<\/strong>\u00a0Con la intenci\u00f3n de preservar las vidas de las miles de personas que se movilizar\u00e1n por las celebraciones de Navidad y A\u00f1o Nuevo, el director ejecutivo de la Defensa Civil, Juan Salas, orden\u00f3 el despliegue de un amplio operativo preventivo en carreteras, con la participaci\u00f3n de 8,178 miembros, entre voluntarios y empleados.<\/p>\n\n\n\n<p>El tambi\u00e9n presidente de la Comisi\u00f3n Nacional de Emergencias inici\u00f3 las labores de supervisi\u00f3n en la regi\u00f3n Este, espec\u00edficamente en la provincia La Romana, donde se reuni\u00f3 con la gobernadora de La Altagracia, la doctora Daysi D\u2019Oleo, quien estuvo en representaci\u00f3n de todas las representantes del Poder Ejecutivo en la zona.<\/p>\n\n\n\n<p>Hasta all\u00ed llegaron tambi\u00e9n el subdirector y encargado de Operaciones, Delf\u00edn Rodr\u00edguez, y los directores provinciales de la Defensa Civil en La Romana, San Pedro de Macor\u00eds, El Seibo y La Altagracia, a quienes Salas instruy\u00f3 a tomar todas las medidas de lugar para evitar la p\u00e9rdida de vidas.<\/p>\n\n\n\n<p><strong><em>Bandereos preventivos en la capital y otras provincias<\/em><\/strong><\/p>\n\n\n\n<p>La Defensa Civil inici\u00f3, adem\u00e1s, los bandereos preventivos en todas las provincias del pa\u00eds, partiendo desde la intersecci\u00f3n de las avenidas M\u00e1ximo G\u00f3mez y 27 de Febrero, donde un gran n\u00famero de voluntarios y empleados de la entidad, encabezados por los subdirectores Bernardo Rodr\u00edguez y Rub\u00e9n Frontal, llevaron mensajes preventivos y entregaron brochures informativos a la ciudadan\u00eda.<\/p>\n\n\n\n<p>Sobre esto, Juan Salas explic\u00f3 que el personal naranja est\u00e1 distribuido en 385 puestos de socorro, ubicados en puntos estrat\u00e9gicos de todas las provincias del pa\u00eds.<\/p>\n\n\n\n<p>\u201cTambi\u00e9n contamos con 123 m\u00e9dicos y param\u00e9dicos; brigadistas, especialistas en b\u00fasqueda y rescate y t\u00e9cnicos en extricaci\u00f3n vehicular, que est\u00e1n listos para servir en caso de un accidente de tr\u00e1nsito. Llamamos a la poblaci\u00f3n a ser prudente y a disfrutar de estas festividades con responsabilidad\u201d, dijo Salas.<\/p>\n\n\n\n<p>Resalt\u00f3 que la instituci\u00f3n dispone de 12 ambulancias dotadas de medicamentos, adem\u00e1s de los equipos necesarios para brindar una atenci\u00f3n oportuna a las personas que pudieran resultar afectadas en las v\u00edas.<\/p>\n\n\n\n<p>Para esos fines, dispuso la instalaci\u00f3n de dos puestos de atenci\u00f3n prehospitalaria: uno debajo del puente Juan Carlos (entre la Autopista Las Am\u00e9ricas y la avenida Charles de Gaulle) y otro en el kil\u00f3metro 87 \u00bd de la Autopista Duarte, provincia Monse\u00f1or Nouel.<\/p>\n\n\n\n<p>Destac\u00f3 que tambi\u00e9n se colocar\u00e1n, en puntos importantes previamente analizados, nueve unidades m\u00f3viles de rescate, equipadas con herramientas de extricaci\u00f3n vehicular para la liberaci\u00f3n de v\u00edctimas atrapadas en veh\u00edculos colisionados.<\/p>\n\n\n\n<p>Como parte de la primera fase del operativo, que inici\u00f3 este martes 23 de diciembre, voluntarios y empleados realizaron los tradicionales bandereos preventivos, acompa\u00f1ados de la entrega de brochures informativos que invitan a la poblaci\u00f3n a usar el cintur\u00f3n de seguridad; respetar a los peatones; cumplir los l\u00edmites de velocidad; obedecer las se\u00f1ales de tr\u00e1nsito; no ingerir bebidas alcoh\u00f3licas ni usar el tel\u00e9fono celular mientras se conduce. Indic\u00f3 que esta acci\u00f3n se repetir\u00e1 en la segunda fase por Fin de A\u00f1o y A\u00f1o Nuevo.<\/p>\n\n\n\n<p>El director envi\u00f3, adem\u00e1s, un mensaje de paz y amor al pueblo dominicano durante estas fiestas, indicando que su deseo es que la prudencia les permita disfrutar sin novedades, junto a familiares y amigos, de la \u00e9poca m\u00e1s bella del a\u00f1o.<\/p>\n\n\n\n<p>Defensa Civil Dominicana<\/p>\n\n\n\n<p><a target=\"_blank\" href=\"mailto:redesdefensacivil@gmail.com\" rel=\"noreferrer noopener\">redesdefensacivil@gmail.com<\/a><\/p>\n","protected":false},"excerpt":{"rendered":"<p>La instituci\u00f3n es parte de las entidades que participan en el operativo \u201cConciencia por la Vida\u201d, Navidad y A\u00f1o Nuevo 2025-2026. Martes 23 de diciembre de 2025 Santo Domingo, RD,. &#8211;\u00a0Con la intenci\u00f3n de preservar las vidas de las miles de personas que se movilizar\u00e1n por las celebraciones de Navidad y A\u00f1o Nuevo, el director [&hellip;]<\/p>\n","protected":false},"author":2,"featured_media":656543,"comment_status":"closed","ping_status":"closed","sticky":true,"template":"","format":"standard","meta":{"footnotes":""},"categories":[20],"tags":[],"class_list":["post-656542","post","type-post","status-publish","format-standard","has-post-thumbnail","hentry","category-dominicana-hoy"],"_links":{"self":[{"href":"https:\/\/diariodominicano.com\/index.php?rest_route=\/wp\/v2\/posts\/656542","targetHints":{"allow":["GET"]}}],"collection":[{"href":"https:\/\/diariodominicano.com\/index.php?rest_route=\/wp\/v2\/posts"}],"about":[{"href":"https:\/\/diariodominicano.com\/index.php?rest_route=\/wp\/v2\/types\/post"}],"author":[{"embeddable":true,"href":"https:\/\/diariodominicano.com\/index.php?rest_route=\/wp\/v2\/users\/2"}],"replies":[{"embeddable":true,"href":"https:\/\/diariodominicano.com\/index.php?rest_route=%2Fwp%2Fv2%2Fcomments&post=656542"}],"version-history":[{"count":2,"href":"https:\/\/diariodominicano.com\/index.php?rest_route=\/wp\/v2\/posts\/656542\/revisions"}],"predecessor-version":[{"id":656546,"href":"https:\/\/diariodominicano.com\/index.php?rest_route=\/wp\/v2\/posts\/656542\/revisions\/656546"}],"wp:featuredmedia":[{"embeddable":true,"href":"https:\/\/diariodominicano.com\/index.php?rest_route=\/wp\/v2\/media\/656543"}],"wp:attachment":[{"href":"https:\/\/diariodominicano.com\/index.php?rest_route=%2Fwp%2Fv2%2Fmedia&parent=656542"}],"wp:term":[{"taxonomy":"category","embeddable":true,"href":"https:\/\/diariodominicano.com\/index.php?rest_route=%2Fwp%2Fv2%2Fcategories&post=656542"},{"taxonomy":"post_tag","embeddable":true,"href":"https:\/\/diariodominicano.com\/index.php?rest_route=%2Fwp%2Fv2%2Ftags&post=656542"}],"curies":[{"name":"wp","href":"https:\/\/api.w.org\/{rel}","templated":true}]}}